{"id":218738,"date":"2025-11-04T21:48:11","date_gmt":"2025-11-04T21:48:11","guid":{"rendered":"https:\/\/www.europesays.com\/es\/218738\/"},"modified":"2025-11-04T21:48:11","modified_gmt":"2025-11-04T21:48:11","slug":"yo-no-adoctrino-no-me-interesa-y-mucho-menos-en-las-novelas","status":"publish","type":"post","link":"https:\/\/www.europesays.com\/es\/218738\/","title":{"rendered":"Yo no adoctrino, no me interesa, y mucho menos en las novelas"},"content":{"rendered":"<p class=\"article-text\">\n        Entre \u201cprevisibles\u201d y que le dan \u201ccompletamente igual\u201d. As\u00ed se ha tomado <a href=\"https:\/\/www.eldiario.es\/cultura\/juan-val-ganar-premio-planeta-escribe-gente-no-supuesta-elite-intelectual_1_12690054.html\" data-mrf-recirculation=\"links-noticia\" class=\"link\" rel=\"nofollow noopener\" target=\"_blank\">Juan del Val<\/a> las <a href=\"https:\/\/www.eldiario.es\/cultura\/libros\/ana-maria-matute-juan-val-viaje-premio-planeta-prestigio-negocio_129_12689006.html\" data-mrf-recirculation=\"links-noticia\" class=\"link\" rel=\"nofollow noopener\" target=\"_blank\">cr\u00edticas<\/a> de quienes han menospreciado el m\u00e9rito de haber ganado el Premio Planeta por el hecho de trabajar en <a href=\"https:\/\/www.eldiario.es\/vertele\/noticias\/atresmedia-ingresa-696-5-millones-gana-63-5-nueve-meses-2025_1_12710127.html\" data-mrf-recirculation=\"links-noticia\" class=\"link\" rel=\"nofollow noopener\" target=\"_blank\">Atresmedia<\/a>, que pertenece al mismo grupo que la editorial. El escritor y tertuliano de <a href=\"https:\/\/www.eldiario.es\/vertele\/noticias\/hormiguero-entrevistara-juan-val-invitado-frenar-arranque-gh-20-telecinco-antena-3_1_12731494.html\" data-mrf-recirculation=\"links-noticia\" class=\"link\" rel=\"nofollow noopener\" target=\"_blank\">El Hormiguero<\/a> se hizo con el galard\u00f3n, dotado de un mill\u00f3n de euros, por su novela Vera, una historia de amor, en la que cuenta la historia de una mujer de 45 que, tras divorciarse, inicia un camino de redescubrimiento de s\u00ed misma. El autor indica que le interesan \u201cmucho m\u00e1s\u201d los personajes femeninos, y que por eso los ha elegido, salvo en su libro autobiogr\u00e1fico, como protagonistas.\n    <\/p>\n<p>    <a href=\"https:\/\/www.eldiario.es\/cultura\/juan-val-ganar-premio-planeta-escribe-gente-no-supuesta-elite-intelectual_1_12690054.html\" data-mrf-recirculation=\"saber-mas\" data-dl-event=\"saber-mas\" rel=\"nofollow noopener\" target=\"_blank\"><\/p>\n<p class=\"know-more__title\">Juan del Val, tras su pol\u00e9mico premio Planeta: \u00abSe escribe para la gente, no para una supuesta \u00e9lite intelectual\u201d<\/p>\n<p>            <img decoding=\"async\" class=\"lazy\" loading=\"lazy\" data-src=\"https:\/\/static.eldiario.es\/clip\/fc588a3a-b3b2-4c4e-9341-112dbf01ada7_16-9-aspect-ratio_default_0.jpg\" src=\"data:image\/svg+xml,%3Csvg xmlns=\" http:=\"\" viewbox=\"0 0 880 495\" alt=\"Juan del Val, tras su pol\u00e9mico premio Planeta: &quot;Se escribe para la gente, no para una supuesta \u00e9lite intelectual\u201d\"\/><\/p>\n<p>                        <\/a><\/p>\n<p class=\"article-text\">\n        Del Val asegura que no entiende a quienes tienen \u201cproblemas\u201d para reconocerse como feministas, aunque critica que \u201cel enemigo del feminismo es el machismo, no el hombre\u201d; y que son \u201calgunas tendencias pol\u00edticas\u201d las que han cometido esta equivocaci\u00f3n.\n    <\/p>\n<p class=\"article-text\">\n        <strong>\u00bfPor qu\u00e9 quiso reivindicar en su discurso que la literatura tiene que ser algo popular?<\/strong>\n    <\/p>\n<p class=\"article-text\">\n        Yo no dije que la literatura tenga que ser popular. Hay novelas buenas y novelas malas, lo que yo reivindicaba es que me parece milagroso que el Premio Planeta, se d\u00e9 a quien se d\u00e9, cuando se d\u00e9, al d\u00eda siguiente sea la noticia con la que abren todos los peri\u00f3dicos de tirada nacional. Que la noticia sea un libro me parece precioso y lo quer\u00eda poner en valor. La otra cosa que dec\u00eda es que despreciar la literatura comercial por el hecho de ser comercial, me parece una barbaridad y un desconocimiento profund\u00edsimo de la historia de la literatura.\n    <\/p>\n<p class=\"article-text\">\n        La literatura comercial la hay buena y mala. Hay novelas comerciales que son muy malas, y novelas comerciales que son muy buenas. Y hay novelas que no ve nadie y no lee nadie, que son muy buenas; y que son muy malas tambi\u00e9n, quiz\u00e1s la inmensa mayor\u00eda. Esta es la diferencia que quise hacer, yo no estoy diciendo que la literatura comercial sea muy buena y sea la mejor, en absoluto, pero que no tiene que ser mala por el hecho de ser comercial. Esto fue lo que dije en mi discurso, luego ya cada uno decidi\u00f3 decir que \u201centonces, \u00bfla gente humilde no puede leer buena literatura?\u201d. Las gilipolleces que he escuchado son algo alucinante.\n    <\/p>\n<blockquote class=\"quote\">\n<p class=\"quote-text\">Despreciar la literatura comercial por el hecho de ser comercial es una barbaridad y un desconocimiento profund\u00edsimo de la historia de la literatura<\/p>\n<p>\n                        Juan del Val<br \/>\n                                        \u2014 Ganador del Premio Planeta\n                      <\/p>\n<\/blockquote>\n<p class=\"article-text\">\n        <strong>Teniendo en cuenta su exposici\u00f3n al trabajar en televisi\u00f3n, estar\u00e1 acostumbrado a que cada uno entienda lo que diga de una manera.<\/strong>\n    <\/p>\n<p class=\"article-text\">\n        Es porque interesa colocarte en un lugar, que a m\u00ed en absoluto me corresponde, pero a mucha gente le parece confortable ponerme en \u00e9l. Pero tambi\u00e9n te digo una cosa, a m\u00ed es que me da igual. Completamente igual.\n    <\/p>\n<p class=\"article-text\">\n        <strong>\u00bfQu\u00e9 es lo que le da igual?<\/strong>\n    <\/p>\n<p class=\"article-text\">\n        Donde me quieran colocar. Incluso las cr\u00edticas. Yo las cr\u00edticas las acepto, por supuesto, porque yo le puedo parecer un tipo maravilloso a un mont\u00f3n de gente, y un idiota a otra. Todo eso me parece fenomenal, que para eso salgo en la tele, y eso lo acepto sin ning\u00fan tipo de problema. S\u00ed me molesta bastante cuando se dicen cosas que yo no he dicho, para utilizarlas y seguirme colocando en el mismo lugar; o cuando los medios se hacen eco solamente de algunas cosas que digo, y no de otras. Todo eso evidentemente est\u00e1 dirigido, pero tambi\u00e9n te digo que lo analizo, lo miro con perspectiva y lo relativizo como hago con todo en mi vida.\n    <\/p>\n<p><img decoding=\"async\" style=\"border: 1px solid white; margin: 20px 20px 10px 0px; box-shadow: 5px 5px 10px 0px rgba(0,0,0,0.1);\" src=\"https:\/\/www.europesays.com\/es\/wp-content\/uploads\/2025\/11\/c4f7cd85-0fd3-4c69-bd2e-875c8bdddf76_source-aspect-ratio_default_0.jpg\" alt=\"\" width=\"158\" height=\"\" align=\"left\" data-title=\"\"\/><\/p>\n<p class=\"article-text\">\n        <strong>\u00bfC\u00f3mo ha llevado los comentarios que han podido desmerecer su premio por trabajar en Atresmedia, perteneciente al Grupo Planeta?<\/strong>\n    <\/p>\n<p class=\"article-text\">\n        Previsibles. Son tan previsibles\u2026 (r\u00ede). El Premio Planeta es un premio que se da a una novela, y se ha estado criticando durante veinte d\u00edas una novela que nadie ha le\u00eddo. A partir de ese momento, \u00bfqui\u00e9n lo ha criticado? Lo previsible. Gente para tener likes, para que se les haga &#8216;casito&#8217;, alguien que est\u00e1 completamente fuera, pero por meterse con alguien le dan seis o siete titulares. Pero creo que todo eso es ficci\u00f3n, en la calle no es as\u00ed. No va de eso.\n    <\/p>\n<p class=\"article-text\">\n        Creo que los medios de comunicaci\u00f3n deber\u00edan hacer una reflexi\u00f3n de lo enormemente alejados que est\u00e1n de la calle. Luego saldr\u00e1 la novela, y a partir de ah\u00ed, le gustar\u00e1 a unos y a otros no, como en todas las novelas de la historia de la literatura. No hay ninguna novela en la historia de la literatura que le haya gustado a todo el mundo. Ni ning\u00fan autor tampoco. Entonces, como no existe, a partir de ah\u00ed, forma parte del juego. El Premio Planeta no es un premio a una trayectoria literaria, ni a un autor, es el premio a una novela que la gente no ha le\u00eddo.\n    <\/p>\n<blockquote class=\"quote\">\n<p class=\"quote-text\">Los medios deber\u00edan reflexionar sobre lo alejados que est\u00e1n de la calle<\/p>\n<p>\n                        Juan del Val<br \/>\n                                        \u2014 Ganador del Premio Planeta 2025\n                      <\/p>\n<\/blockquote>\n<p class=\"article-text\">\n        <strong>La historia de la novela tiene un componente social, hay un personaje que habla desde el inicio de por trabajar en una inmobiliaria tiene que disimular su acento de Vallecas. Usted no estudi\u00f3 en la universidad, trabaj\u00f3 c\u00f3mo alba\u00f1il. En el libro parece que hay cierto sentimiento de verg\u00fcenza o incluso culpa, \u00bfes algo que usted ha sentido?<\/strong>\n    <\/p>\n<p class=\"article-text\">\n        En absoluto, yo jam\u00e1s he tenido ni verg\u00fcenza ni culpa. Evidentemente, el entorno y la biograf\u00eda, te marcan a ti, a m\u00ed y a todo el mundo. Eres el sitio donde naces, tu entorno, aparte de lo que lleves contigo, tu gen\u00e9tica. Pero no, yo jam\u00e1s me he avergonzado, nunca, del sitio donde he estado. En absoluto, todo lo contrario. Todas mis novelas son contempor\u00e1neas, hablo de la sociedad en la que estamos, evidentemente hay diferencias de clase y sociales, que yo ni siquiera juzgo.\n    <\/p>\n<p class=\"article-text\">\n        Como autor nunca juzgo a nadie, ni siquiera a los personajes, eso forma parte de la funci\u00f3n del lector, al que respeto mucho, respeto su inteligencia. Expongo que hay muchas diferencias de clase, que hoy en d\u00eda las oportunidades de un chaval de un barrio humilde de Madrid no son las mismas que las que tiene alguien de un barrio m\u00e1s privilegiado. Esto es as\u00ed, pero ni siquiera lo juzgo. Lo expongo en beneficio de un relato y, a partir de ah\u00ed, el lector hace con eso lo que quiere, pero yo no adoctrino, no me interesa, y mucho menos en las novelas. Para nada, ni siquiera lo juzgo.\n    <\/p>\n<p>            <img decoding=\"async\" class=\"lazy\" loading=\"lazy\" data-src=\"https:\/\/static.eldiario.es\/clip\/0d36ee47-5252-42da-93ef-36fcd13da213_16-9-discover-aspect-ratio_default_1128105.jpg\" src=\"data:image\/svg+xml,%3Csvg xmlns=\" http:=\"\" viewbox=\"0 0 5909 3324\" alt=\"Juan del Val, ganador del Premio Planeta por 'Vera, una historia de amor'\"\/><\/p>\n<p class=\"article-text\">\n        <strong>Su protagonista es una mujer que, tras separarse, podr\u00edamos decir que se descubre a s\u00ed misma, pero tiene que luchar contra muchos prejuicios, \u00bfsigue habiendo demasiados? Habla incluso de aprender a tocarse \u201csin culpa\u201d.<\/strong>\n    <\/p>\n<p class=\"article-text\">\n        S\u00ed, evolucionamos menos de lo que deber\u00edamos. En todas mis novelas las protagonistas son femeninas, salvo en Parece mentira, que era autobiogr\u00e1fica. Me interesan mucho m\u00e1s. Me siento muy c\u00f3modo ah\u00ed. Creo que falta mucho camino. Evidentemente, hemos mejorado mucho de lo que es mi generaci\u00f3n, yo soy del 70, en cuanto a la libertad de la mujer, el feminismo. Hemos evolucionado una barbaridad porque las cosas antes no eran as\u00ed, pero queda much\u00edsimo camino por andar.\n    <\/p>\n<p class=\"article-text\">\n        <strong>Usted es alguien que no ha tenido problema en decir que es feminista.<\/strong>\n    <\/p>\n<p class=\"article-text\">\n        Es que no entiendo c\u00f3mo se puede tener un problema para decir \u201cyo soy feminista\u201d.\n    <\/p>\n<p class=\"article-text\">\n        <strong>Hay gente que por desgracia s\u00ed que lo tiene.<\/strong>\n    <\/p>\n<p class=\"article-text\">\n        Yo no. Otra cosa es hablar de determinados aspectos que tienen que ver con la pol\u00edtica en el feminismo, que es eso es otra cosa. Pero desde luego, ser feminista me parece que es casi una obligaci\u00f3n.\n    <\/p>\n<p class=\"article-text\">\n        <strong>\u00bfA qu\u00e9 se refiere con la pol\u00edtica?<\/strong>\n    <\/p>\n<p class=\"article-text\">\n        Ha habido alguna tendencia pol\u00edtica en la que el feminismo se ha equivocado de enemigo, y eso, al final, ha perjudicado a una causa que probablemente sea la m\u00e1s importante del siglo XX y, por lo que habl\u00e1bamos de que nos queda mucho camino por andar, del siglo XXI. El enemigo del feminismo es el machismo, no es el hombre. Ha habido un malentendido que ha generado bastantes problemas desde la pol\u00edtica, porque yo creo que la calle casi siempre va por otro lado, que no tiene nada que ver.\n    <\/p>\n<blockquote class=\"quote\">\n<p class=\"quote-text\">El enemigo del feminismo es el machismo, no el hombre<\/p>\n<p>\n                        Juan del Val<br \/>\n                                        \u2014 Premio Planeta 2025\n                      <\/p>\n<\/blockquote>\n<p class=\"article-text\">\n        <strong>\u00bfQu\u00e9 va a hacer con el mill\u00f3n de euros?<\/strong>\n    <\/p>\n<p>    <a href=\"https:\/\/www.eldiario.es\/cultura\/musica\/michael-barenboim-violinista-genocidio-borrar-pasado-presente-futuro-palestinos_1_12735817.html\" data-mrf-recirculation=\"saber-mas-abajo\" data-dl-event=\"saber-mas-abajo\" rel=\"nofollow noopener\" target=\"_blank\"><\/p>\n<p class=\"know-more__title\">Michael Barenboim, violinista: \u201cEl genocidio es un intento de borrar el pasado, el presente y el futuro de los palestinos\u201d<\/p>\n<p>            <img decoding=\"async\" class=\"lazy\" loading=\"lazy\" data-src=\"https:\/\/static.eldiario.es\/clip\/ed2183c7-7803-4db0-8f0e-b859ec474e37_16-9-aspect-ratio_default_0_x1067y2423.jpg\" src=\"data:image\/svg+xml,%3Csvg xmlns=\" http:=\"\" viewbox=\"0 0 880 495\" alt=\"Michael Barenboim, violinista: \u201cEl genocidio es un intento de borrar el pasado, el presente y el futuro de los palestinos\u201d\"\/><\/p>\n<p>                        <\/a><\/p>\n<p class=\"article-text\">\n        Gast\u00e1rmelo. Ten la completa certeza de que me lo voy a gastar. \u00bfEn qu\u00e9? Ya veremos a ver. De momento, la mitad es para Hacienda. Todav\u00eda no me lo han ingresado, pero cuando me llegue, te digo.\n    <\/p>\n","protected":false},"excerpt":{"rendered":"Entre \u201cprevisibles\u201d y que le dan \u201ccompletamente igual\u201d. As\u00ed se ha tomado Juan del Val las cr\u00edticas de&hellip;\n","protected":false},"author":2,"featured_media":218739,"comment_status":"","ping_status":"","sticky":false,"template":"","format":"standard","meta":{"footnotes":""},"categories":[174],"tags":[45,58478,255,19912,146,147,25,24,256,16213,409,689,2879,5635,843,23,32693],"class_list":{"0":"post-218738","1":"post","2":"type-post","3":"status-publish","4":"format-standard","5":"has-post-thumbnail","7":"category-famosos","8":"tag-45","9":"tag-adoctrino","10":"tag-celebrities","11":"tag-del","12":"tag-entertainment","13":"tag-entretenimiento","14":"tag-es","15":"tag-espana","16":"tag-famosos","17":"tag-interesa","18":"tag-juan","19":"tag-no","20":"tag-novelas","21":"tag-planeta","22":"tag-premio","23":"tag-spain","24":"tag-val"},"share_on_mastodon":{"url":"https:\/\/pubeurope.com\/@es\/115493634451699680","error":""},"_links":{"self":[{"href":"https:\/\/www.europesays.com\/es\/wp-json\/wp\/v2\/posts\/218738","targetHints":{"allow":["GET"]}}],"collection":[{"href":"https:\/\/www.europesays.com\/es\/wp-json\/wp\/v2\/posts"}],"about":[{"href":"https:\/\/www.europesays.com\/es\/wp-json\/wp\/v2\/types\/post"}],"author":[{"embeddable":true,"href":"https:\/\/www.europesays.com\/es\/wp-json\/wp\/v2\/users\/2"}],"replies":[{"embeddable":true,"href":"https:\/\/www.europesays.com\/es\/wp-json\/wp\/v2\/comments?post=218738"}],"version-history":[{"count":0,"href":"https:\/\/www.europesays.com\/es\/wp-json\/wp\/v2\/posts\/218738\/revisions"}],"wp:featuredmedia":[{"embeddable":true,"href":"https:\/\/www.europesays.com\/es\/wp-json\/wp\/v2\/media\/218739"}],"wp:attachment":[{"href":"https:\/\/www.europesays.com\/es\/wp-json\/wp\/v2\/media?parent=218738"}],"wp:term":[{"taxonomy":"category","embeddable":true,"href":"https:\/\/www.europesays.com\/es\/wp-json\/wp\/v2\/categories?post=218738"},{"taxonomy":"post_tag","embeddable":true,"href":"https:\/\/www.europesays.com\/es\/wp-json\/wp\/v2\/tags?post=218738"}],"curies":[{"name":"wp","href":"https:\/\/api.w.org\/{rel}","templated":true}]}}