{"id":21881,"date":"2025-08-03T02:32:08","date_gmt":"2025-08-03T02:32:08","guid":{"rendered":"https:\/\/www.europesays.com\/es\/21881\/"},"modified":"2025-08-03T02:32:08","modified_gmt":"2025-08-03T02:32:08","slug":"trump-defiende-movilizar-submarinos-hacia-rusia-por-tension-con-medvedev","status":"publish","type":"post","link":"https:\/\/www.europesays.com\/es\/21881\/","title":{"rendered":"Trump defiende movilizar submarinos hacia Rusia por tensi\u00f3n con Medv\u00e9dev"},"content":{"rendered":"<p>Washington (EFE).- El presidente de Estados Unidos, Donald Trump, calific\u00f3 de \u201cbocazas\u201d al expresidente ruso y actual vicepresidente del Consejo de Seguridad de ese pa\u00eds, Dmitri Medv\u00e9dev, y justific\u00f3 la movilizaci\u00f3n de dos submarinos nucleares hacia Rusia como una medida para garantizar la seguridad nacional.<\/p>\n<p>\u00abUn expresidente de Rusia, Medv\u00e9dev, quien ahora est\u00e1 a cargo de uno de los consejos m\u00e1s importantes, dijo cosas muy malas al hablar de energ\u00eda nuclear. Y cuando se menciona <a href=\"https:\/\/efe.com\/mundo\/2025-06-23\/trump-eeuu-conflicto-iran-rusia-nuclear\/\" rel=\"nofollow noopener\" target=\"_blank\">la palabra nuclear<\/a>, me pongo a pensar: \u2018Seamos cautelosos, porque es la amenaza definitiva\u2019. No deber\u00eda haberlo dicho. Es un bocazas\u00bb, explic\u00f3 Trump en una entrevista con Newsmax emitida este s\u00e1bado.<\/p>\n<p><img loading=\"lazy\" data-recalc-dims=\"1\" decoding=\"async\" width=\"900\" height=\"599\" src=\"https:\/\/www.europesays.com\/es\/wp-content\/uploads\/2025\/08\/Trump-Rusia2-1.webp\" alt=\"Trump llama &quot;bocazas&quot; a Medv\u00e9dev y defiende movilizar submarinos hacia Rusia\" class=\"wp-image-2054274\" style=\"width:980px;height:auto\"  \/>El presidente de Estados Unidos, Donald Trump, a su salida de la Casa Blanca, el 1 de agosto de 2025, para pasar el fin de semana en Bedminster (Nueva Jersey). EFE\/Aaron Schwartz\/Pool<\/p>\n<p>\u00abSiempre queremos estar preparados. Por eso he enviado dos submarinos nucleares a la regi\u00f3n. Solo quiero asegurarme de que sus palabras sean solo palabras y nada m\u00e1s\u00bb, agreg\u00f3.<\/p>\n<p>La palabras de Medv\u00e9dev hacen reaccionar a Trump<\/p>\n<p>Trump orden\u00f3 el viernes movilizar dos submarinos nucleares hacia Rusia por las \u00abprovocadoras declaraciones\u00bb de Medv\u00e9dev, quien critic\u00f3 esta semana el ultim\u00e1tum que Estados Unidos le impuso a Rusia para que frene la guerra de Ucrania y advirti\u00f3 que este podr\u00eda derivar en un conflicto entre ambos pa\u00edses.<\/p>\n<p>\u00abTrump est\u00e1 jugando al juego de <a href=\"https:\/\/efe.com\/mundo\/2025-07-14\/trump-amenaza-rusia-aranceles-acuerdo-paz-ucrania\/\" rel=\"nofollow noopener\" target=\"_blank\">los ultim\u00e1tum con Rusia<\/a>: 50 o 10 d\u00edas\u2026 \u00c9l deber\u00eda recordar dos cosas. Primero: Rusia no es ni Israel ni incluso Ir\u00e1n. Y segundo: cada nuevo ultim\u00e1tum es un paso hacia la guerra. No entre Rusia y Ucrania, pero con su propio pa\u00eds\u00bb, escribi\u00f3 el lunes en su cuenta de X.<\/p>\n<p>El l\u00edder republicano, que lleva meses expresando su frustraci\u00f3n por la negativa del presidente ruso, Vlad\u00edmir Putin, a detener los bombardeos en Ucrania, <a href=\"https:\/\/efe.com\/mundo\/2025-07-30\/trump-rusia-ucrania-paz\/\" rel=\"nofollow noopener\" target=\"_blank\">redujo a 10 d\u00edas el plazo<\/a> que fij\u00f3 a Mosc\u00fa para que acuerde una tregua en los combates.<\/p>\n","protected":false},"excerpt":{"rendered":"Washington (EFE).- El presidente de Estados Unidos, Donald Trump, calific\u00f3 de \u201cbocazas\u201d al expresidente ruso y actual vicepresidente&hellip;\n","protected":false},"author":2,"featured_media":21882,"comment_status":"","ping_status":"","sticky":false,"template":"","format":"standard","meta":{"footnotes":""},"categories":[42],"tags":[17,18,115,13,14,12905,11,61,62,63,64,19,20,9,10,15,16,11256,1614,12,936,21,22,65,66,67],"class_list":{"0":"post-21881","1":"post","2":"type-post","3":"status-publish","4":"format-standard","5":"has-post-thumbnail","7":"category-internacional","8":"tag-breaking-news","9":"tag-breakingnews","10":"tag-eeuu","11":"tag-featured-news","12":"tag-featurednews","13":"tag-guerra-de-ucrania","14":"tag-headlines","15":"tag-internacional","16":"tag-international","17":"tag-international-news","18":"tag-internationalnews","19":"tag-latest-news","20":"tag-latestnews","21":"tag-news","22":"tag-noticias","23":"tag-noticias-destacadas","24":"tag-noticiasdestacadas","25":"tag-nuclear","26":"tag-rusia","27":"tag-titulares","28":"tag-trump","29":"tag-ultimas-noticias","30":"tag-ultimasnoticias","31":"tag-world","32":"tag-world-news","33":"tag-worldnews"},"share_on_mastodon":{"url":"","error":""},"_links":{"self":[{"href":"https:\/\/www.europesays.com\/es\/wp-json\/wp\/v2\/posts\/21881","targetHints":{"allow":["GET"]}}],"collection":[{"href":"https:\/\/www.europesays.com\/es\/wp-json\/wp\/v2\/posts"}],"about":[{"href":"https:\/\/www.europesays.com\/es\/wp-json\/wp\/v2\/types\/post"}],"author":[{"embeddable":true,"href":"https:\/\/www.europesays.com\/es\/wp-json\/wp\/v2\/users\/2"}],"replies":[{"embeddable":true,"href":"https:\/\/www.europesays.com\/es\/wp-json\/wp\/v2\/comments?post=21881"}],"version-history":[{"count":0,"href":"https:\/\/www.europesays.com\/es\/wp-json\/wp\/v2\/posts\/21881\/revisions"}],"wp:featuredmedia":[{"embeddable":true,"href":"https:\/\/www.europesays.com\/es\/wp-json\/wp\/v2\/media\/21882"}],"wp:attachment":[{"href":"https:\/\/www.europesays.com\/es\/wp-json\/wp\/v2\/media?parent=21881"}],"wp:term":[{"taxonomy":"category","embeddable":true,"href":"https:\/\/www.europesays.com\/es\/wp-json\/wp\/v2\/categories?post=21881"},{"taxonomy":"post_tag","embeddable":true,"href":"https:\/\/www.europesays.com\/es\/wp-json\/wp\/v2\/tags?post=21881"}],"curies":[{"name":"wp","href":"https:\/\/api.w.org\/{rel}","templated":true}]}}