{"id":218861,"date":"2025-11-04T23:32:09","date_gmt":"2025-11-04T23:32:09","guid":{"rendered":"https:\/\/www.europesays.com\/es\/218861\/"},"modified":"2025-11-04T23:32:09","modified_gmt":"2025-11-04T23:32:09","slug":"una-experta-en-casa-real-hace-una-comparacion-de-la-reina-letizia","status":"publish","type":"post","link":"https:\/\/www.europesays.com\/es\/218861\/","title":{"rendered":"Una experta en Casa Real hace una comparaci\u00f3n de la reina Letizia"},"content":{"rendered":"<p>Este martes 4 de noviembre era un d\u00eda especial en el Palacio Real. E<b>l rey Felipe VI y la reina Letizia recibieron al sult\u00e1n de Om\u00e1n Haitham Bin Tarik <\/b>con motivo de la cena de gala por la Visita de Estado.<\/p>\n<p>La escritora y experta en Casa Real, Ana Polo Alonso, no se ha perdido ning\u00fan momento captado por las c\u00e1maras y en un breve an\u00e1lisis de la aparici\u00f3n de Letizia, quien ha lucido<a href=\"https:\/\/www.huffingtonpost.es\/life\/influencers-celebrities\/la-reina-letizia-apuesta-seguro-tiara-vestido-sorprende-detalle-cena-gala-visita-sultan-oman.html\" rel=\"nofollow noopener\" target=\"_blank\"> la tiara de Mar\u00eda Cristina, una de las m\u00e1s destacadas del joyero real.<\/a><\/p>\n<p>La experta ha hecho una comparaci\u00f3n que ha llamado la atenci\u00f3n: \u00ab<b>Letizia se marca un &#8216;Kate Middleton&#8217; y aparece con el pelo suelto y rizado<\/b>,<b> copiando el look de Kate en la cena de gala con los Trump<\/b>. A m\u00ed esto de llevar el pelo suelto con tiara no me gusta nada. La tiara de Mar\u00eda Cristina, eso s\u00ed, le queda estupenda\u00bb.<\/p>\n<p>Ha hecho una comparaci\u00f3n del <a href=\"https:\/\/www.huffingtonpost.es\/life\/moda\/kate-middleton-deslumbra-cena-gala-trump-pese-guino-melania-isabel-ii.html\" rel=\"nofollow noopener\" target=\"_blank\">banquete de Estado de los pr\u00edncipes de Gales con Estados Unidos<\/a>, celebrado en el castillo de Windsor el pasado mes de septiembre. En el caso de Kate llev\u00f3 la tiara favorita de Lady Di. <b>Diana de Gales la recibi\u00f3 como regalo de bodas de parte de Isabel II.<\/b><\/p>\n<p>\u00abLa pr\u00f3xima vez sin las cabezas tapando la mitad de la pantalla\u00bb<\/p>\n<p>La experta tambi\u00e9n ha dejado un breve an\u00e1lisis de la entrada de los reyes y el sult\u00e1n en el Sal\u00f3n del Trono. \u00abEste plano de la entrada es bonito y la idea es buena, pero, por favor, la pr\u00f3xima vez sin las cabezas tapando la mitad de la pantalla&#8230; Es una cutrez\u00bb, ha comentado.<\/p>\n<p>El comedor de la gala del Palacio Real le ha parecido \u00absimplemente, espectacular\u00bb. Para ella, sin duda, posiblemente sea el lugar \u00abm\u00e1s deslumbrante de todo el palacio, es una l\u00e1stima que se hagan planos tan cerrados y no se vea nada. En Buckingham siempre hacen planos m\u00e1s amplios para que se vea el sitio\u00bb.<\/p>\n","protected":false},"excerpt":{"rendered":"Este martes 4 de noviembre era un d\u00eda especial en el Palacio Real. El rey Felipe VI y&hellip;\n","protected":false},"author":2,"featured_media":218862,"comment_status":"","ping_status":"","sticky":false,"template":"","format":"standard","meta":{"footnotes":""},"categories":[8],"tags":[17,18,385,33815,25,24,14836,13,14,11,19,20,9,10,15,16,798,10717,23,12,21,22],"class_list":{"0":"post-218861","1":"post","2":"type-post","3":"status-publish","4":"format-standard","5":"has-post-thumbnail","7":"category-espana","8":"tag-breaking-news","9":"tag-breakingnews","10":"tag-casa","11":"tag-comparacion","12":"tag-es","13":"tag-espana","14":"tag-experta","15":"tag-featured-news","16":"tag-featurednews","17":"tag-headlines","18":"tag-latest-news","19":"tag-latestnews","20":"tag-news","21":"tag-noticias","22":"tag-noticias-destacadas","23":"tag-noticiasdestacadas","24":"tag-real","25":"tag-reina","26":"tag-spain","27":"tag-titulares","28":"tag-ultimas-noticias","29":"tag-ultimasnoticias"},"share_on_mastodon":{"url":"https:\/\/pubeurope.com\/@es\/115494043325677357","error":""},"_links":{"self":[{"href":"https:\/\/www.europesays.com\/es\/wp-json\/wp\/v2\/posts\/218861","targetHints":{"allow":["GET"]}}],"collection":[{"href":"https:\/\/www.europesays.com\/es\/wp-json\/wp\/v2\/posts"}],"about":[{"href":"https:\/\/www.europesays.com\/es\/wp-json\/wp\/v2\/types\/post"}],"author":[{"embeddable":true,"href":"https:\/\/www.europesays.com\/es\/wp-json\/wp\/v2\/users\/2"}],"replies":[{"embeddable":true,"href":"https:\/\/www.europesays.com\/es\/wp-json\/wp\/v2\/comments?post=218861"}],"version-history":[{"count":0,"href":"https:\/\/www.europesays.com\/es\/wp-json\/wp\/v2\/posts\/218861\/revisions"}],"wp:featuredmedia":[{"embeddable":true,"href":"https:\/\/www.europesays.com\/es\/wp-json\/wp\/v2\/media\/218862"}],"wp:attachment":[{"href":"https:\/\/www.europesays.com\/es\/wp-json\/wp\/v2\/media?parent=218861"}],"wp:term":[{"taxonomy":"category","embeddable":true,"href":"https:\/\/www.europesays.com\/es\/wp-json\/wp\/v2\/categories?post=218861"},{"taxonomy":"post_tag","embeddable":true,"href":"https:\/\/www.europesays.com\/es\/wp-json\/wp\/v2\/tags?post=218861"}],"curies":[{"name":"wp","href":"https:\/\/api.w.org\/{rel}","templated":true}]}}