{"id":218867,"date":"2025-11-04T23:41:11","date_gmt":"2025-11-04T23:41:11","guid":{"rendered":"https:\/\/www.europesays.com\/es\/218867\/"},"modified":"2025-11-04T23:41:11","modified_gmt":"2025-11-04T23:41:11","slug":"pasemoslo-bien-viendo-el-futbol-de-otra-manera","status":"publish","type":"post","link":"https:\/\/www.europesays.com\/es\/218867\/","title":{"rendered":"Pas\u00e9moslo bien viendo el f\u00fatbol de otra manera"},"content":{"rendered":"<p class=\"article-text\">\n        Por primera vez, esta temporada <strong>Movistar Plus+<\/strong> no tiene los derechos de la <strong>NBA<\/strong>, que se han quedado DAZN y Amazon Prime Video. As\u00ed que por primera vez la pareja de narradores y comentaristas m\u00e1s ic\u00f3nica y querida del baloncesto, la formada por <strong>Antonio Daimiel y Guille Jim\u00e9nez<\/strong>, no pueden protagonizar sus \u201cnoches golfas\u201d para ver la liga de baloncesto estadounidense. As\u00ed que la plataforma ya tiene nueva dedicaci\u00f3n para ellos.\n    <\/p>\n<p>    <a href=\"https:\/\/www.eldiario.es\/vertele\/videos\/trailers-y-avances\/movistar-plus-lanza-trailer-anatomia-instante-deja-ver-suarez-gutierrez-mellado-carrillo-tejero_7_12736170.html\" data-mrf-recirculation=\"saber-mas\" data-dl-event=\"saber-mas\" rel=\"nofollow noopener\" target=\"_blank\"><\/p>\n<p class=\"know-more__title\">Movistar Plus+ lanza tr\u00e1iler de &#8216;Anatom\u00eda de un instante&#8217; y deja ver a sus Su\u00e1rez, Guti\u00e9rrez Mellado, Carrillo y Tejero<\/p>\n<p>            <img decoding=\"async\" class=\"lazy\" loading=\"lazy\" data-src=\"https:\/\/static.eldiario.es\/clip\/f0677978-f303-48cd-834c-b1803fe50ea7_16-9-aspect-ratio_default_0.jpg\" src=\"data:image\/svg+xml,%3Csvg xmlns=\" http:=\"\" viewbox=\"0 0 880 495\" alt=\"Movistar Plus+ lanza tr\u00e1iler de 'Anatom\u00eda de un instante' y deja ver a sus Su\u00e1rez, Guti\u00e9rrez Mellado, Carrillo y Tejero\"\/><\/p>\n<p>                            <img decoding=\"async\" class=\"ni-multimedia\" src=\"https:\/\/www.eldiario.es\/assets\/img\/svg\/icons\/gallery-video.h-2e826467718e0ad0cb33a0bdb174f603.svg\" alt=\"Movistar Plus+ lanza tr\u00e1iler de 'Anatom\u00eda de un instante' y deja ver a sus Su\u00e1rez, Guti\u00e9rrez Mellado, Carrillo y Tejero\"\/><br \/>\n                        <\/a><\/p>\n<p class=\"article-text\">\n        Despu\u00e9s de que Daimiel haya reconocido que ha rechazado ofertas para salir de Movistar Plus+ lamentando la minusvaloraci\u00f3n que suponen para un profesional con tantos a\u00f1os de experiencia y reconocimiento, Movistar Plus+ anunci\u00f3 la noche de este lunes, aprovechando la emisi\u00f3n del m\u00edtico El D\u00eda Despu\u00e9s, que <strong>se suman al equipo de LaLiga de f\u00fatbol<\/strong>.\n    <\/p>\n<p class=\"article-text\">\n        El anuncio se ha hecho, adem\u00e1s, con un aplaudido v\u00eddeo en el que el futbolista <strong>Iago Aspas<\/strong> les \u201csaca del paro\u201d imitando la premiada pel\u00edcula Los lunes al Sol.\n    <\/p>\n<blockquote class=\"twitter-tweet\" data-lang=\"es\"><p><a href=\"https:\/\/twitter.com\/X\/status\/1985448145002676656?ref_src=twsrc%5Etfw\" rel=\"nofollow noopener\" target=\"_blank\"><\/p><\/blockquote>\n<p class=\"article-text\">\n        Movistar Plus+ lo presenta como una forma de \u201cdisfrutar de nuevo de <strong>su visi\u00f3n diferente en la mejor liga del mundo<\/strong>. Su giro en las transmisiones, su chispa y la qu\u00edmica que llevan compartiendo desde hace dos d\u00e9cadas se trasladar\u00e1 al deporte rey\u201d, dice la plataforma, que aclara que se ver\u00e1 en el <strong>Dial 57, \u201cla Multic\u00e1mara de toda la vida\u201d<\/strong>.\n    <\/p>\n<p class=\"article-text\">\n        El partido que narren y comenten estar\u00e1 disponible para todos los clientes de Movistar Plus+ tanto con la narraci\u00f3n y producci\u00f3n cl\u00e1sica de la mano de Carlos Mart\u00ednez, Julio Maldonado &#8216;Maldini&#8217;, \u00c1lvaro Benito y Ricardo Sierra, como en la versi\u00f3n Multic\u00e1mara con los comentarios de Antoni Daimiel y Guille Gim\u00e9nez.\n    <\/p>\n<p>    \u201cMuy agradecidos por esta oportunidad\u201d<\/p>\n<p class=\"article-text\">\n        La nota en la que Movistar Plus+ anuncia esta nueva labor de Antonio Daimiel y Guille Jim\u00e9nez incluye tambi\u00e9n las primeras valoraciones de los dos protagonistas.\n    <\/p>\n<p class=\"article-text\">\n        <strong>Antoni Daimiel<\/strong> declara: \u201cMuy agradecidos a Movistar Plus+ y a LaLiga por esta oportunidad. <strong>Hemos comentado f\u00fatbol con anterioridad<\/strong> y utilizaremos nuestro estilo propio para intentar aumentar el potencial que ofrece la Multic\u00e1mara\u201d.\n    <\/p>\n<p class=\"article-text\">\n        <strong>Guille Jim\u00e9nez<\/strong> a\u00f1ade: \u201cEspero que sea algo divertido y a la gente le guste. <strong>Quiero que lo pasemos bien viendo el f\u00fatbol de otra manera<\/strong> a trav\u00e9s de la Multic\u00e1mara\u201d.\n    <\/p>\n<p>    <a href=\"https:\/\/www.eldiario.es\/vertele\/noticias\/joaquin-prat-freno-inda-ironico-reproche-contenidos-telecinco-si-quieres-escaleta-choque_1_12739238.html\" data-mrf-recirculation=\"saber-mas-abajo\" data-dl-event=\"saber-mas-abajo\" rel=\"nofollow noopener\" target=\"_blank\"><\/p>\n<p class=\"know-more__title\">Joaqu\u00edn Prat fren\u00f3 a Inda tras un ir\u00f3nico reproche de sus contenidos en Telecinco: \u201cSi quieres, nos haces t\u00fa la escaleta\u201d<\/p>\n<p>            <img decoding=\"async\" class=\"lazy\" loading=\"lazy\" data-src=\"https:\/\/static.eldiario.es\/clip\/0d7309a6-7f4e-403f-81b6-46429efef05e_16-9-aspect-ratio_default_0.jpg\" src=\"data:image\/svg+xml,%3Csvg xmlns=\" http:=\"\" viewbox=\"0 0 880 495\" alt=\"Joaqu\u00edn Prat fren\u00f3 a Inda tras un ir\u00f3nico reproche de sus contenidos en Telecinco: &quot;Si quieres, nos haces t\u00fa la escaleta&quot;\"\/><\/p>\n<p>                        <\/a><\/p>\n<p class=\"article-text\">\n        Su debut se producir\u00e1 este <strong>domingo 9 de noviembre<\/strong>, cuando por primera vez pondr\u00e1n su sello de autor en el <strong>Celta-FC Barcelona<\/strong>, a las <strong>21:00 horas<\/strong> en el canal LaLiga TV Multic\u00e1mara (dial 57).\n    <\/p>\n<p>            <img decoding=\"async\" class=\"lazy\" loading=\"lazy\" data-src=\"https:\/\/static.eldiario.es\/clip\/eb0e19b1-617a-4822-9fd3-d87a9abe93b1_16-9-aspect-ratio_default_1129651.jpg\" src=\"data:image\/svg+xml,%3Csvg xmlns=\" http:=\"\" viewbox=\"0 0 2560 1440\" alt=\"Guille Jim\u00e9nez y Antoni Daimiel, ahora en LaLiga de M+\"\/><\/p>\n<p>                                    <script async src=\"https:\/\/platform.twitter.com\/widgets.js\" charset=\"utf-8\"><\/script><\/p>\n","protected":false},"excerpt":{"rendered":"Por primera vez, esta temporada Movistar Plus+ no tiene los derechos de la NBA, que se han quedado&hellip;\n","protected":false},"author":2,"featured_media":218868,"comment_status":"","ping_status":"","sticky":false,"template":"","format":"standard","meta":{"footnotes":""},"categories":[269],"tags":[16437,299,298,5580,3010,168,25,24,282,14054,11672,288,4403,5879,1725,58499,23,167,25442],"class_list":{"0":"post-218867","1":"post","2":"type-post","3":"status-publish","4":"format-standard","5":"has-post-thumbnail","7":"category-baloncesto","8":"tag-antoni","9":"tag-baloncesto","10":"tag-basketball","11":"tag-cambian","12":"tag-daimiel","13":"tag-deportes","14":"tag-es","15":"tag-espana","16":"tag-futbol","17":"tag-guille","18":"tag-jimenez","19":"tag-laliga","20":"tag-m","21":"tag-manera","22":"tag-nba","23":"tag-pasemoslo","24":"tag-spain","25":"tag-sports","26":"tag-viendo"},"share_on_mastodon":{"url":"https:\/\/pubeurope.com\/@es\/115494079139605112","error":""},"_links":{"self":[{"href":"https:\/\/www.europesays.com\/es\/wp-json\/wp\/v2\/posts\/218867","targetHints":{"allow":["GET"]}}],"collection":[{"href":"https:\/\/www.europesays.com\/es\/wp-json\/wp\/v2\/posts"}],"about":[{"href":"https:\/\/www.europesays.com\/es\/wp-json\/wp\/v2\/types\/post"}],"author":[{"embeddable":true,"href":"https:\/\/www.europesays.com\/es\/wp-json\/wp\/v2\/users\/2"}],"replies":[{"embeddable":true,"href":"https:\/\/www.europesays.com\/es\/wp-json\/wp\/v2\/comments?post=218867"}],"version-history":[{"count":0,"href":"https:\/\/www.europesays.com\/es\/wp-json\/wp\/v2\/posts\/218867\/revisions"}],"wp:featuredmedia":[{"embeddable":true,"href":"https:\/\/www.europesays.com\/es\/wp-json\/wp\/v2\/media\/218868"}],"wp:attachment":[{"href":"https:\/\/www.europesays.com\/es\/wp-json\/wp\/v2\/media?parent=218867"}],"wp:term":[{"taxonomy":"category","embeddable":true,"href":"https:\/\/www.europesays.com\/es\/wp-json\/wp\/v2\/categories?post=218867"},{"taxonomy":"post_tag","embeddable":true,"href":"https:\/\/www.europesays.com\/es\/wp-json\/wp\/v2\/tags?post=218867"}],"curies":[{"name":"wp","href":"https:\/\/api.w.org\/{rel}","templated":true}]}}