{"id":218881,"date":"2025-11-04T23:50:08","date_gmt":"2025-11-04T23:50:08","guid":{"rendered":"https:\/\/www.europesays.com\/es\/218881\/"},"modified":"2025-11-04T23:50:08","modified_gmt":"2025-11-04T23:50:08","slug":"menores-vacunados-de-covid-19-entre-2020-y-2022","status":"publish","type":"post","link":"https:\/\/www.europesays.com\/es\/218881\/","title":{"rendered":"Menores vacunados de covid-19 entre 2020 y 2022"},"content":{"rendered":"<p lang=\"ES-ES\" xml:lang=\"ES-ES\">Este estudio cuantifica y compara la incidencia y los riesgos de\u00a0eventos adversos graves de\u00a0naturaleza vascular e inflamatoria\u00a0tras la primera infecci\u00f3n covid y tras la vacunaci\u00f3n con el\u00a0producto de ARN de Pfizer en ni\u00f1os y adolescentes.\u00a0<\/p>\n<p lang=\"ES-ES\" xml:lang=\"ES-ES\">A pesar de tratarse de un estudio observacional\u00a0retrospectivo, es un estudio valioso, pues se basa en los registros electr\u00f3nicos de pr\u00e1cticamente el total de una poblaci\u00f3n (unos 14 millones) de menores de 18 a\u00f1os entre enero de 2020 y diciembre de 2022.\u00a0<\/p>\n<p lang=\"ES-ES\" xml:lang=\"ES-ES\">El estudio confirma, en primer lugar, que ambos escenarios \u2014infecci\u00f3n frente a no infecci\u00f3n o antes de la misma; y vacunaci\u00f3n frente a no vacunaci\u00f3n o antes de la misma\u2014 est\u00e1n asociados a eventos adversos graves pero raros o muy raros. Y, en segundo lugar, que los riesgos son sustancialmente menores tras la vacunaci\u00f3n comparados con los asociados a la primera infecci\u00f3n covid.\u00a0<\/p>\n<p lang=\"ES-ES\" xml:lang=\"ES-ES\">La infecci\u00f3n covid caus\u00f3 un incremento del riesgo de sufrir tromboembolismo arterial o venoso, trombocitopenia, miocarditis\/pericarditis y otras condiciones inflamatorias durante varias semanas, llegando incluso a los 12 meses. Por su parte, la vacunaci\u00f3n covid se asoci\u00f3 a un riesgo de miocarditis\/pericarditis\u00a0durante las 4 semanas posteriores a la vacunaci\u00f3n (1,84 casos\/100.000 vacunados). Durante un periodo de 6 meses, los riesgos de miocarditis\/pericarditis fueron de 2,24 casos adicionales (por 100.000) para la infecci\u00f3n covid y de 0,85 casos adicionales\/100.000 para la vacunaci\u00f3n.\u00a0<\/p>\n<p lang=\"ES-ES\" xml:lang=\"ES-ES\">En vista de que el riesgo de exposici\u00f3n a la covid y, por tanto, de sufrir la infecci\u00f3n, se estima muy alto, y de la pr\u00e1ctica imposibilidad de evitar las exposiciones repetidas al virus, los datos que aporta este estudio son importantes para las autoridades sanitarias y profesionales a la hora de recomendar y facilitar la vacunaci\u00f3n a la poblaci\u00f3n infantil y juvenil. Tambi\u00e9n son datos de valor cuando se informa a los j\u00f3venes y a las familias de los ni\u00f1os de los beneficios y riesgos asociados a la vacunaci\u00f3n en contraposici\u00f3n de los de la infecci\u00f3n. Los datos mostrados por el estudio podr\u00edan ser aplicables a nuestra poblaci\u00f3n.\u00a0<\/p>\n","protected":false},"excerpt":{"rendered":"Este estudio cuantifica y compara la incidencia y los riesgos de\u00a0eventos adversos graves de\u00a0naturaleza vascular e inflamatoria\u00a0tras la&hellip;\n","protected":false},"author":2,"featured_media":218882,"comment_status":"","ping_status":"","sticky":false,"template":"","format":"standard","meta":{"footnotes":""},"categories":[92],"tags":[2272,3939,25,24,165,17168,166,23,1454],"class_list":{"0":"post-218881","1":"post","2":"type-post","3":"status-publish","4":"format-standard","5":"has-post-thumbnail","7":"category-salud","8":"tag-covid-19","9":"tag-enfermedades-cardiovasculares","10":"tag-es","11":"tag-espana","12":"tag-health","13":"tag-pediatria","14":"tag-salud","15":"tag-spain","16":"tag-vacunas"},"share_on_mastodon":{"url":"https:\/\/pubeurope.com\/@es\/115494114065920677","error":""},"_links":{"self":[{"href":"https:\/\/www.europesays.com\/es\/wp-json\/wp\/v2\/posts\/218881","targetHints":{"allow":["GET"]}}],"collection":[{"href":"https:\/\/www.europesays.com\/es\/wp-json\/wp\/v2\/posts"}],"about":[{"href":"https:\/\/www.europesays.com\/es\/wp-json\/wp\/v2\/types\/post"}],"author":[{"embeddable":true,"href":"https:\/\/www.europesays.com\/es\/wp-json\/wp\/v2\/users\/2"}],"replies":[{"embeddable":true,"href":"https:\/\/www.europesays.com\/es\/wp-json\/wp\/v2\/comments?post=218881"}],"version-history":[{"count":0,"href":"https:\/\/www.europesays.com\/es\/wp-json\/wp\/v2\/posts\/218881\/revisions"}],"wp:featuredmedia":[{"embeddable":true,"href":"https:\/\/www.europesays.com\/es\/wp-json\/wp\/v2\/media\/218882"}],"wp:attachment":[{"href":"https:\/\/www.europesays.com\/es\/wp-json\/wp\/v2\/media?parent=218881"}],"wp:term":[{"taxonomy":"category","embeddable":true,"href":"https:\/\/www.europesays.com\/es\/wp-json\/wp\/v2\/categories?post=218881"},{"taxonomy":"post_tag","embeddable":true,"href":"https:\/\/www.europesays.com\/es\/wp-json\/wp\/v2\/tags?post=218881"}],"curies":[{"name":"wp","href":"https:\/\/api.w.org\/{rel}","templated":true}]}}