{"id":218885,"date":"2025-11-04T23:52:09","date_gmt":"2025-11-04T23:52:09","guid":{"rendered":"https:\/\/www.europesays.com\/es\/218885\/"},"modified":"2025-11-04T23:52:09","modified_gmt":"2025-11-04T23:52:09","slug":"algo-lo-ha-empujado-y-creemos-saber-que","status":"publish","type":"post","link":"https:\/\/www.europesays.com\/es\/218885\/","title":{"rendered":"algo lo ha empujado, y creemos saber qu\u00e9"},"content":{"rendered":"<p>El <a class=\"text-outboundlink\" href=\"https:\/\/www.xataka.com\/espacio\/astronomo-harvard-ha-acusado-a-nasa-ocultar-imagenes-3i-atlas-tiene-explicacion\" data-vars-post-title=\"Un astr\u00f3nomo de Harvard ha acusado a la NASA de ocultar im\u00e1genes de 3I\/ATLAS. Tiene una explicaci\u00f3n\" data-vars-post-url=\"https:\/\/www.xataka.com\/espacio\/astronomo-harvard-ha-acusado-a-nasa-ocultar-imagenes-3i-atlas-tiene-explicacion\" rel=\"nofollow noopener\" target=\"_blank\">tercer objeto interestelar<\/a> que hemos descubierto en el sistema solar sigue dando que hablar. A medida que 3I\/ATLAS se aleja del Sol y vuelve a ser visible a trav\u00e9s de los telescopios, cada movimiento que hace provoca un tsunami de especulaci\u00f3n. Y todav\u00eda quedan semanas de nuevas observaciones.<\/p>\n<p><strong>El dato que est\u00e1 dando que hablar.<\/strong> La noticia que ha desatado las <a class=\"text-outboundlink\" href=\"https:\/\/www.xataka.com\/espacio\/astronomo-harvard-ha-acusado-a-nasa-ocultar-imagenes-3i-atlas-tiene-explicacion\" data-vars-post-title=\"Un astr\u00f3nomo de Harvard ha acusado a la NASA de ocultar im\u00e1genes de 3I\/ATLAS. Tiene una explicaci\u00f3n\" data-vars-post-url=\"https:\/\/www.xataka.com\/espacio\/astronomo-harvard-ha-acusado-a-nasa-ocultar-imagenes-3i-atlas-tiene-explicacion\" rel=\"nofollow noopener\" target=\"_blank\">teor\u00edas m\u00e1s exc\u00e9ntricas<\/a> es que el cometa experimentase una ligera, pero estad\u00edsticamente significativa, \u00abaceleraci\u00f3n no gravitacional\u00bb. Algo, adem\u00e1s del tir\u00f3n gravitatorio del Sol y los planetas, <a rel=\"noopener, noreferrer nofollow\" href=\"https:\/\/avi-loeb.medium.com\/first-evidence-for-a-non-gravitational-acceleration-of-3i-atlas-at-perihelion-2698f6a453fe\" target=\"_blank\">ha empujado<\/a> a 3I\/ATLAS.<\/p>\n<p>    <a href=\"https:\/\/www.xataka.com\/espacio\/astronomo-harvard-ha-acusado-a-nasa-ocultar-imagenes-3i-atlas-tiene-explicacion\" class=\"pivot-outboundlink\" data-vars-post-title=\"Un astr\u00f3nomo de Harvard ha acusado a la NASA de ocultar im\u00e1genes de 3I\/ATLAS. Tiene una explicaci\u00f3n\" rel=\"nofollow noopener\" target=\"_blank\"><br \/>\n     <img loading=\"lazy\" decoding=\"async\" alt=\"Un astr\u00f3nomo de Harvard ha acusado a la NASA de ocultar im\u00e1genes de 3I\/ATLAS. Tiene una explicaci\u00f3n\" width=\"375\" height=\"142\" src=\"https:\/\/www.europesays.com\/es\/wp-content\/uploads\/2025\/11\/1762300329_681_375_142.jpeg\"\/><br \/>\n    <\/a><\/p>\n<p>Ocurri\u00f3 el pasado 29 de octubre. Los datos del observatorio ALMA, analizados por un ingeniero del JPL de la NASA, revelan que el objeto se desvi\u00f3 \u00abcuatro segundos de arco en ascensi\u00f3n recta\u00bb de la trayectoria que deber\u00eda haber seguido si solo estuviera influido por la gravedad del Sol.<\/p>\n<p><strong>La explicaci\u00f3n m\u00e1s probable.<\/strong> La noticia dio rienda suelta a los que intentan ver una \u00abfirma tecnol\u00f3gica\u00bb en todo lo que hace el objeto interestelar. Sin embargo, la explicaci\u00f3n m\u00e1s probable no es que 3I\/ATLAS <a class=\"text-outboundlink\" href=\"https:\/\/www.xataka.com\/espacio\/hubble-acaba-tomar-mejor-foto-cometa-interestelar-deja-claro-que-estabamos-totalmente-equivocados\" data-vars-post-title=\"No era una nave extraterrestre, pero tampoco un cometa gigante. Est\u00e1bamos totalmente equivocados sobre 3I\/ATLAS \" data-vars-post-url=\"https:\/\/www.xataka.com\/espacio\/hubble-acaba-tomar-mejor-foto-cometa-interestelar-deja-claro-que-estabamos-totalmente-equivocados\" rel=\"nofollow noopener\" target=\"_blank\">sea una nave alien\u00edgena<\/a>: hay una alternativa puramente natural que los astr\u00f3nomos conocen bien.<\/p>\n<p>La desviaci\u00f3n del objeto, equivalente a diez veces el radio de la Tierra en un mes, encaja con una aceleraci\u00f3n natural que ocurre en cometas muy activos a su paso por el Sol: el hielo sublimado actu\u00f3 como un propulsor.<\/p>\n<p><strong>Cohetes de hielo.<\/strong> La f\u00edsica es simple: cuando el cometa se acerca al Sol, la radiaci\u00f3n solar calienta su n\u00facleo. Los <a class=\"text-outboundlink\" href=\"https:\/\/www.xataka.com\/espacio\/cometa-antiguo-que-sol-ha-invadido-sistema-solar-viejo-confiable-telescopio-hubble-tiene-fotos\" data-vars-post-title=\"Un cometa m\u00e1s antiguo que el Sol ha invadido el sistema solar. El viejo y confiable telescopio Hubble tiene ya fotos\" data-vars-post-url=\"https:\/\/www.xataka.com\/espacio\/cometa-antiguo-que-sol-ha-invadido-sistema-solar-viejo-confiable-telescopio-hubble-tiene-fotos\" rel=\"nofollow noopener\" target=\"_blank\">hielos de su superficie<\/a> (ya sean de agua, de mon\u00f3xido de carbono o de di\u00f3xido de carbono) no se derriten, sino que pasan directamente de s\u00f3lido a gas, un proceso conocido como sublimaci\u00f3n.<\/p>\n<p>Este gas escapa violentamente al espacio a trav\u00e9s de grietas o zonas activas en la superficie, formando chorros o \u00abjets\u00bb. Por la tercera ley de Newton (acci\u00f3n-reacci\u00f3n), estos chorros de gas act\u00faan como peque\u00f1os motores de cohete, empujando el n\u00facleo del cometa en la direcci\u00f3n opuesta y alterando su \u00f3rbita.<\/p>\n<p><strong>De ah\u00ed que brille tanto.<\/strong> Otra de las anomal\u00edas reci\u00e9n observadas en 3I\/ATLAS es que se volviera extremadamente brillante antes de lo esperado, y en una tonalidad intensamente azul.<\/p>\n<p>Seg\u00fan un estudio <a rel=\"noopener, noreferrer nofollow\" href=\"https:\/\/arxiv.org\/abs\/2510.25035\" target=\"_blank\">prepublicado en arvix.org<\/a>, el cambio encaja con un brillo dominado por la emisi\u00f3n de gases, lo que demostrar\u00eda que 3I\/ATLAS es un cometa extraordinariamente activo, que encendi\u00f3 sus motores de sublimaci\u00f3n al acercarse al Sol y comenz\u00f3 a desgasificar material a un ritmo fren\u00e9tico.<\/p>\n<p><strong>Avi Loeb no est\u00e1 convencido.<\/strong> El controvertido cosm\u00f3logo de la Universidad de Harvard <a rel=\"noopener, noreferrer nofollow\" href=\"https:\/\/avi-loeb.medium.com\/afterthoughts-on-the-non-gravitational-acceleration-of-3i-atlas-at-perihelion-97c609e24fc6\" target=\"_blank\">hizo sus propios c\u00e1lculos<\/a> para determinar cu\u00e1nta masa tendr\u00eda que haber perdido 3I\/ATLAS para producir esa aceleraci\u00f3n espec\u00edfica y descubri\u00f3 que, como m\u00ednimo, tendr\u00eda que haber perdido una sexta parte de su masa total.<\/p>\n<p>Dado que la masa de 3I\/ATLAS se estima en al menos 33.000 millones de toneladas, el cometa deber\u00eda haber perdido 5.500 millones de toneladas de gas y polvo eyectadas al espacio en cuesti\u00f3n de semanas, lo que deber\u00eda llevarnos a observar una nube extremadamente brillante de gas y polvo a su alrededor en las pr\u00f3ximas semanas.<\/p>\n<p><strong>El momento clave.<\/strong> 3I\/ATLAS pasar\u00e1 por el punto m\u00e1s cercano a la Tierra de su \u00f3rbita el 19 de diciembre. Desde una distancia de 269 millones de kil\u00f3metros, la Red Internacional de Alerta de Asteroides y los telescopios espaciales Hubble y James Webb estar\u00e1n observ\u00e1ndolo en detalle.<\/p>\n<p>Ellos tendr\u00e1n la \u00faltima palabra. Si ven una nube de gas colosal, cerraremos el caso: <a class=\"text-outboundlink\" href=\"https:\/\/www.xataka.com\/espacio\/nasa-hace-caso-omiso-estudio-harvard-supuesta-nave-extraterrestre-cometa-interestelar\" data-vars-post-title=\"La NASA hace caso omiso del estudio de Harvard sobre una supuesta nave extraterrestre: &quot;es un cometa interestelar&quot;\" data-vars-post-url=\"https:\/\/www.xataka.com\/espacio\/nasa-hace-caso-omiso-estudio-harvard-supuesta-nave-extraterrestre-cometa-interestelar\" rel=\"nofollow noopener\" target=\"_blank\">3I\/ATLAS es un cometa natural<\/a>, aunque uno de los m\u00e1s extra\u00f1os y activos que jam\u00e1s hayamos visto. Si no ven nada, el misterio de los visitantes interestelares no har\u00e1 m\u00e1s que intensificarse.<\/p>\n<p>Imagen | NASA \/ SOFIA \/ Lynette Cook<\/p>\n<p>En Xataka | <a class=\"text-outboundlink\" href=\"https:\/\/www.xataka.com\/espacio\/hay-nueva-hipotesis-3i-atlas-no-nave-alienigena-sino-restos-planeta-lejano\" data-vars-post-title=\"Pas\u00f3 de supuesta nave alien\u00edgena a definitivamente un cometa. Ahora 3I\/ATLAS vuelve a sorprender con otra posibilidad\" data-vars-post-url=\"https:\/\/www.xataka.com\/espacio\/hay-nueva-hipotesis-3i-atlas-no-nave-alienigena-sino-restos-planeta-lejano\" rel=\"nofollow noopener\" target=\"_blank\">Pas\u00f3 de supuesta nave alien\u00edgena a definitivamente un cometa. Ahora 3I\/ATLAS vuelve a sorprender con otra posibilidad<\/a><\/p>\n","protected":false},"excerpt":{"rendered":"El tercer objeto interestelar que hemos descubierto en el sistema solar sigue dando que hablar. A medida que&hellip;\n","protected":false},"author":2,"featured_media":218886,"comment_status":"","ping_status":"","sticky":false,"template":"","format":"standard","meta":{"footnotes":""},"categories":[81],"tags":[119,123,124,25,24,117,121,122,23,118,120],"class_list":{"0":"post-218885","1":"post","2":"type-post","3":"status-publish","4":"format-standard","5":"has-post-thumbnail","7":"category-ciencia-y-tecnologia","8":"tag-ciencia","9":"tag-ciencia-y-tecnologia","10":"tag-cienciaytecnologia","11":"tag-es","12":"tag-espana","13":"tag-science","14":"tag-science-and-technology","15":"tag-scienceandtechnology","16":"tag-spain","17":"tag-technology","18":"tag-tecnologia"},"share_on_mastodon":{"url":"https:\/\/pubeurope.com\/@es\/115494122169256794","error":""},"_links":{"self":[{"href":"https:\/\/www.europesays.com\/es\/wp-json\/wp\/v2\/posts\/218885","targetHints":{"allow":["GET"]}}],"collection":[{"href":"https:\/\/www.europesays.com\/es\/wp-json\/wp\/v2\/posts"}],"about":[{"href":"https:\/\/www.europesays.com\/es\/wp-json\/wp\/v2\/types\/post"}],"author":[{"embeddable":true,"href":"https:\/\/www.europesays.com\/es\/wp-json\/wp\/v2\/users\/2"}],"replies":[{"embeddable":true,"href":"https:\/\/www.europesays.com\/es\/wp-json\/wp\/v2\/comments?post=218885"}],"version-history":[{"count":0,"href":"https:\/\/www.europesays.com\/es\/wp-json\/wp\/v2\/posts\/218885\/revisions"}],"wp:featuredmedia":[{"embeddable":true,"href":"https:\/\/www.europesays.com\/es\/wp-json\/wp\/v2\/media\/218886"}],"wp:attachment":[{"href":"https:\/\/www.europesays.com\/es\/wp-json\/wp\/v2\/media?parent=218885"}],"wp:term":[{"taxonomy":"category","embeddable":true,"href":"https:\/\/www.europesays.com\/es\/wp-json\/wp\/v2\/categories?post=218885"},{"taxonomy":"post_tag","embeddable":true,"href":"https:\/\/www.europesays.com\/es\/wp-json\/wp\/v2\/tags?post=218885"}],"curies":[{"name":"wp","href":"https:\/\/api.w.org\/{rel}","templated":true}]}}