{"id":218891,"date":"2025-11-04T23:55:12","date_gmt":"2025-11-04T23:55:12","guid":{"rendered":"https:\/\/www.europesays.com\/es\/218891\/"},"modified":"2025-11-04T23:55:12","modified_gmt":"2025-11-04T23:55:12","slug":"los-tentaculos-de-koldo-llegaba-a-defensa-interior-adif-baleares-e-incluso-se-valia-de-yolanda-diaz-manana-esta-la-certificacion-el-mundo","status":"publish","type":"post","link":"https:\/\/www.europesays.com\/es\/218891\/","title":{"rendered":"Los tent\u00e1culos de Koldo: llegaba a Defensa, Interior, Adif, Baleares&#8230; e incluso se val\u00eda de Yolanda D\u00edaz: &quot;Ma\u00f1ana est\u00e1 la certificaci\u00f3n&quot; &#8211; El Mundo"},"content":{"rendered":"<ol>\n<li><a href=\"https:\/\/news.google.com\/rss\/articles\/CBMiekFVX3lxTE94cDMtTDEySXVkWTdaY2tQUTJQZjA0U2d5SGhrelpKMFk0bjc0WEVWajZJUTNaSmZ6NDQ5ZVgxb0JtNXlqY1dlNU9zZ0ZRMmZfbFhSUUpsZmt0WVhNay1KdVg2ekYtNXY4UzRmWUM3bnNNMjNuaDRwazBR0gF6QVVfeXFMTlgyOThtcHRCbWhPclU5M0p2LVBDU29YTDNxX0hwcGcyMF95VGF5TzJNRy1vUVh4S2hsN3lKOXpvSVA2UEFLcTc2QUk2cEhSWVhLQ1dDR3p4bTVfUXJ1aEI2eXVwTHNHYllkY0ZfbkR4dWJNMUI0c1Y5Tnc?oc=5\" target=\"_blank\" rel=\"nofollow noopener\">Los tent\u00e1culos de Koldo: llegaba a Defensa, Interior, Adif, Baleares&#8230; e incluso se val\u00eda de Yolanda D\u00edaz: \u00abMa\u00f1ana est\u00e1 la certificaci\u00f3n\u00bb<\/a>&nbsp;&nbsp;El Mundo<\/li>\n<li><a href=\"https:\/\/news.google.com\/rss\/articles\/CBMiiAJBVV95cUxOV0dlWWRJOGNxVTU0TjVoaVdOV05WZjVwYnhTWEZDUXN4aUVQbnhoLUNiMXpyQ1VVNTU5MnF1WXFGckZJSXhIal9NeVEzSnh0TXlJZjJBWnB6X0RFNWh4NndsdFhmX19GMWVCWjJPc2MtZkE0QWMzdWJDcUg1Sk52S3RHMllHSVlrZllKOUYxNDc3Sm54VDVaUzFWdGE2VGtMT0lHQ0REeXhMMWJwTVBJcDBNd1FwMnlZWk9TOEhNS0dTZndEZWRZZ2RTbEtNSC1LRUxiRXFqdUM5dmNqZ0VCeUgzbS1pTlV0Qkt4RUl5dnVKR0UtZ2dMM1ZEZTB0anpXM3VTRGJUNXY?oc=5\" target=\"_blank\" rel=\"nofollow noopener\">\u00c1ngel V\u00edctor Torres prepara una demanda a Aldama tras el informe de la UCO: \u201cNi mordidas ni mujeres explotadas sexualmente ni pisos en Atocha\u201d<\/a>&nbsp;&nbsp;EL PA\u00cdS<\/li>\n<li><a href=\"https:\/\/news.google.com\/rss\/articles\/CBMitAFBVV95cUxQR1JMclNSVlR4VmZ3bW9CYzJybGlkZGFWUFFGTV9GQmpQVDNvUVVWdzBEeFNYQVJZMmtydWdUaWEwTWN5M0d4ZjFXbW5HQXZLY245bXV6b1ZnTjltekh0OFhoNm8yNTFoaDhSUERCTF9Pa1NmVE5sa2NxQndQQkMxMUxTUGtMVi1pd1pYX0wxcGRZY2EwZjNpYVdLWEdjVE0yRUxYZXN0UDFmNDBmQWlZRTYyQ3A?oc=5\" target=\"_blank\" rel=\"nofollow noopener\">Torres demandar\u00e1 a Aldama y celebra el informe de la UCO: \u00abNi mordidas ni mujeres explotadas sexualmente\u00bb<\/a>&nbsp;&nbsp;El Confidencial<\/li>\n<li><a href=\"https:\/\/news.google.com\/rss\/articles\/CBMirAFBVV95cUxQcnRIWVREdlpqN2RKaUR0WW84d1BSeERNbGVqNUNtZFJBWTBJd252Z0hvT3VmYUYzZ2FGUlZqRHB3aFVpUHBJLXdUUUQ5OVQ1aWxOMjBRMmIybFpoYzJ6UWgwZmVjbXRVVzN0eXk5c1FIMWgzaVh2bEk1R0VxUGUyWkdWU1NSX21lYVd2TjFsZmx2Z3RTYlZ1NXJra011SzhrN3hncHlhOS1ZdVpk?oc=5\" target=\"_blank\" rel=\"nofollow noopener\">Gobierno canario certifica que Torres \u00abminti\u00f3\u00bb en sede parlamentaria<\/a>&nbsp;&nbsp;ABC<\/li>\n<li><a href=\"https:\/\/news.google.com\/rss\/articles\/CBMiiAFBVV95cUxNaVJSckZZQ2twNE1HaTRsVl84eDhQd2ZMY2FvaWgxTkF3bWpZTW5sdzhtSVpFUktNVjhKdEFqWmRsNHNFUURPdFNKclFucmRyMnJyRkhCWFJfVlUzelVJSW9md0dhUkRWU1o4Y0VtY1lGZEZHSXFNcENwYmhYcXFaYmIzMmhLaEJi0gGIAUFVX3lxTE9DaDg4dC1kNEZmYjQydkxWQ3Yxc0xWZXQ1QW1PM0kzeWgyZHRwaGh5T3pRamQ1NGJISzNEZk5yVDhqTzBhU2Y5R1g5LUxOYl8yMXdBS21BcFhTV3NPdkdfWDFRUGtIa28xdHZqT1VNVi12Y0tvdGtHU0VjOTNvdzBYUG9DT1JoOVA?oc=5\" target=\"_blank\" rel=\"nofollow noopener\">Borrar la responsabilidad pol\u00edtica<\/a>&nbsp;&nbsp;El Mundo<\/li>\n<\/ol>\n","protected":false},"excerpt":{"rendered":"Los tent\u00e1culos de Koldo: llegaba a Defensa, Interior, Adif, Baleares&#8230; e incluso se val\u00eda de Yolanda D\u00edaz: \u00abMa\u00f1ana&hellip;\n","protected":false},"author":2,"featured_media":218892,"comment_status":"","ping_status":"","sticky":false,"template":"","format":"standard","meta":{"footnotes":""},"categories":[8],"tags":[28771,17,18,25,24,13,14,11,5610,5611,19,20,9,10,15,16,1699,8411,23,12,21,22,2964],"class_list":{"0":"post-218891","1":"post","2":"type-post","3":"status-publish","4":"format-standard","5":"has-post-thumbnail","7":"category-espana","8":"tag-angel-victor-torres","9":"tag-breaking-news","10":"tag-breakingnews","11":"tag-es","12":"tag-espana","13":"tag-featured-news","14":"tag-featurednews","15":"tag-headlines","16":"tag-jose-luis-abalos","17":"tag-koldo-garcia","18":"tag-latest-news","19":"tag-latestnews","20":"tag-news","21":"tag-noticias","22":"tag-noticias-destacadas","23":"tag-noticiasdestacadas","24":"tag-psoe","25":"tag-santos-cerdan","26":"tag-spain","27":"tag-titulares","28":"tag-ultimas-noticias","29":"tag-ultimasnoticias","30":"tag-victor-de-aldama"},"share_on_mastodon":{"url":"https:\/\/pubeurope.com\/@es\/115494133696642761","error":""},"_links":{"self":[{"href":"https:\/\/www.europesays.com\/es\/wp-json\/wp\/v2\/posts\/218891","targetHints":{"allow":["GET"]}}],"collection":[{"href":"https:\/\/www.europesays.com\/es\/wp-json\/wp\/v2\/posts"}],"about":[{"href":"https:\/\/www.europesays.com\/es\/wp-json\/wp\/v2\/types\/post"}],"author":[{"embeddable":true,"href":"https:\/\/www.europesays.com\/es\/wp-json\/wp\/v2\/users\/2"}],"replies":[{"embeddable":true,"href":"https:\/\/www.europesays.com\/es\/wp-json\/wp\/v2\/comments?post=218891"}],"version-history":[{"count":0,"href":"https:\/\/www.europesays.com\/es\/wp-json\/wp\/v2\/posts\/218891\/revisions"}],"wp:featuredmedia":[{"embeddable":true,"href":"https:\/\/www.europesays.com\/es\/wp-json\/wp\/v2\/media\/218892"}],"wp:attachment":[{"href":"https:\/\/www.europesays.com\/es\/wp-json\/wp\/v2\/media?parent=218891"}],"wp:term":[{"taxonomy":"category","embeddable":true,"href":"https:\/\/www.europesays.com\/es\/wp-json\/wp\/v2\/categories?post=218891"},{"taxonomy":"post_tag","embeddable":true,"href":"https:\/\/www.europesays.com\/es\/wp-json\/wp\/v2\/tags?post=218891"}],"curies":[{"name":"wp","href":"https:\/\/api.w.org\/{rel}","templated":true}]}}