{"id":21896,"date":"2025-08-03T02:42:08","date_gmt":"2025-08-03T02:42:08","guid":{"rendered":"https:\/\/www.europesays.com\/es\/21896\/"},"modified":"2025-08-03T02:42:08","modified_gmt":"2025-08-03T02:42:08","slug":"el-versatil-croata-luka-bozic-redondea-el-nuevo-juego-interior-del-coviran","status":"publish","type":"post","link":"https:\/\/www.europesays.com\/es\/21896\/","title":{"rendered":"El vers\u00e1til croata Luka Bozic redondea el nuevo juego interior del Covir\u00e1n"},"content":{"rendered":"<p>El Covir\u00e1n se ha armado r\u00e1pido a pesar de la incertidumbre que pas\u00f3 al no saber si ocupar\u00eda el lugar del Betis en la Liga  &#8230; Endesa, como as\u00ed ha sido, o volver a competir en la segunda categor\u00eda, la ahora denominada Primera FEB. El club nazar\u00ed ha hecho los deberes a falta de la contrataci\u00f3n de un jugador franquicia, ese exterior que asuma la anotaci\u00f3n y que est\u00e1 en manos del nuevo entrenador Ram\u00f3n D\u00edaz, que baraja opciones en el mercado americano, de &#8216;jugones&#8217; estadounidenses que haya visto tanto en la G-League como en el campeonato de M\u00e9xico.<\/p>\n<p class=\"v-p\">La confirmaci\u00f3n del fichaje de Luka Bozic redondea el juego interior de la plantilla granadina. Un jugador conocido por la afici\u00f3n tras su paso por el Hiopos Lleida, donde estuvo cedido la pasada temporada. No ser\u00e1 f\u00e1cil acordar su incorporaci\u00f3n porque hay que realizar una laboriosa gesti\u00f3n con el Valencia Basket y que Pedro Mart\u00ednez autorice su salida, para que pase en propiedad al Covir\u00e1n. <\/p>\n<p class=\"v-p\">Bozic est\u00e1 orientado hacia la titularidad, para ser el &#8216;cuatro&#8217; con m\u00e1s minutos, dado que posee calidad y es capaz de aportar en todas las facetas del juego. Es vers\u00e1til y se mueve bien en el per\u00edmetro como &#8216;tres&#8217; incluso. No tendr\u00e1 tantos galones como el franc\u00e9s Amine Noua y est\u00e1 lejos de parecerse a Kwan Cheatham, m\u00e1s tirador, o al rocoso Luke Maye. Quiz\u00e1 los seguidores esperaban un tipo con m\u00e1s nombre en ese puesto, pero el Covir\u00e1n no quiere depender de uno o dos jugadores y opta, en este caso, por la experiencia. <\/p>\n<p class=\"v-p\">Asimismo, Bozic tendr\u00e1 la ayuda de Beqa Burjanadze, otro avezado ala-p\u00edvot, con 226 partidos acumulados en la Liga Endesa y que dej\u00f3 el sello de su garra el pasado curso en las filas del Leyma Coru\u00f1a. As\u00ed es que la posici\u00f3n de &#8216;cuatro&#8217; est\u00e1 bien cubierta. Tablas no le faltan y, encima, a Bozic y &#8216;Burja&#8217; les podr\u00e1n ayudar el capit\u00e1n Pere Tom\u00e0s \u2013no ha hecho el club oficial su renovaci\u00f3n\u2013 y el finland\u00e9s Elias Valtonen, m\u00e1s joven pero que ha cuajado en ACB tras su infructuoso paso por el Baxi Manresa y relanzamiento en Granada.<\/p>\n<p class=\"v-p\">La afici\u00f3n nazar\u00ed, por tanto, podr\u00e1 perdonar la ausencia de un &#8216;cuatro&#8217; llamativo con dos hombres que garantizan sacrificio y trabajo y otros dos, que siendo &#8216;tres&#8217;, han demostrado ser &#8216;pegamento&#8217; y sacrificarse por el bloque. Lo que no iba a disculpar el p\u00fablico es que no hubiera un &#8216;center&#8217; puro contrastado, despu\u00e9s de lo que pas\u00f3 con Rub\u00e9n Guerrero, al que le vino grande la responsabilidad, y la forzada situaci\u00f3n del &#8216;cuatro&#8217;, a la larga lesionado, Jacob Wiley.<\/p>\n<p class=\"v-p\">De ah\u00ed la llegada del estadounidense Zach Hankins, que es el &#8216;techo&#8217; de la plantilla con 211 cent\u00edmetros. Tiene nivel de competiciones europeas, aunque la duda que asalta es su adaptaci\u00f3n a la ACB, en la que ser\u00e1 debutante. Tambi\u00e9n posee mucha experiencia: 29 a\u00f1os, pero ligas como la checa, rumana, israel\u00ed o de Puerto Rico aparentan ser de una exigencia menor a la Liga Endesa. <\/p>\n<p>Poder\u00edo f\u00edsico<\/p>\n<p class=\"v-p\">En cualquier caso, el seguidor puede verse con el nuevo juego interior menos defraudado esta vez. De hecho, Burjanadze mejora en poder\u00edo f\u00edsico a Edgar Vicedo, lesionado casi todo el ejercicio. Algo necesario para justificar la subida en los abonos, que rondan el precio del Bar\u00e7a o Unicaja y superan a Baskonia o Murcia, \u00e9stos con competici\u00f3n europea incluida, aunque en el Mart\u00edn Carpena o el Buesa Arena haya que ver el baloncesto casi con prism\u00e1ticos. <\/p>\n<p class=\"v-p\">Los relevos para Hankins ser\u00e1n Babatunde Olumuyiwa y el campe\u00f3n mundial de 3&#215;3 Iv\u00e1n Aurrecoechea, que ten\u00eda contrato en vigor. La presencia de &#8216;Tunde&#8217; aporta el perfil del interior musculoso, maduro por sus 33 a\u00f1os, de energ\u00eda y atleticismo al estilo de &#8216;Petit&#8217; Niang, que pas\u00f3 por Granada de forma reciente y milita en la segunda divisi\u00f3n francesa, y el tambi\u00e9n senegal\u00e9s que vino hace dos cursos: Malik Dime. Una figura de m\u00fasculo y f\u00edsico que se recupera, quiz\u00e1 imprescindible para la intimidaci\u00f3n, rebote y puntos cerca del aro. Con 2,05, &#8216;Tunde&#8217; no es enorme en estatura pero s\u00ed en agilidad.<\/p>\n<p>La guinda<\/p>\n<p class=\"v-p\">El Covir\u00e1n tiene ya doce de los trece jugadores con los que piensa iniciar la temporada. Los bases Rousselle y Speight, los escoltas Kljajic y Dur\u00e1n, los aleros Valtonen, Munnings y Tom\u00e0s, los ala-p\u00edvots Bozic y Burjanadze y los p\u00edvots Hankins, Olumuyiwa y Aurrecoechea. <\/p>\n<p class=\"v-p\">El club no ha dado como oficiales todav\u00eda a Bozic, a la espera de que Pedro Mart\u00ednez confirme el permiso aunque hay acuerdo, Speight, que se mantuvo en &#8216;barbecho&#8217; en funci\u00f3n del exterior extracomunitario, Munnings, cuyo futuro se resolvi\u00f3 desde que este medio adelantara hace unos d\u00edas que la FIBA dio el visto bueno al &#8216;transfer&#8217; de Zurbriggen, en la misma situaci\u00f3n por su v\u00ednculo con el Fuenlabrada, y Tom\u00e0s, el capit\u00e1n y claro nexo del futuro vestuario con el cuerpo t\u00e9cnico y la directiva.<\/p>\n","protected":false},"excerpt":{"rendered":"El Covir\u00e1n se ha armado r\u00e1pido a pesar de la incertidumbre que pas\u00f3 al no saber si ocupar\u00eda&hellip;\n","protected":false},"author":2,"featured_media":21897,"comment_status":"","ping_status":"","sticky":false,"template":"","format":"standard","meta":{"footnotes":""},"categories":[269],"tags":[299,298,10201,3446,12907,168,25,24,584,1444,10200,524,12908,23,167,12906],"class_list":{"0":"post-21896","1":"post","2":"type-post","3":"status-publish","4":"format-standard","5":"has-post-thumbnail","7":"category-baloncesto","8":"tag-baloncesto","9":"tag-basketball","10":"tag-bozic","11":"tag-coviran","12":"tag-croata","13":"tag-deportes","14":"tag-es","15":"tag-espana","16":"tag-interior","17":"tag-juego","18":"tag-luka","19":"tag-nuevo","20":"tag-redondea","21":"tag-spain","22":"tag-sports","23":"tag-versatil"},"share_on_mastodon":{"url":"","error":""},"_links":{"self":[{"href":"https:\/\/www.europesays.com\/es\/wp-json\/wp\/v2\/posts\/21896","targetHints":{"allow":["GET"]}}],"collection":[{"href":"https:\/\/www.europesays.com\/es\/wp-json\/wp\/v2\/posts"}],"about":[{"href":"https:\/\/www.europesays.com\/es\/wp-json\/wp\/v2\/types\/post"}],"author":[{"embeddable":true,"href":"https:\/\/www.europesays.com\/es\/wp-json\/wp\/v2\/users\/2"}],"replies":[{"embeddable":true,"href":"https:\/\/www.europesays.com\/es\/wp-json\/wp\/v2\/comments?post=21896"}],"version-history":[{"count":0,"href":"https:\/\/www.europesays.com\/es\/wp-json\/wp\/v2\/posts\/21896\/revisions"}],"wp:featuredmedia":[{"embeddable":true,"href":"https:\/\/www.europesays.com\/es\/wp-json\/wp\/v2\/media\/21897"}],"wp:attachment":[{"href":"https:\/\/www.europesays.com\/es\/wp-json\/wp\/v2\/media?parent=21896"}],"wp:term":[{"taxonomy":"category","embeddable":true,"href":"https:\/\/www.europesays.com\/es\/wp-json\/wp\/v2\/categories?post=21896"},{"taxonomy":"post_tag","embeddable":true,"href":"https:\/\/www.europesays.com\/es\/wp-json\/wp\/v2\/tags?post=21896"}],"curies":[{"name":"wp","href":"https:\/\/api.w.org\/{rel}","templated":true}]}}