{"id":218983,"date":"2025-11-05T01:16:16","date_gmt":"2025-11-05T01:16:16","guid":{"rendered":"https:\/\/www.europesays.com\/es\/218983\/"},"modified":"2025-11-05T01:16:16","modified_gmt":"2025-11-05T01:16:16","slug":"el-eco-imperecedero-de-la-protectora-eterna-de-la-montana-palentina","status":"publish","type":"post","link":"https:\/\/www.europesays.com\/es\/218983\/","title":{"rendered":"El eco imperecedero de la protectora eterna de la Monta\u00f1a Palentina"},"content":{"rendered":"<p><a class=\"v-mdl-ath__fig-a\" href=\"https:\/\/www.elnortedecastilla.es\/autor\/el-norte-2102.html\" title=\"El Norte\" rel=\"nofollow noopener\" target=\"_blank\"><br \/>\n<img decoding=\"async\" class=\"v-mdl-ath__img\" src=\"https:\/\/www.europesays.com\/es\/wp-content\/uploads\/2025\/09\/1758600071_110_autor-2102-foto-2.png\" alt=\"El Norte\"\/><br \/>\n<\/a><\/p>\n<p class=\"v-mdl-ath__p v-mdl-ath__p--6\">\nMartes, 4 de noviembre 2025, 09:45<\/p>\n<p class=\"v-p\">En la Monta\u00f1a Palentina, donde el viento azota los valles y los pueblos se aferran a la memoria como ra\u00edces a la tierra, naci\u00f3 una figura irrepetible: Piedad Isla. No fue solo una fot\u00f3grafa, sino una cronista visual, una etn\u00f3loga autodidacta que captur\u00f3 el alma de un mundo en desaparici\u00f3n. Su legado, preservado y exaltado por la Diputaci\u00f3n de Palencia, culmina en el Premio Nacional de Fotograf\u00eda Piedad Isla, un galard\u00f3n que no solo honra su nombre, sino que se ha erigido como uno de los m\u00e1s prestigiosos del panorama espa\u00f1ol. Con 16 ediciones desde el a\u00f1o 2010, este premio ha reunido a titanes de la lente, desde Cristina Garc\u00eda Rodero hasta el \u00faltimo distinguido, el zamorano Claudio de la Cal, que se consolida de esta manera como un faro de la fotograf\u00eda social, documental y humanista. <\/p>\n<p class=\"v-p\">La instituci\u00f3n provincial ha logrado en estos a\u00f1os transformar un reconocimiento local en un evento de resonancia nacional, atrayendo jurados de \u00e9lite, exposiciones itinerantes y un prestigio que trasciende fronteras. En palabras del vicepresidente de la Fundaci\u00f3n Piedad Isla-Juan Torres, Maximiliano Barrios Felipe, \u00abel premio es muy querido por los fot\u00f3grafos; a todos les hace especial ilusi\u00f3n\u00bb. Y no es para menos, dado que representa la coherencia de una trayectoria, el compromiso con lo rural y la innovaci\u00f3n en la captura de lo ef\u00edmero.<\/p>\n<p class=\"v-p\">El Premio Piedad Isla no es un mero galard\u00f3n; es una <a href=\"https:\/\/www.elnortedecastilla.es\/palencia\/claudio-cal-galardonado-premio-fotografia-piedad-isla-20251027200934-nt.html\" data-voc-vtm-id=\"in-text-traffic\" title=\"celebraci\u00f3n de la fotograf\u00eda como herramienta de memoria colectiva\" data-mrf-link=\"www.elnortedecastilla.es\" rel=\"nofollow noopener\" target=\"_blank\">celebraci\u00f3n de la fotograf\u00eda como herramienta de memoria colectiva<\/a>. Creado en 2010, un a\u00f1o despu\u00e9s del fallecimiento de Piedad en noviembre de 2009, surgi\u00f3 como respuesta institucional a su ausencia. La Diputaci\u00f3n de Palencia, bajo la batuta de su \u00e1rea de Cultura, vio en \u00e9l la oportunidad de perpetuar el esp\u00edritu de una mujer que, montada en su Vespa, recorri\u00f3 caminos impracticables para documentar la Espa\u00f1a vaciada antes de que el t\u00e9rmino existiera. \u00abPiedad Isla fue mi maestra sin conocerla\u00bb, declar\u00f3 Cristina Garc\u00eda Rodero, la primera galardonada en 2010, una afirmaci\u00f3n que resuena como un mantra entre los premiados. <\/p>\n<p class=\"v-p\">Garc\u00eda Rodero, pionera en la agencia Magnum y maestra de la fotograf\u00eda etnogr\u00e1fica, encontr\u00f3 en Piedad Isla un espejo de su propia obsesi\u00f3n por las tradiciones populares. Su obra, marcada por fiestas ancestrales y rostros curtidos, dialoga directamente con las im\u00e1genes de la fot\u00f3grafa palentina: campesinos con yuntas de bueyes, herreros en forjas humeantes, mujeres que hilan en ruecas bajo la luz mortecina de las chimeneas.<\/p>\n<p class=\"v-p\">La evoluci\u00f3n del premio ha sido mete\u00f3rica, gracias al empuje de la Diputaci\u00f3n. Lo que comenz\u00f3 como un homenaje provincial se ha convertido en un referente nacional, con un jurado compuesto por diputados de todos los grupos pol\u00edticos, representantes de las dos principales asociaciones fotogr\u00e1ficas de Espa\u00f1a, el \u00faltimo premiado y dos o tres galardonados previos. Esta estructura garantiza transparencia y consenso, como explica Carolina Valbuena, diputada de Cultura. \u00abHay debates sanos, coloquiales, donde cada uno defiende su postura con libertad\u00bb, afirma la diputada a Ical. Los criterios prioritarios: coherencia, trayectoria, compromiso social, innovaci\u00f3n y, sobre todo, un v\u00ednculo con el esp\u00edritu de Piedad. No se premia la fama ef\u00edmera, sino la profundidad humanista.<\/p>\n<p><img decoding=\"async\" loading=\"lazy\" src=\"https:\/\/www.europesays.com\/es\/wp-content\/uploads\/2025\/11\/_04MAX202510711962-kPCG-U240106052160PvD-624x385@El Norte.jpg\" class=\"v-a-img\" width=\"624\" height=\"385\" alt=\"Fotograf\u00eda costumbrista tomada por Piedad Isla en la Monta\u00f1a Palentina en 1956.\" data-voc-vtm-id=\"in-text-traffic\"\/><\/p>\n<p>Fotograf\u00eda costumbrista tomada por Piedad Isla en la Monta\u00f1a Palentina en 1956.<\/p>\n<p><img loading=\"lazy\" decoding=\"async\" src=\"https:\/\/www.europesays.com\/es\/wp-content\/uploads\/2025\/11\/_04MAX202510711962-kPCG-U240106052160PvD-624x385@El Norte.jpg\" class=\"v-mdl__img-z\" width=\"624\" height=\"385\" alt=\"\"\/><\/p>\n<p class=\"v-p\">\u00abIntentamos unir la figura de Piedad y su trabajo al fot\u00f3grafo candidato\u00bb, a\u00f1ade Valbuena. As\u00ed, el premio ha honrado diversidad: desde el neorrealismo crudo de Ram\u00f3n Masats (2011), capturador de la Espa\u00f1a franquista en transici\u00f3n, hasta la movida madrile\u00f1a vibrante de Ouka Leele (2012), cuya explosi\u00f3n de color y creatividad contrasta con la sobriedad rural de Isla, pero comparte su mirada benevolente.<\/p>\n<p class=\"v-p\">Colita (2013), la fot\u00f3grafa catalana encontr\u00f3 en Piedad Isla un refugio de autenticidad. Su obra, un compendio de mujeres pioneras en la fotograf\u00eda espa\u00f1ola, resalta c\u00f3mo Isla fue una anomal\u00eda: autodidacta en el mundo rural machista de los a\u00f1os 50 y 60, sin influencias de Cartier-Bresson o Giacometti, que descubri\u00f3 tard\u00edamente. \u00abFot\u00f3grafas ha habido, pero urbanitas, de familia burguesa\u00bb, apunta Barrios Felipe. Piedad, en cambio, era la fot\u00f3grafa de Cervera de Pisuerga, la que hac\u00eda carn\u00e9s de identidad y cubr\u00eda bodas para subsistir, mientras su pasi\u00f3n etnogr\u00e1fica la impulsaba a rescatar aperos olvidados y formas de vida extinguidas.<\/p>\n<p class=\"v-p\">El salto cualitativo del premio se evidencia en sus galardonados posteriores. Chema Madoz (2014), maestro del surrealismo fotogr\u00e1fico, aporta innovaci\u00f3n conceptual, manipulando objetos cotidianos para cuestionar la realidad, un eco lejano de c\u00f3mo Piedad transformaba lo mundano en eterno. Marisa Fl\u00f3rez (2015), cronista gr\u00e1fica de la Transici\u00f3n espa\u00f1ola, con \u00abim\u00e1genes ic\u00f3nicas como Su\u00e1rez solo en el esca\u00f1o o Carrillo descendiendo escaleras con Ib\u00e1rruri\u00bb, recuerda Maximiliano. Im\u00e1genes que encarnan el compromiso social que Carolina Valbuena destaca. \u00abDenunciar situaciones o tragedias, ofrecer una visi\u00f3n amable de lo insignificante\u00bb, objetivos importantes a la hora de decidir a los premiados y que destaquen tanto, como lo hac\u00edan las fotograf\u00edas de Piedad Isla. <\/p>\n<p class=\"v-p\">Juan Manuel Castro Prieto (2016), revelador de negativos hist\u00f3ricos y Premio Nacional de Fotograf\u00eda, fue clave en la digitalizaci\u00f3n del archivo de Isla, positivado en su estudio madrile\u00f1o. \u00abEra el mejor de blanco y negro para artistas consagrados\u00bb, recuerda Barrios.<\/p>\n<p class=\"v-p\">Tino Soriano (2017), colaborador de National Geographic, trae el viaje y la exploraci\u00f3n global, pero siempre con ra\u00edz humanista. Juan Manuel D\u00edaz Burgos (2018) profundiza en la memoria colectiva; Josep Mar\u00eda Ribas i Proust (2019) revive t\u00e9cnicas del siglo XIX como la platinotipia, honrando el oficio puro que Piedad ejerci\u00f3 sin pretensiones art\u00edsticas iniciales. Jos\u00e9 Manuel Navia (2020), cuyo libro sobre la Monta\u00f1a Palentina dialoga directamente con Isla, une literatura y paisaje rural. Pilar Peque\u00f1o (2021) explora la naturaleza \u00edntima; Javier Bauluz (2022), primer espa\u00f1ol con un Pulitzer por su cobertura de inmigraci\u00f3n, denuncia la Espa\u00f1a vaciada con crudeza period\u00edstica. <\/p>\n<p class=\"v-p\">Sof\u00eda Moro (2023) y Benito Rom\u00e1n (2024) contin\u00faan esta l\u00ednea, y<a href=\"https:\/\/www.elnortedecastilla.es\/palencia\/claudio-cal-guardian-visual-espana-vaciada-20251102162302-nt_amp.html\" data-voc-vtm-id=\"in-text-traffic\" title=\" Claudio de la Cal (2025), el m\u00e1s reciente\" data-mrf-link=\"www.elnortedecastilla.es\" rel=\"nofollow noopener\" target=\"_blank\"> Claudio de la Cal (2025), el m\u00e1s reciente<\/a>, pone el foco en pueblos con menos de treinta habitantes, \u00abdenunciando la despoblaci\u00f3n, con similitud a Piedad\u00bb, como se\u00f1ala Valbuena.<\/p>\n<p class=\"v-p\">La Diputaci\u00f3n ha sido el motor de este ensalzamiento nacional. Desde la subvenci\u00f3n inicial en 1992 para catalogar la colecci\u00f3n museogr\u00e1fica de Piedad \u2013que comenz\u00f3 en su casa-palacio del siglo XV en 1980\u2013, hasta la creaci\u00f3n de la Fundaci\u00f3n en 2000 y el concurso de fotograf\u00eda en 2009, la instituci\u00f3n ha invertido en preservaci\u00f3n y difusi\u00f3n. Digitalizaron 60.000 negativos con fondos europeos, organizaron exposiciones con positivos de Castro Prieto y promovieron reportajes en El Pa\u00eds Semanal que catapultaron a Piedad al mapa nacional. <\/p>\n<p class=\"v-p\">Hoy, el Museo Etnogr\u00e1fico de Cervera, indisociable de su figura, es un centro vivo. \u00abUn homenaje a la gente del territorio y un testimonio para nuevas generaciones\u00bb, dice Barrios. Los premiados lo visitan invariablemente, atra\u00eddos por el entorno que forj\u00f3 a Isla, reconoce el vicepresidente de la Fundaci\u00f3n con un halo de admiraci\u00f3n por todos y cada uno de ellos, lo que demuestra un encandilamiento que solo los amantes por las instant\u00e1neas son capaces de describir.<\/p>\n<p>Pasi\u00f3n etnogr\u00e1fica<\/p>\n<p class=\"v-p\">Piedad Isla no buscaba gloria; su fotograf\u00eda era subsistencia, su etnograf\u00eda pasi\u00f3n. A mediados de los 70, alertada por el cierre de minas y la motorizaci\u00f3n agr\u00edcola, recopil\u00f3 piezas donadas o compradas, abri\u00f3 su hogar a colas de vecinos y captur\u00f3 estampas irrepetibles: animales de tiro antes de los tractores, mesas de madera antes de la formica. Junto a su marido Juan Torres, salv\u00f3 una memoria que ard\u00eda en hogueras de olvido. \u00abElla era parte de ese paisaje, con esa mirada benevolente\u00bb, describe Barrios. Autodidacta, pionera rural, mujer en un oficio masculino, su crudeza neorrealista siempre fue compasiva\u00ab.<\/p>\n<p><img decoding=\"async\" loading=\"lazy\" src=\"https:\/\/www.europesays.com\/es\/wp-content\/uploads\/2025\/11\/_04MAX202510711959-kPCG-U240106052160xnF-624x385@El Norte.jpg\" class=\"v-a-img\" width=\"624\" height=\"385\" alt=\"Museo etnogr\u00e1fico de Piedad Isla.\" data-voc-vtm-id=\"in-text-traffic\"\/><\/p>\n<p>Museo etnogr\u00e1fico de Piedad Isla.<\/p>\n<p>Ical<\/p>\n<p><img loading=\"lazy\" decoding=\"async\" src=\"https:\/\/www.europesays.com\/es\/wp-content\/uploads\/2025\/11\/_04MAX202510711959-kPCG-U240106052160xnF-624x385@El Norte.jpg\" class=\"v-mdl__img-z\" width=\"624\" height=\"385\" alt=\"\"\/><\/p>\n<p class=\"v-p\">Maximiliano se\u00f1ala que los dos pilares que impulsaron a la fot\u00f3grafa y etn\u00f3loga a transformar su casa-palacio del siglo XV en Cervera de Pisuerga en un museo etnogr\u00e1fico vivo desde 1980 fueron un homenaje profundo a la gente de la Monta\u00f1a Palentina, cuyos esfuerzos y sudores forjaron las comodidades modernas, y un testimonio educativo para las nuevas generaciones, ante el olvido doloroso que Piedad presenci\u00f3 en los hijos de la emigraci\u00f3n.<\/p>\n<p class=\"v-p\">\u00abLo que le incit\u00f3 a abrir el museo fue cuando vio que esos j\u00f3venes, estudiando Medicina en Madrid gracias al sacrificio de sus abuelas, que hilaban en ruecas hasta dejarse los dedos y los ojos exhaustos para labrar un futuro a sus nietos, que no sab\u00edan qu\u00e9 era una rueca ni un trillo\u00bb, explica Barrios, quien ha reconstruido esta motivaci\u00f3n no verbalizada pero impl\u00edcita en las an\u00e9cdotas de Isla. Este dolor por la desconexi\u00f3n generacional la llev\u00f3 a recopilar miles de piezas -donadas, compradas o rescatadas de chatarrer\u00edas-, lo que convirti\u00f3 su hogar en un santuario de memoria colectiva donde los visitantes no solo contemplan aperos olvidados, sino que aprenden la dignidad del trabajo rural que sustenta el presente.<\/p>\n<p class=\"v-p\">El premio, con dotaci\u00f3n econ\u00f3mica, exposici\u00f3n monogr\u00e1fica y edici\u00f3n de cat\u00e1logo, ha elevado estos valores. \u00abEs un premio nacional con relevancia, no de provincia\u00bb, insiste Valbuena. Ha impulsado carreras: algunos galardonados recibieron reconocimientos posteriores, validando su objetividad. El jurado, con debates apasionados, asegura consenso. Y la promoci\u00f3n de la Monta\u00f1a Palentina es colateral, ya que los premiados descubren Cervera de Pisuerga, su entorno, su museo, incluso su Vespa legendaria cada vez que visitan Palencia para recoger su m\u00e1s que merecido galard\u00f3n. \u00abHay una parte muy positiva que es la promoci\u00f3n de nuestra querida monta\u00f1a porque al final hablar de Piedad Isla significa que mucha gente descubre la Monta\u00f1a Palentina. La mayor parte de los fot\u00f3grafos conoce el trabajo de Piedad\u00bb, asegura Valbuena.<\/p>\n<p class=\"v-p\">Este 2025, el fot\u00f3grafo benaventano, Claudio de la Cal recibir\u00e1 su premio en una ceremonia que, por primera vez, se abrir\u00e1 al p\u00fablico amante de la fotograf\u00eda, con un reconocimiento en el teatro Ortega de la capital el pr\u00f3ximo 6 de noviembre a las 19:00 horas. De la Cal, un fot\u00f3grafo con una trayectoria sobresaliente, adem\u00e1s de un creador profundamente arraigado en la cultura y la memoria de nuestros pueblos, ha convertido a lo largo de los a\u00f1os la fotograf\u00eda en una herramienta de reflexi\u00f3n, testimonio y resistencia ante el olvido. <\/p>\n<p class=\"v-p\">Adem\u00e1s, este a\u00f1o la ceremonia tendr\u00e1 un momento muy especial con el preestreno de la pel\u00edcula documental &#8216;Isla Ind\u00f3mita&#8217;, de Pablo Garc\u00eda y Miguel S\u00e1nchez, que se nutre de entrevistas realizadas tanto a personas muy cercanas a Piedad Isla, y que le conocieron en vida. \u00abEl productor y el director se han volcado para producirlo y nosotros vamos a tener la suerte de poder verlo en exclusiva, antes de su estreno previsto para la primavera del pr\u00f3ximo a\u00f1o\u00bb, se\u00f1ala Carolina Valbuena. \u00abAunque no es una pel\u00edcula definitiva, quiz\u00e1 por eso puede llegar a ser m\u00e1s atractiva\u00bb, completa. <\/p>\n<p class=\"v-p\">Piedad Isla, la guardiana de lo ef\u00edmero, vive en cada clic de sus herederos. Su premio no solo alaba genios; ensalza la fotograf\u00eda como acto de resistencia cultural. En una Espa\u00f1a que a\u00fan vac\u00eda sus pueblos, este galard\u00f3n grita: recordad, documentad, amad lo cotidiano. Porque, como dijo Garc\u00eda Rodero, \u00abPiedad fue maestra de todos\u00bb.<\/p>\n<p>Reporta un error<\/p>\n","protected":false},"excerpt":{"rendered":"Martes, 4 de noviembre 2025, 09:45 En la Monta\u00f1a Palentina, donde el viento azota los valles y los&hellip;\n","protected":false},"author":2,"featured_media":218984,"comment_status":"","ping_status":"","sticky":false,"template":"","format":"standard","meta":{"footnotes":""},"categories":[173],"tags":[229,233,231,230,232,234,9374,146,147,25,24,5010,58513,5329,29316,58514,23],"class_list":{"0":"post-218983","1":"post","2":"type-post","3":"status-publish","4":"format-standard","5":"has-post-thumbnail","7":"category-arte-y-diseno","8":"tag-arte","9":"tag-arte-y-diseno","10":"tag-arts","11":"tag-arts-and-design","12":"tag-design","13":"tag-diseno","14":"tag-eco","15":"tag-entertainment","16":"tag-entretenimiento","17":"tag-es","18":"tag-espana","19":"tag-eterna","20":"tag-imperecedero","21":"tag-montana","22":"tag-palentina","23":"tag-protectora","24":"tag-spain"},"share_on_mastodon":{"url":"https:\/\/pubeurope.com\/@es\/115494452462530363","error":""},"_links":{"self":[{"href":"https:\/\/www.europesays.com\/es\/wp-json\/wp\/v2\/posts\/218983","targetHints":{"allow":["GET"]}}],"collection":[{"href":"https:\/\/www.europesays.com\/es\/wp-json\/wp\/v2\/posts"}],"about":[{"href":"https:\/\/www.europesays.com\/es\/wp-json\/wp\/v2\/types\/post"}],"author":[{"embeddable":true,"href":"https:\/\/www.europesays.com\/es\/wp-json\/wp\/v2\/users\/2"}],"replies":[{"embeddable":true,"href":"https:\/\/www.europesays.com\/es\/wp-json\/wp\/v2\/comments?post=218983"}],"version-history":[{"count":0,"href":"https:\/\/www.europesays.com\/es\/wp-json\/wp\/v2\/posts\/218983\/revisions"}],"wp:featuredmedia":[{"embeddable":true,"href":"https:\/\/www.europesays.com\/es\/wp-json\/wp\/v2\/media\/218984"}],"wp:attachment":[{"href":"https:\/\/www.europesays.com\/es\/wp-json\/wp\/v2\/media?parent=218983"}],"wp:term":[{"taxonomy":"category","embeddable":true,"href":"https:\/\/www.europesays.com\/es\/wp-json\/wp\/v2\/categories?post=218983"},{"taxonomy":"post_tag","embeddable":true,"href":"https:\/\/www.europesays.com\/es\/wp-json\/wp\/v2\/tags?post=218983"}],"curies":[{"name":"wp","href":"https:\/\/api.w.org\/{rel}","templated":true}]}}