{"id":219000,"date":"2025-11-05T01:33:05","date_gmt":"2025-11-05T01:33:05","guid":{"rendered":"https:\/\/www.europesays.com\/es\/219000\/"},"modified":"2025-11-05T01:33:05","modified_gmt":"2025-11-05T01:33:05","slug":"el-carlos-alcaraz-mas-espontaneo-recibe-carino-y-un-homenaje-en-el-palmar-te-puedo-dar-un-abrazo","status":"publish","type":"post","link":"https:\/\/www.europesays.com\/es\/219000\/","title":{"rendered":"El Carlos Alcaraz m\u00e1s espont\u00e1neo recibe cari\u00f1o y un homenaje en El Palmar: \u00ab\u00bfTe puedo dar un abrazo?\u00bb"},"content":{"rendered":"<p class=\"typo-tk-rs-caption-xs\">Precisi\u00f3n de francotirador: Alcaraz pone a punto su saque en &#8216;indoor&#8217; en un juego de punter\u00eda<\/p>\n<p class=\"typo-tk-rs-caption-xs\">Autor del v\u00eddeo: Eurosport<\/p>\n<p><b data-testid=\"body-text-bold\">Carlos Alcaraz sigue preparando las ATP Finals 2025<\/b> en las que espera recuperar ese primer puesto del ranking ATP. El tenista murciano, que ha completado su \u00faltimo entrenamineto antes de marcharse a Tur\u00edn, ha recibido un bonito homenaje en la Real Sociedad Club de Campo de El Palmar, en su localidad natal.<\/p>\n<p>La Real Sociedad Club de Campo de El Palmar ha querido homenajear al vigente campe\u00f3n de Roland-Garros nombr\u00e1ndole socio de honor. All\u00ed, en la academia de tenis, el tenista murciano ha recibido el cari\u00f1o de muchos ni\u00f1os que tuvieron un momentazo con el que es uno de los mejores tenistas de todo el mundo y un atleta de m\u00e1xima elite. Adem\u00e1s de pedirle <b data-testid=\"body-text-bold\">abrazos<\/b>, como se puede esuchar en el v\u00eddeo, Alcaraz tambi\u00e9n ha estado observando c\u00f3mo jugaban los m\u00e1s peque\u00f1os y ha mantenido una <b data-testid=\"body-text-bold\">espont\u00e1nea charla<\/b> con algunos peque\u00f1os que se han acercado.<\/p>\n<p>Este acto es todav\u00eda m\u00e1s especial si tenemos en cuenta que en esas pistas que se ven en los v\u00eddeos fue donde Carlos Alcaraz <b data-testid=\"body-text-bold\">comenz\u00f3 a jugar al tenis<\/b> y a forjar su leyenda dentro de las pistas. \u00abEstoy muy orgulloso de poder ayudar a revitalizar el club donde empec\u00e9. B\u00e1sicamente, es el club de mi familia; siempre dec\u00eda que pasaba m\u00e1s tiempo aqu\u00ed que en casa. Conozco a todos los miembros de la junta directiva, y ellos me conocen desde que ten\u00eda 3 a\u00f1os\u00bb, expres\u00f3 Carlos Alcaraz en unas palabras durante el evento.<\/p>\n","protected":false},"excerpt":{"rendered":"Precisi\u00f3n de francotirador: Alcaraz pone a punto su saque en &#8216;indoor&#8217; en un juego de punter\u00eda Autor del&hellip;\n","protected":false},"author":2,"featured_media":219001,"comment_status":"","ping_status":"","sticky":false,"template":"","format":"standard","meta":{"footnotes":""},"categories":[274],"tags":[58515,168,25,24,23,167,327,326],"class_list":{"0":"post-219000","1":"post","2":"type-post","3":"status-publish","4":"format-standard","5":"has-post-thumbnail","7":"category-tenis","8":"tag-atp-finals-2025","9":"tag-deportes","10":"tag-es","11":"tag-espana","12":"tag-spain","13":"tag-sports","14":"tag-tenis","15":"tag-tennis"},"share_on_mastodon":{"url":"https:\/\/pubeurope.com\/@es\/115494519074177997","error":""},"_links":{"self":[{"href":"https:\/\/www.europesays.com\/es\/wp-json\/wp\/v2\/posts\/219000","targetHints":{"allow":["GET"]}}],"collection":[{"href":"https:\/\/www.europesays.com\/es\/wp-json\/wp\/v2\/posts"}],"about":[{"href":"https:\/\/www.europesays.com\/es\/wp-json\/wp\/v2\/types\/post"}],"author":[{"embeddable":true,"href":"https:\/\/www.europesays.com\/es\/wp-json\/wp\/v2\/users\/2"}],"replies":[{"embeddable":true,"href":"https:\/\/www.europesays.com\/es\/wp-json\/wp\/v2\/comments?post=219000"}],"version-history":[{"count":0,"href":"https:\/\/www.europesays.com\/es\/wp-json\/wp\/v2\/posts\/219000\/revisions"}],"wp:featuredmedia":[{"embeddable":true,"href":"https:\/\/www.europesays.com\/es\/wp-json\/wp\/v2\/media\/219001"}],"wp:attachment":[{"href":"https:\/\/www.europesays.com\/es\/wp-json\/wp\/v2\/media?parent=219000"}],"wp:term":[{"taxonomy":"category","embeddable":true,"href":"https:\/\/www.europesays.com\/es\/wp-json\/wp\/v2\/categories?post=219000"},{"taxonomy":"post_tag","embeddable":true,"href":"https:\/\/www.europesays.com\/es\/wp-json\/wp\/v2\/tags?post=219000"}],"curies":[{"name":"wp","href":"https:\/\/api.w.org\/{rel}","templated":true}]}}