{"id":219054,"date":"2025-11-05T02:14:12","date_gmt":"2025-11-05T02:14:12","guid":{"rendered":"https:\/\/www.europesays.com\/es\/219054\/"},"modified":"2025-11-05T02:14:12","modified_gmt":"2025-11-05T02:14:12","slug":"monica-garcia-afea-a-javier-arenas-que-haya-vapeado-desde-el-escano-durante-el-pleno-del-senado-y-el-lo-niega","status":"publish","type":"post","link":"https:\/\/www.europesays.com\/es\/219054\/","title":{"rendered":"M\u00f3nica Garc\u00eda afea a Javier Arenas que haya vapeado desde el esca\u00f1o durante el Pleno del Senado y \u00e9l lo niega"},"content":{"rendered":"<p class=\"c-paragraph\">La ministra de Sanidad, <a href=\"https:\/\/www.20minutos.es\/tags\/autores\/monica-garcia.html\" title=\"M\u00f3nica Garc\u00eda\" rel=\"nofollow noopener\" target=\"_blank\">M\u00f3nica Garc\u00eda<\/a>, ha criticado este martes que el secretario general del Grupo Popular en el <a href=\"https:\/\/www.20minutos.es\/tags\/temas\/senado.html\" title=\"Senado\" rel=\"nofollow noopener\" target=\"_blank\">Senado<\/a>, <a href=\"https:\/\/www.20minutos.es\/tags\/personas\/javier-arenas.html\" title=\"Javier Arenas\" rel=\"nofollow noopener\" target=\"_blank\">Javier Arenas<\/a>, <b>estuviera fumando un v\u00e1per detr\u00e1s de ella<\/b>, en su esca\u00f1o en el hemiciclo, mientras ella interven\u00eda en el Pleno del Senado. Pese a ello, el senador ha negado que llevara a cabo esa acci\u00f3n y que solo se ha llevado el vapeador a la boca como si fuera un bol\u00edgrafo.<\/p>\n<p class=\"c-paragraph\">Los hechos han ocurrido durante la tarde de este martes en la sesi\u00f3n de control al Gobierno en el Senado. Tal y como ha podido verse en las im\u00e1genes del Pleno, Javier Arenas saca de su bolsillo <b>u<b>n objeto alargado que parece ser un cigarrillo electr\u00f3nico y lo inhala.\u00a0<\/b><\/b>En ese instante, otra senadora del PP, Maria Salom, que se sienta a su izquierda, lo ve, le agarra la otra mano para avisarle y le se\u00f1ala con la mirada las pantallas del hemiciclo. Arenas las mira y se guarda inmediatamente el objeto en un bolsillo de su chaqueta.\u00a0<\/p>\n<p class=\"c-paragraph\">A la salida del Pleno, la ministra de Sanidad ha dicho a los periodistas que <b>le parece \u00ababsolutamente ins\u00f3lito\u00bb <\/b>que el n\u00famero dos del PP en el Senado -con esca\u00f1o en la c\u00e1mara alta por designaci\u00f3n del Parlamento andaluz- estuviera fumando de su vaper mientras ella interven\u00eda.\u00a0\u00abTodas las instituciones se las est\u00e1n saltando, y la prueba es el se\u00f1or Arenas vapeando\u00bb, ha apuntado Garc\u00eda.\u00a0<\/p>\n<p class=\"c-paragraph\">La ministra ha hablado de ello tambi\u00e9n en sus redes sociales, donde ha asegurado que <b>es \u00abun mal gesto\u00bb, aunque le \u00abperdona\u00bb.<\/b> \u00abSe\u00f1or Arenas, \u00bfest\u00e1 usted con un cigarrillo electr\u00f3nico a mis espaldas en el Senado mientras intervengo?\u00bb, ha expresado M\u00f3nica Garc\u00eda en una publicaci\u00f3n de la red social X.<\/p>\n<p class=\"c-paragraph\">\u00abEs un mal gesto a la ministra de Sanidad. Se lo perdono, <b>pero haga caso a su compa\u00f1era del PP en dejarlo<\/b>. Puede consultar con su m\u00e9dico de atenci\u00f3n primaria\u00bb, ha a\u00f1adido la ministra.\u00a0<\/p>\n<p>Arenas niega que haya fumado \u00abbajo ning\u00fan concepto\u00bb<\/p>\n<p class=\"c-paragraph\">Tras el momento, en los pasillos de la C\u00e1mara Alta, Arenas ha dicho a los periodistas que <b>\u00e9l no ha vapeado \u00abbajo ning\u00fan concepto\u00bb <\/b>ya que ha reiterado que \u00e9l no vapea en interiores. Adem\u00e1s, ha indicado que solo se lo ha puesto en la boca, como el que se lleva \u00abun boli Bic\u00bb. Cabe destacar que el Consejo de Ministros aprob\u00f3 hace dos meses el anteproyecto de la ley antitabaco, a propuesta de Garc\u00eda, que equipara los cigarrillos electr\u00f3nicos y los vapeadores al tabaco convencional.<\/p>\n","protected":false},"excerpt":{"rendered":"La ministra de Sanidad, M\u00f3nica Garc\u00eda, ha criticado este martes que el secretario general del Grupo Popular en&hellip;\n","protected":false},"author":2,"featured_media":219055,"comment_status":"","ping_status":"","sticky":false,"template":"","format":"standard","meta":{"footnotes":""},"categories":[5],"tags":[20142,37640,17,18,25,24,13,14,3142,11,5264,19,20,21317,9,10,15,16,23,12,21,22],"class_list":{"0":"post-219054","1":"post","2":"type-post","3":"status-publish","4":"format-standard","5":"has-post-thumbnail","7":"category-titulares","8":"tag-afea","9":"tag-arenas","10":"tag-breaking-news","11":"tag-breakingnews","12":"tag-es","13":"tag-espana","14":"tag-featured-news","15":"tag-featurednews","16":"tag-garcia","17":"tag-headlines","18":"tag-javier","19":"tag-latest-news","20":"tag-latestnews","21":"tag-monica","22":"tag-news","23":"tag-noticias","24":"tag-noticias-destacadas","25":"tag-noticiasdestacadas","26":"tag-spain","27":"tag-titulares","28":"tag-ultimas-noticias","29":"tag-ultimasnoticias"},"share_on_mastodon":{"url":"https:\/\/pubeurope.com\/@es\/115494680262066241","error":""},"_links":{"self":[{"href":"https:\/\/www.europesays.com\/es\/wp-json\/wp\/v2\/posts\/219054","targetHints":{"allow":["GET"]}}],"collection":[{"href":"https:\/\/www.europesays.com\/es\/wp-json\/wp\/v2\/posts"}],"about":[{"href":"https:\/\/www.europesays.com\/es\/wp-json\/wp\/v2\/types\/post"}],"author":[{"embeddable":true,"href":"https:\/\/www.europesays.com\/es\/wp-json\/wp\/v2\/users\/2"}],"replies":[{"embeddable":true,"href":"https:\/\/www.europesays.com\/es\/wp-json\/wp\/v2\/comments?post=219054"}],"version-history":[{"count":0,"href":"https:\/\/www.europesays.com\/es\/wp-json\/wp\/v2\/posts\/219054\/revisions"}],"wp:featuredmedia":[{"embeddable":true,"href":"https:\/\/www.europesays.com\/es\/wp-json\/wp\/v2\/media\/219055"}],"wp:attachment":[{"href":"https:\/\/www.europesays.com\/es\/wp-json\/wp\/v2\/media?parent=219054"}],"wp:term":[{"taxonomy":"category","embeddable":true,"href":"https:\/\/www.europesays.com\/es\/wp-json\/wp\/v2\/categories?post=219054"},{"taxonomy":"post_tag","embeddable":true,"href":"https:\/\/www.europesays.com\/es\/wp-json\/wp\/v2\/tags?post=219054"}],"curies":[{"name":"wp","href":"https:\/\/api.w.org\/{rel}","templated":true}]}}