{"id":219058,"date":"2025-11-05T02:20:11","date_gmt":"2025-11-05T02:20:11","guid":{"rendered":"https:\/\/www.europesays.com\/es\/219058\/"},"modified":"2025-11-05T02:20:11","modified_gmt":"2025-11-05T02:20:11","slug":"ibiza-celebrara-el-dia-del-pedal-el-domingo-16-de-noviembre","status":"publish","type":"post","link":"https:\/\/www.europesays.com\/es\/219058\/","title":{"rendered":"Ibiza celebrar\u00e1 el D\u00eda del Pedal el domingo 16 de noviembre"},"content":{"rendered":"<p class=\"ft-text\">El <strong>Ayuntamiento de Ibiza <\/strong>celebra una nueva edici\u00f3n de dos iniciativas para fomentar la pr\u00e1ctica deportiva y la vida saludable: el <a class=\"ft-link ft-link--decoration\" href=\"https:\/\/www.diariodeibiza.es\/ibiza\/2024\/11\/10\/dia-del-pedal-ibiza-111564679.html\" target=\"_blank\" rel=\"nofollow noopener\">D\u00eda del Pedal<\/a>, que tendr\u00e1 lugar el domingo 16 de noviembre, y las rutas de <strong>Senderismo y Cicloturismo 2025-2026<\/strong>. Estas actividades, que combinan actividad f\u00edsica, convivencia y conocimiento del territorio, est\u00e1n dirigidas a todas las edades y niveles, con el objetivo de promover una ciudad activa y sostenible.<\/p>\n<p class=\"ft-text\">Sobre el D\u00eda del Pedal, la concejala de Deportes del Ayuntamiento de Ibiza, Catiana Fuster, destaca que ser\u00e1 \u00abuna fiesta familiar sobre ruedas\u00bb. Las inscripciones se podr\u00e1n realizar en el bulevar Abel Matutes entre las 9.30 y las 11 horas. A las 11 horas, empezar\u00e1 el circuito urbano de 13 kil\u00f3metros. A las 11.10 horas, est\u00e1 previsto el circuito urbano infantil de 8 kil\u00f3metros, dirigido a ni\u00f1os y ni\u00f1as de entre 8 y 11 a\u00f1os, con sus acompa\u00f1antes. A las 11.20 horas, los m\u00e1s peque\u00f1os podr\u00e1n participar en un desfile ciclista de 800 metros con triciclos y bicicletas de cuatro ruedas. Paralelamente, se organizar\u00e1 un circuito de educaci\u00f3n vial y otras actividades de sensibilizaci\u00f3n y diversi\u00f3n. Por \u00faltimo, a las 12.45 horas, se celebrar\u00e1 un gran sorteo de bicicletas y otros premios entre las personas participantes.<\/p>\n<p class=\"ft-text\">El evento tambi\u00e9n contar\u00e1 con la colaboraci\u00f3n de la Asociaci\u00f3n de Voluntarios de Ibiza, ADDIF, el instituto Algarb, Protecci\u00f3n Civil de Ibiza y S&#8217;Espurna Fundaci\u00f3 Diocesana. Una semana despu\u00e9s del D\u00eda del Pedal, arrancar\u00e1 el programa Rutas Cicloturistas 2025-2026, que esta edici\u00f3n ofrece nuevos recorridos para descubrir la isla sobre dos ruedas. Las salidas se realizar\u00e1n principalmente en domingo, con diferentes niveles de dificultad para adaptarse a todas las personas aficionadas al ciclismo. El calendario completo es el siguiente:<\/p>\n<p class=\"ft-text\"><strong>23 de noviembre de 2025 \u2013 Ses Salines.<\/strong> Recorrido: Ibiza &#8211; Platja d&#8217;en Bossa &#8211; Ses Salines &#8211; Cap des Falc\u00f3 &#8211; Platja d&#8217;en Bossa &#8211; Ibiza. Distancia: 27 km. Dificultad: f\u00e1cil.<\/p>\n<p class=\"ft-text\"><strong>7 de diciembre de 2025 \u2013 Es Codolar.<\/strong> Recorrido: Ibiza &#8211; Sa Carroca &#8211; Es Codolar &#8211; Platja d&#8217;en Bossa &#8211; Ibiza. Distancia: 28 km. Dificultad: f\u00e1cil.<\/p>\n<p class=\"ft-text\"><strong>11 de enero de 2026 \u2013 Santa Gertrudis. <\/strong>Recorrido: Ibiza &#8211; Santa Gertrudis &#8211; Ibiza. Distancia: 26 km con 300 metros de desnivel positivo. Dificultad: f\u00e1cil.<\/p>\n<p class=\"ft-text\"><strong>24 de enero de 2026 \u2013 Sant Rafael.<\/strong> Recorrido: Ibiza &#8211; Es Forn\u00e0s &#8211; Sant Rafael &#8211; Puig d\u00b4en Valls &#8211; Ibiza. Distancia: 22 km con 473 metros de desnivel. Dificultad: f\u00e1cil con un tramo medio.<\/p>\n<p class=\"ft-text\"><strong>8 de febrero de 2026 \u2013 Es Broll de Buscastell.<\/strong> Recorrido: Ibiza &#8211; Santa Gertrudis &#8211; Buscastell &#8211; Sant Mateu &#8211; Santa Gertrudis &#8211; Ibiza. Distancia: 50 km con 600 m de desnivel. Duraci\u00f3n: todo el dia. Dificultad: media.<\/p>\n<p class=\"ft-text\"><strong>15 de marzo de 2026 &#8211; Ibiza &#8211; Sant Miquel &#8211; Ibiza.<\/strong> Recorrido: Ibiza &#8211; Santa Gertrudis &#8211; Sant Miquel &#8211; Santa Gertrudis &#8211; Ibiza. Distancia: 45 km con 600 m de desnivel. Duraci\u00f3n: todo el dia. Dificultad: media.<\/p>\n<p class=\"ft-text\"><strong>22 de marzo de 2026 \u2013 Infierno (Sa Serra Grossa).<\/strong> Recorrido: Ibiza \u2013 Sa Carroca \u2013 Sa Serra Grossa \u2013 Cantera d&#8217;en Ca\u00f1as \u2013 Ibiza. Distancia: 30 km con 400 m de desnivel. Dificultad: media, con alg\u00fan tramo t\u00e9cnico.<\/p>\n<p class=\"ft-text\"><strong>12 de abril de 2026 \u2013 Sant Josep. <\/strong>Recorrido: Ibiza &#8211; Sa Carroca &#8211; Sant Josep &#8211; Sa Caleta &#8211; Ibiza. Distancia: 45 km con 420 m de desnivel. Duraci\u00f3n: todo el dia. Dificultad: media.<\/p>\n<p class=\"ft-text\"><strong>25 y 26 de abril de 2026 \u2013 Formentera (2 etapas). <\/strong>Primera etapa: Puerto de la Sabina \u2013 Es Pujols \u2013 La Mola \u2013 Es Pujols. Segunda etapa: Es Pujols \u2013 Cabo Barbaria \u2013 Cala Saona \u2013 Puerto de la Savina.<\/p>\n","protected":false},"excerpt":{"rendered":"El Ayuntamiento de Ibiza celebra una nueva edici\u00f3n de dos iniciativas para fomentar la pr\u00e1ctica deportiva y la&hellip;\n","protected":false},"author":2,"featured_media":219059,"comment_status":"","ping_status":"","sticky":false,"template":"","format":"standard","meta":{"footnotes":""},"categories":[273],"tags":[2230,313,312,168,978,58522,1053,25,24,6079,41690,23,167],"class_list":{"0":"post-219058","1":"post","2":"type-post","3":"status-publish","4":"format-standard","5":"has-post-thumbnail","7":"category-ciclismo","8":"tag-celebrara","9":"tag-ciclismo","10":"tag-cycling","11":"tag-deportes","12":"tag-dia","13":"tag-dia-del-pedal","14":"tag-domingo","15":"tag-es","16":"tag-espana","17":"tag-ibiza","18":"tag-pedal","19":"tag-spain","20":"tag-sports"},"share_on_mastodon":{"url":"https:\/\/pubeurope.com\/@es\/115494703777482670","error":""},"_links":{"self":[{"href":"https:\/\/www.europesays.com\/es\/wp-json\/wp\/v2\/posts\/219058","targetHints":{"allow":["GET"]}}],"collection":[{"href":"https:\/\/www.europesays.com\/es\/wp-json\/wp\/v2\/posts"}],"about":[{"href":"https:\/\/www.europesays.com\/es\/wp-json\/wp\/v2\/types\/post"}],"author":[{"embeddable":true,"href":"https:\/\/www.europesays.com\/es\/wp-json\/wp\/v2\/users\/2"}],"replies":[{"embeddable":true,"href":"https:\/\/www.europesays.com\/es\/wp-json\/wp\/v2\/comments?post=219058"}],"version-history":[{"count":0,"href":"https:\/\/www.europesays.com\/es\/wp-json\/wp\/v2\/posts\/219058\/revisions"}],"wp:featuredmedia":[{"embeddable":true,"href":"https:\/\/www.europesays.com\/es\/wp-json\/wp\/v2\/media\/219059"}],"wp:attachment":[{"href":"https:\/\/www.europesays.com\/es\/wp-json\/wp\/v2\/media?parent=219058"}],"wp:term":[{"taxonomy":"category","embeddable":true,"href":"https:\/\/www.europesays.com\/es\/wp-json\/wp\/v2\/categories?post=219058"},{"taxonomy":"post_tag","embeddable":true,"href":"https:\/\/www.europesays.com\/es\/wp-json\/wp\/v2\/tags?post=219058"}],"curies":[{"name":"wp","href":"https:\/\/api.w.org\/{rel}","templated":true}]}}