{"id":219070,"date":"2025-11-05T02:30:14","date_gmt":"2025-11-05T02:30:14","guid":{"rendered":"https:\/\/www.europesays.com\/es\/219070\/"},"modified":"2025-11-05T02:30:14","modified_gmt":"2025-11-05T02:30:14","slug":"osasuna-femenino-cae-derrotado-en-la-copa-de-la-reina-0-3","status":"publish","type":"post","link":"https:\/\/www.europesays.com\/es\/219070\/","title":{"rendered":"Osasuna Femenino cae derrotado en la Copa de la Reina (0-3)"},"content":{"rendered":"<p>\n        El choque comenz\u00f3 con ritmo alto y buenas sensaciones para las locales. Las rojillas lograron enlazar dos acciones de peligro en los primeros minutos. Gisela roz\u00f3 el remate en un centro lateral desde la banda derecha e I. Igoa prob\u00f3 suerte con un cabezazo dentro del \u00e1rea que se march\u00f3 por poco. En el ecuador de la primera mitad, una gran intervenci\u00f3n de N. Rodr\u00edguez evit\u00f3 el tanto visitante tras un cabeceo peligroso. Sin embargo, el equilibrio se rompi\u00f3 poco despu\u00e9s. Lorena Navarro adelant\u00f3 al Badalona tras una r\u00e1pida transici\u00f3n ofensiva y, apenas unos minutos m\u00e1s tarde, P. S\u00e1nchez ampli\u00f3 distancias con un disparo cruzado que sorprendi\u00f3 a la guardameta rojilla.\n<\/p>\n<p>\n        En la segunda mitad, Osasuna intent\u00f3 reaccionar con determinaci\u00f3n, adelantando l\u00edneas y buscando generar peligro por medio de jugadas ensayadas y centros laterales. El equipo lo intent\u00f3 por las bandas y trat\u00f3 de aumentar el ritmo de circulaci\u00f3n, aunque el bloque visitante se mantuvo firme y supo contener las acometidas rojillas. Un desajuste defensivo a la hora de cerrar un contraataque permiti\u00f3 a Priscilla firmar el tercer tanto del Badalona y sentenciar el partido. Aun as\u00ed, las locales no renunciaron al juego y mantuvieron la intensidad hasta el pitido final, tratando de recortar diferencias sin \u00e9xito.\n<\/p>\n<p>  FICHA T\u00c9CNICA<\/p>\n<p><strong>Osasuna Femenino:<\/strong> N. Rodr\u00edguez, Ainhoa S. (Ane Ansa, m. 59), Azpiazu (Saioa L., m. 85), Leire (L. Teruel, m. 59), Etxarri, Vanessa (Andrea, m. 59), I. Igoa, Mait, Marina, Sarriegi, Gisela (Zaira, m. 46).<\/p>\n<p><strong>Badalona Women<\/strong>: Mar\u00eda, Pujadas (Berta, m. 66), Sonia G., Irina, Jankovska, Kullashi (Julve, m. 66), P. S\u00e1nchez (Sara, m. 77), Lorena Navarro, Ana G. (Margarita, m. 81), Celya, Nerea C. (Itziar, m. 66).<\/p>\n<p><strong>Goles:<\/strong> 0-1, m. 32: Lorena Navarro. 0-2, m. 38: P. S\u00e1nchez. 0-3, m. 71: Priscilla.<\/p>\n<p><strong>Incidencias:<\/strong> Partido correspondiente a la tercera ronda de la Copa de S. M. la Reina, disputado en las instalaciones de Tajonar.<\/p>\n<p><strong>\u00c1rbitras:\u00a0<\/strong>Elisabeth Calvo (C. Madrile\u00f1o). Asistida por Andrada Aloman y Victoria Miralles. Por parte del conjunto local, se amonest\u00f3 con amarilla a Mait. Por parte del visitante, a nadie.<\/p>\n<p>\n        Osasuna Femenino afrontar\u00e1 su <strong>pr\u00f3ximo compromiso el domingo 9 de noviembre <\/strong>a las 17:00 horas frente al Atl\u00e9tico de Madrid B, en el partido correspondiente a la novena jornada de la Primera Federaci\u00f3n Femenina.<\/p>\n","protected":false},"excerpt":{"rendered":"El choque comenz\u00f3 con ritmo alto y buenas sensaciones para las locales. Las rojillas lograron enlazar dos acciones&hellip;\n","protected":false},"author":2,"featured_media":219071,"comment_status":"","ping_status":"","sticky":false,"template":"","format":"standard","meta":{"footnotes":""},"categories":[93],"tags":[10722,2493,168,58523,25,24,4649,621,23,167],"class_list":{"0":"post-219070","1":"post","2":"type-post","3":"status-publish","4":"format-standard","5":"has-post-thumbnail","7":"category-deportes","8":"tag-cae","9":"tag-copa","10":"tag-deportes","11":"tag-derrotado","12":"tag-es","13":"tag-espana","14":"tag-femenino","15":"tag-osasuna","16":"tag-spain","17":"tag-sports"},"share_on_mastodon":{"url":"https:\/\/pubeurope.com\/@es\/115494743147646808","error":""},"_links":{"self":[{"href":"https:\/\/www.europesays.com\/es\/wp-json\/wp\/v2\/posts\/219070","targetHints":{"allow":["GET"]}}],"collection":[{"href":"https:\/\/www.europesays.com\/es\/wp-json\/wp\/v2\/posts"}],"about":[{"href":"https:\/\/www.europesays.com\/es\/wp-json\/wp\/v2\/types\/post"}],"author":[{"embeddable":true,"href":"https:\/\/www.europesays.com\/es\/wp-json\/wp\/v2\/users\/2"}],"replies":[{"embeddable":true,"href":"https:\/\/www.europesays.com\/es\/wp-json\/wp\/v2\/comments?post=219070"}],"version-history":[{"count":0,"href":"https:\/\/www.europesays.com\/es\/wp-json\/wp\/v2\/posts\/219070\/revisions"}],"wp:featuredmedia":[{"embeddable":true,"href":"https:\/\/www.europesays.com\/es\/wp-json\/wp\/v2\/media\/219071"}],"wp:attachment":[{"href":"https:\/\/www.europesays.com\/es\/wp-json\/wp\/v2\/media?parent=219070"}],"wp:term":[{"taxonomy":"category","embeddable":true,"href":"https:\/\/www.europesays.com\/es\/wp-json\/wp\/v2\/categories?post=219070"},{"taxonomy":"post_tag","embeddable":true,"href":"https:\/\/www.europesays.com\/es\/wp-json\/wp\/v2\/tags?post=219070"}],"curies":[{"name":"wp","href":"https:\/\/api.w.org\/{rel}","templated":true}]}}