{"id":219086,"date":"2025-11-05T02:45:15","date_gmt":"2025-11-05T02:45:15","guid":{"rendered":"https:\/\/www.europesays.com\/es\/219086\/"},"modified":"2025-11-05T02:45:15","modified_gmt":"2025-11-05T02:45:15","slug":"el-palmer-basket-acepta-la-dimision-del-tecnico-marco-justo","status":"publish","type":"post","link":"https:\/\/www.europesays.com\/es\/219086\/","title":{"rendered":"El Palmer Basket acepta la dimisi\u00f3n del t\u00e9cnico Marco Justo"},"content":{"rendered":"<p class=\"ft-text\">El <strong>Palmer Basket Mallorca<\/strong> ha anunciado que ha aceptado la dimisi\u00f3n presentada por <a class=\"ft-link ft-link--decoration\" href=\"https:\/\/www.diariodemallorca.es\/tags\/marco-justo\/\" rel=\"nofollow noopener\" target=\"_blank\">Marco Justo<\/a>. \u00abEl t\u00e9cnico canario ha decidido abandonar la disciplina del club por voluntad propia. El preparador cierra su etapa en la entidad tras haber dirigido al equipo en la temporada del ascenso a la Primera FEB y en los compromisos iniciales en la segunda categor\u00eda nacional. El Palmer Basket desea manifestar su profundo agradecimiento a Marco Justo por su contribuci\u00f3n al crecimiento del proyecto turquesa\u00bb, reza la nota enviada a los medios de comunicaci\u00f3n a las 20:45 horas.<\/p>\n<p class=\"ft-text\">El club mallorqu\u00edn intent\u00f3 que continuara en el banquillo de Son Moix, tal y como avaz\u00f3 el programa<strong> &#8216;esTiempo de Basket&#8217; de Es Radio, pero la decisi\u00f3n ha sido firme.<\/strong><\/p>\n<p class=\"ft-text\">El balance de cinco derrotas y ninguna victoria en este inicio de competici\u00f3n en la Primera FEB han hecho mucho da\u00f1o, sobre todo por la forma en el que se ha producido,<strong> con bajo rendimiento y dejando malas sensaciones<\/strong>, <a class=\"ft-link ft-link--decoration\" href=\"https:\/\/www.diariodemallorca.es\/deportes\/2025\/11\/01\/zamora-barre-palmer-basket-123265461.html\" rel=\"nofollow noopener\" target=\"_blank\">como las de la anterior jornada frente al Zamora (99-76). <\/a><\/p>\n<p class=\"ft-text\">Est\u00e1 claro que en la entidad hab\u00eda asumido que iba a ser complicado para un reci\u00e9n ascendido competir en la segunda categor\u00eda del baloncesto nacional, pero Justo<strong> se sent\u00eda tan frustrado <\/strong>por lo que estaban ofreciendo que decidi\u00f3 tirar la toalla. De hecho, solo han ganado un encuentro oficial este curso y fue en la Copa de Espa\u00f1a en la pista del Gipuzkoa Basket.<\/p>\n<p class=\"ft-text\">Est\u00e1 por ver qui\u00e9n dirige al Palmer en el derbi ante los vecinos del Hestia Menorca de este domingo en el Palau de Son Moix (12 horas), pero lo cierto es que este martes fueron Pablo Rosado y Miki Arqu\u00e9 los que dirigieron la sesi\u00f3n.<\/p>\n<p class=\"ft-text\">El club ha anunciado la contrataci\u00f3n del p\u00edvot<strong>\u00a0Danny Agbelese y del base Hansel Atencia,<\/strong> m\u00e1s la baja del escolta Matt Frierson y haber &#8216;cortado&#8217; a Lucas N&#8217;Guessan., con la intenci\u00f3n de elevar el nivel de un equipo que lo necesita.<\/p>\n","protected":false},"excerpt":{"rendered":"El Palmer Basket Mallorca ha anunciado que ha aceptado la dimisi\u00f3n presentada por Marco Justo. \u00abEl t\u00e9cnico canario&hellip;\n","protected":false},"author":2,"featured_media":219087,"comment_status":"","ping_status":"","sticky":false,"template":"","format":"standard","meta":{"footnotes":""},"categories":[269],"tags":[299,298,168,11723,2334,25,24,2612,13004,2457,737,58007,58526,829,23016,23,167,4059],"class_list":{"0":"post-219086","1":"post","2":"type-post","3":"status-publish","4":"format-standard","5":"has-post-thumbnail","7":"category-baloncesto","8":"tag-baloncesto","9":"tag-basketball","10":"tag-deportes","11":"tag-dimision","12":"tag-dimite","13":"tag-es","14":"tag-espana","15":"tag-feb","16":"tag-justo","17":"tag-mallorca","18":"tag-marco","19":"tag-palmer","20":"tag-palmer-basket","21":"tag-palmer-basket-mallorca","22":"tag-son-moix","23":"tag-spain","24":"tag-sports","25":"tag-tecnico"},"share_on_mastodon":{"url":"https:\/\/pubeurope.com\/@es\/115494802179282774","error":""},"_links":{"self":[{"href":"https:\/\/www.europesays.com\/es\/wp-json\/wp\/v2\/posts\/219086","targetHints":{"allow":["GET"]}}],"collection":[{"href":"https:\/\/www.europesays.com\/es\/wp-json\/wp\/v2\/posts"}],"about":[{"href":"https:\/\/www.europesays.com\/es\/wp-json\/wp\/v2\/types\/post"}],"author":[{"embeddable":true,"href":"https:\/\/www.europesays.com\/es\/wp-json\/wp\/v2\/users\/2"}],"replies":[{"embeddable":true,"href":"https:\/\/www.europesays.com\/es\/wp-json\/wp\/v2\/comments?post=219086"}],"version-history":[{"count":0,"href":"https:\/\/www.europesays.com\/es\/wp-json\/wp\/v2\/posts\/219086\/revisions"}],"wp:featuredmedia":[{"embeddable":true,"href":"https:\/\/www.europesays.com\/es\/wp-json\/wp\/v2\/media\/219087"}],"wp:attachment":[{"href":"https:\/\/www.europesays.com\/es\/wp-json\/wp\/v2\/media?parent=219086"}],"wp:term":[{"taxonomy":"category","embeddable":true,"href":"https:\/\/www.europesays.com\/es\/wp-json\/wp\/v2\/categories?post=219086"},{"taxonomy":"post_tag","embeddable":true,"href":"https:\/\/www.europesays.com\/es\/wp-json\/wp\/v2\/tags?post=219086"}],"curies":[{"name":"wp","href":"https:\/\/api.w.org\/{rel}","templated":true}]}}