{"id":219090,"date":"2025-11-05T02:47:11","date_gmt":"2025-11-05T02:47:11","guid":{"rendered":"https:\/\/www.europesays.com\/es\/219090\/"},"modified":"2025-11-05T02:47:11","modified_gmt":"2025-11-05T02:47:11","slug":"victoria-beckham-viste-a-david-con-su-primer-diseno-masculino-durante-su-visita-al-castillo-de-windsor","status":"publish","type":"post","link":"https:\/\/www.europesays.com\/es\/219090\/","title":{"rendered":"Victoria Beckham viste a David con su primer dise\u00f1o masculino durante su visita al Castillo de Windsor"},"content":{"rendered":"<p data-journey-content=\"true\" data-node-id=\"3\" class=\"css-6wxqfj emevuu60\"><br data-node-id=\"3.0\"\/><strong data-node-id=\"3.1\">Hace a\u00f1os que Victoria Beckham dej\u00f3 muy claro que ella es mucho m\u00e1s que la &#8216;Spice Girl&#8217; pija.<\/strong> Su faceta como empresaria y dise\u00f1adora la ha llevado a formar parte de <strong data-node-id=\"3.3\">pasarelas tan importantes como las de la Semana de la Moda en Par\u00eds. <\/strong>Y es justo ah\u00ed, en concreto con su colecci\u00f3n Primavera-Verano 2023, cuando <strong data-node-id=\"3.5\">pudimos ver por primera vez uno de sus dise\u00f1os m\u00e1s ic\u00f3nicos, el modelo Bela<\/strong><strong data-node-id=\"3.6\">, que la brit\u00e1nica ha querido llevar hoy para un d\u00eda muy especial<\/strong>: el d\u00eda en que se ha convertido en Lady Beckham.<\/p>\n<p data-journey-content=\"true\" data-node-id=\"6\" class=\"css-6wxqfj emevuu60\">\u00bfEl motivo? E<strong data-node-id=\"6.1\">l rey Carlos III ha investido a su marido, David Beckham, como caballero en una solemne ceremonia celebrada en el Castillo de Windsor. <\/strong>El exfutbolista, quien ya hab\u00eda recibido la Orden del Imperio Brit\u00e1nico (OBE) por la reina Isabel II en 2003, suma un nuevo t\u00edtulo, rsta condecoraci\u00f3n que recibe por sus servicios al deporte y a causas ben\u00e9ficas. <\/p>\n<p data-journey-content=\"true\" data-node-id=\"9\" class=\"css-6wxqfj emevuu60\">Por tanto,<strong data-node-id=\"9.1\"> si David Beckham es oficialmente caballero, su mujer, Victoria, es Lady Beckham.<\/strong> Para este momento tan especial, la celebridad <strong data-node-id=\"9.3\">ha lucido el m\u00edtico dise\u00f1o de su firma hom\u00f3nima del que ya te hablamos al inicio.<\/strong> El modelo Bela es tan ic\u00f3nico que incluso algunas &#8216;royals&#8217; lo han llevado, entre ellas,<a href=\"https:\/\/www.elle.com\/es\/star-style\/noticias-famosos\/a63741449\/victoria-beckham-vestido-novia-reina-letizia-inspiracion-cena-gala\/\" data-vars-ga-outbound-link=\"https:\/\/www.elle.com\/es\/star-style\/noticias-famosos\/a63741449\/victoria-beckham-vestido-novia-reina-letizia-inspiracion-cena-gala\/\" data-vars-ga-ux-element=\"Hyperlink\" data-vars-ga-call-to-action=\" la reina Letizia \" data-node-id=\"9.5\" class=\"body-link css-103hk4r emevuu60\" rel=\"nofollow noopener\" target=\"_blank\"> la reina Letizia <\/a>en color pistacho.<\/p>\n<p>Lo que ELLE ha seleccionado para ti<a data-theme-key=\"base-link\" href=\"#\" class=\"e1fx7w0v5 css-3u38w7 e1c1bym14\">Reg\u00edstrate para recibir contenido personalizado<img decoding=\"async\" data-dynamic-svg=\"true\" src=\"https:\/\/www.elle.com\/_assets\/design-tokens\/elle\/static\/icons\/arrow-right-regular.377c654.svg?primary=%2523000000\" loading=\"lazy\" data-testid=\"dynamic-svg-base\" height=\"auto\" width=\"100%\" alt=\"\" class=\"css-13htjwu e1fx7w0v1\"\/><\/a>Victoria Beckham viste a David con su primer dise\u00f1o masculino en su visita al Castillo de Windsor<\/p>\n<p data-journey-content=\"true\" data-node-id=\"14\" class=\"css-6wxqfj emevuu60\">Y ahora, es Victoria quien luce este vestido en azul marino con drapeados y algunas modificaciones con respecto al original, pero sin renunciar a su estilo minimalista e impecable que la caracteriza.<\/p>\n<p data-journey-content=\"true\" data-node-id=\"16\" class=\"css-6wxqfj emevuu60\">Pero lo m\u00e1s llamativo de este acto, es que <strong data-node-id=\"16.1\">no s\u00f3lo hemos visto un dise\u00f1o de Victoria, sino dos. \u00bfLa raz\u00f3n? Su marido David llev\u00f3 un traje de tres piezas de lana mohair brit\u00e1nica dise\u00f1ado por ella, el primer dise\u00f1o masculino salido del taller de Victoria Beckham<\/strong>. S\u00ed, el debut de la dise\u00f1adora en la moda masculina ten\u00eda que tener un embajador a su altura\u2026 y qui\u00e9n mejor que Sir David.<\/p>\n<p data-journey-content=\"true\" data-node-id=\"18\" class=\"css-6wxqfj emevuu60\">Despu\u00e9s de este acto damos comienzo oficial a la aventura de la empresaria en el mundo de la moda masculina. <strong data-node-id=\"18.1\">Victoria Beckham firma su entrada triunfal en la sastrer\u00eda masculina con debut hecho a medida, literalmente.<\/strong><\/p>\n<p><img draggable=\"true\" alt=\"victoria beckham viste a david con su primer dise\u00f1o masculino durante su visita al castillo de windsor\" title=\"victoria beckham viste a david con su primer dise\u00f1o masculino durante su visita al castillo de windsor\" loading=\"lazy\" width=\"1327\" height=\"1920\" decoding=\"async\" data-nimg=\"1\" style=\"color:transparent;width:100%;height:auto;\"   src=\"https:\/\/www.europesays.com\/es\/wp-content\/uploads\/2025\/11\/dl-u594140-007-1-690a3a9d441ac.jpg\" class=\"css-0 e1g79fud0\"\/><\/p>\n<p>Gtress<\/p>\n<p><img draggable=\"true\" alt=\"victoria beckham viste a david con su primer dise\u00f1o masculino durante su visita al castillo de windsor\" title=\"victoria beckham viste a david con su primer dise\u00f1o masculino durante su visita al castillo de windsor\" loading=\"lazy\" width=\"1359\" height=\"1920\" decoding=\"async\" data-nimg=\"1\" style=\"color:transparent;width:100%;height:auto;\"   src=\"https:\/\/www.europesays.com\/es\/wp-content\/uploads\/2025\/11\/dl-u594140-010-690a3a9d6a0a8.jpg\" class=\"css-0 e1g79fud0\"\/><\/p>\n<p>Gtress<\/p>\n<p><img draggable=\"true\" alt=\"victoria beckham viste a david con su primer dise\u00f1o masculino durante su visita al castillo de windsor\" title=\"victoria beckham viste a david con su primer dise\u00f1o masculino durante su visita al castillo de windsor\" loading=\"lazy\" width=\"1920\" height=\"1280\" decoding=\"async\" data-nimg=\"1\" style=\"color:transparent;width:100%;height:auto;\"   src=\"https:\/\/www.europesays.com\/es\/wp-content\/uploads\/2025\/11\/dl-u594140-005-690a3a9d421b2.jpg\" class=\"css-0 e1g79fud0\"\/><\/p>\n<p>Gtress<\/p>\n<p><img src=\"https:\/\/www.europesays.com\/es\/wp-content\/uploads\/2025\/11\/1762310831_23_fdb40614-5afb-491b-84a7-5d9b44b2dcde_1658480441.file\" alt=\"Headshot of Amanda Prado\" title=\"Headshot of Amanda Prado\" width=\"100%\" height=\"100%\" decoding=\"async\" loading=\"lazy\" class=\"css-o0wq4v ev8dhu53\"\/><\/p>\n<p>Amanda Prado es colaboradora de ELLE, experta en moda, tendencias y actualidad. Como buena defensora del periodismo multimedia, tambi\u00e9n es creadora de contenido para redes sociales (empez\u00f3 en Fotolog y ha terminado en TikTok). Su especialidad es localizar las nuevas tendencias de la pasarela y del street style. Amante del estilo boho, la ropa vintage y la moda sostenible. Especialista en transformar b\u00e1sicos en lookazos y en localizar joyitas textiles de donde crees que no se puede sacar nada. De las rom\u00e1nticas que a\u00fan compran en tienda f\u00edsica. \u00a0<\/p>\n<p>Descubrir qu\u00e9 llevan las famosas es otra de sus funciones. Adem\u00e1s de analizar qu\u00e9 prendas visten las celebrities (y, sobre todo, c\u00f3mo lo llevan, su estilo) tambi\u00e9n se encarga de cubrir todo lo que sucede en alfombras rojas y eventos de moda. No deja escapar ning\u00fan detalle del d\u00eda a d\u00eda que comparten las influencers y creadores de contenido en sus redes sociales o en los eventos a los que acuden. \u00a0<\/p>\n<p>Amanda Prado se gradu\u00f3 primero en Derecho y despu\u00e9s en Periodismo en la Universidad Rey Juan Carlos. En tercero de carrera result\u00f3 ganadora de la Superbeca Elle y trabaj\u00f3 durante un a\u00f1o en cuatro empresas: para el equipo de comunicaci\u00f3n de ZARA (Inditex), el departamento de Relaciones P\u00fablicas de Est\u00e9e Lauder, la agencia de comunicaci\u00f3n Equipo Singular y, por \u00faltimo, la redacci\u00f3n de la revista ELLE. Al terminar la beca comenz\u00f3 a colaborar en la revista Cosmopolitan cubriendo temas de belleza y moda y, tras varios a\u00f1os, regres\u00f3 a ELLE.\u00a0<\/p>\n","protected":false},"excerpt":{"rendered":"Hace a\u00f1os que Victoria Beckham dej\u00f3 muy claro que ella es mucho m\u00e1s que la &#8216;Spice Girl&#8217; pija.&hellip;\n","protected":false},"author":2,"featured_media":219091,"comment_status":"","ping_status":"","sticky":false,"template":"","format":"standard","meta":{"footnotes":""},"categories":[174],"tags":[255,253,146,147,25,24,256,23],"class_list":{"0":"post-219090","1":"post","2":"type-post","3":"status-publish","4":"format-standard","5":"has-post-thumbnail","7":"category-famosos","8":"tag-celebrities","9":"tag-discover","10":"tag-entertainment","11":"tag-entretenimiento","12":"tag-es","13":"tag-espana","14":"tag-famosos","15":"tag-spain"},"share_on_mastodon":{"url":"https:\/\/pubeurope.com\/@es\/115494810279960755","error":""},"_links":{"self":[{"href":"https:\/\/www.europesays.com\/es\/wp-json\/wp\/v2\/posts\/219090","targetHints":{"allow":["GET"]}}],"collection":[{"href":"https:\/\/www.europesays.com\/es\/wp-json\/wp\/v2\/posts"}],"about":[{"href":"https:\/\/www.europesays.com\/es\/wp-json\/wp\/v2\/types\/post"}],"author":[{"embeddable":true,"href":"https:\/\/www.europesays.com\/es\/wp-json\/wp\/v2\/users\/2"}],"replies":[{"embeddable":true,"href":"https:\/\/www.europesays.com\/es\/wp-json\/wp\/v2\/comments?post=219090"}],"version-history":[{"count":0,"href":"https:\/\/www.europesays.com\/es\/wp-json\/wp\/v2\/posts\/219090\/revisions"}],"wp:featuredmedia":[{"embeddable":true,"href":"https:\/\/www.europesays.com\/es\/wp-json\/wp\/v2\/media\/219091"}],"wp:attachment":[{"href":"https:\/\/www.europesays.com\/es\/wp-json\/wp\/v2\/media?parent=219090"}],"wp:term":[{"taxonomy":"category","embeddable":true,"href":"https:\/\/www.europesays.com\/es\/wp-json\/wp\/v2\/categories?post=219090"},{"taxonomy":"post_tag","embeddable":true,"href":"https:\/\/www.europesays.com\/es\/wp-json\/wp\/v2\/tags?post=219090"}],"curies":[{"name":"wp","href":"https:\/\/api.w.org\/{rel}","templated":true}]}}