{"id":219110,"date":"2025-11-05T03:05:08","date_gmt":"2025-11-05T03:05:08","guid":{"rendered":"https:\/\/www.europesays.com\/es\/219110\/"},"modified":"2025-11-05T03:05:08","modified_gmt":"2025-11-05T03:05:08","slug":"rafa-nadal-participara-en-un-foro-en-miami-junto-a-trump-milei-bezos-y-messi","status":"publish","type":"post","link":"https:\/\/www.europesays.com\/es\/219110\/","title":{"rendered":"Rafa Nadal participar\u00e1 en un foro en Miami junto a Trump, Milei, Bezos y Messi"},"content":{"rendered":"<p class=\"c-paragraph\"><b><a href=\"https:\/\/www.20minutos.es\/tags\/deportes\/rafa-nadal.html\" title=\"Rafa Nadal\" rel=\"nofollow noopener\" target=\"_blank\">Rafa Nadal<\/a><\/b> tiene previsto participar esta semana en el America Business Forum (ABF), un encuentro que se celebra en Miami y al que tambi\u00e9n asistir\u00e1n los presidentes de Estados Unidos, <a href=\"https:\/\/www.20minutos.es\/tags\/personas\/donald-trump.html\" title=\"Donald Trump\" rel=\"nofollow noopener\" target=\"_blank\">Donald Trump<\/a>, y de Argentina, <a href=\"https:\/\/www.20minutos.es\/tags\/personas\/javier-milei.html\" title=\"Javier Milei\" rel=\"nofollow noopener\" target=\"_blank\">Javier Milei<\/a>; la opositora venezolana <a href=\"https:\/\/www.20minutos.es\/tags\/personas\/maria-corina-machado.html\" title=\"Mar\u00eda Corina Machado\" rel=\"nofollow noopener\" target=\"_blank\">Mar\u00eda Corina Machado<\/a> -de forma virtual-, el futbolista\u00a0<a href=\"https:\/\/www.20minutos.es\/tags\/deportes\/messi.html\" title=\"Messi\" rel=\"nofollow noopener\" target=\"_blank\">Leo Messi<\/a> o el fundador de Amazon, <a href=\"https:\/\/www.20minutos.es\/tags\/instituciones-empresas\/jeff-bezos.html\" title=\"Jeff Bezos\" rel=\"nofollow noopener\" target=\"_blank\">Jeff Bezos<\/a>. \u00abEsta semana, l\u00edderes de todo el mundo se encontraran en Miami para determinar las tendencias en los deportes, cultura y negocios\u00bb, ha se\u00f1alado el uruguayo Ignacio Gonz\u00e1lez, fundador del ABF.<\/p>\n<p class=\"c-paragraph\">El evento, que tiene lugar por primera vez en Estados Unidos, empezar\u00e1 el mi\u00e9rcoles y terminar\u00e1 el jueves, d\u00eda en el que intervendr\u00e1 el tenista espa\u00f1ol. \u00ab<b>El recorrido de Nadal<\/b> es mucho m\u00e1s que una lista de victorias; es una historia de resiliencia, elegancia y lo que significa luchar con el coraz\u00f3n, dentro y fuera de la cancha\u00bb, destaca la organizaci\u00f3n. Ese d\u00eda, antes que \u00e9l dar\u00e1n su charla Milei y Serena Williams.<\/p>\n<p class=\"c-paragraph\">El primer d\u00eda habr\u00e1 sido el turno de Trump, Machado, Messi, as\u00ed como el <b>presidente de la F\u00f3rmula 1<\/b>, Stefano Domenicali, y el de la <b>FIFA<\/b>, Gianni Infantino. Bezos ser\u00e1 el encargado de clausurar el foro, seg\u00fan ha anunciado este martes el alcalde de Miami y presidente del consejo del ABF, Francis Su\u00e1rez.\u00a0\u00abSu presencia subraya el significado global de este evento. Nos enorgullece que tome el escenario como nuestro orador destacado de cierre\u00bb, ha declarado.\u00a0<\/p>\n<p class=\"c-paragraph\">Del <b>mundo de los negocios se podr\u00e1 ver<\/b>\u00a0en el Kaseya Center a Jamie Dimon, presidente de JPMorgan Chase, o Ken Griffin, fundador de Citadel. Asimismo, destaca el enviado especial de la Administraci\u00f3n Trump para el Medio Oriente, Steve Witkoff.\u00a0\u00a0<\/p>\n<p class=\"c-paragraph\">La participaci\u00f3n de Bezos ocurre mientras el sector privado analiza los pr\u00f3ximos pasos de Amazon, el segundo mayor empleador de Estados Unidos, que la semana pasada <a href=\"https:\/\/www.20minutos.es\/lainformacion\/empresas\/amazon-despidos-empleos-corporativos_6661917_0.html\" title=\"Amazon confirma el despido de 14.000 empleados a nivel mundial para reducir su estructura corporativa\" rel=\"nofollow noopener\" target=\"_blank\"><b>anunci\u00f3 que reducir\u00e1 su plantilla corporativa en 14.000 personas<\/b><\/a> para eliminar burocracia y redireccionar sus recursos hacia \u00e1reas estrat\u00e9gicas. La compa\u00f1\u00eda planea una automatizaci\u00f3n en sus almacenes capaz de evitar hasta 600.000 contrataciones en EEUU en los pr\u00f3ximos a\u00f1os, seg\u00fan un reportaje de The New York Times, que la empresa matiz\u00f3 con el mensaje de que los robots ayudar\u00e1n a los empleados en sus tareas.<\/p>\n","protected":false},"excerpt":{"rendered":"Rafa Nadal tiene previsto participar esta semana en el America Business Forum (ABF), un encuentro que se celebra&hellip;\n","protected":false},"author":2,"featured_media":219111,"comment_status":"","ping_status":"","sticky":false,"template":"","format":"standard","meta":{"footnotes":""},"categories":[274],"tags":[168,25,24,50473,3489,1919,12830,23,167,327,326,16743],"class_list":{"0":"post-219110","1":"post","2":"type-post","3":"status-publish","4":"format-standard","5":"has-post-thumbnail","7":"category-tenis","8":"tag-deportes","9":"tag-es","10":"tag-espana","11":"tag-foro","12":"tag-nadal","13":"tag-participara","14":"tag-rafa","15":"tag-spain","16":"tag-sports","17":"tag-tenis","18":"tag-tennis","19":"tag-un"},"share_on_mastodon":{"url":"https:\/\/pubeurope.com\/@es\/115494880839317465","error":""},"_links":{"self":[{"href":"https:\/\/www.europesays.com\/es\/wp-json\/wp\/v2\/posts\/219110","targetHints":{"allow":["GET"]}}],"collection":[{"href":"https:\/\/www.europesays.com\/es\/wp-json\/wp\/v2\/posts"}],"about":[{"href":"https:\/\/www.europesays.com\/es\/wp-json\/wp\/v2\/types\/post"}],"author":[{"embeddable":true,"href":"https:\/\/www.europesays.com\/es\/wp-json\/wp\/v2\/users\/2"}],"replies":[{"embeddable":true,"href":"https:\/\/www.europesays.com\/es\/wp-json\/wp\/v2\/comments?post=219110"}],"version-history":[{"count":0,"href":"https:\/\/www.europesays.com\/es\/wp-json\/wp\/v2\/posts\/219110\/revisions"}],"wp:featuredmedia":[{"embeddable":true,"href":"https:\/\/www.europesays.com\/es\/wp-json\/wp\/v2\/media\/219111"}],"wp:attachment":[{"href":"https:\/\/www.europesays.com\/es\/wp-json\/wp\/v2\/media?parent=219110"}],"wp:term":[{"taxonomy":"category","embeddable":true,"href":"https:\/\/www.europesays.com\/es\/wp-json\/wp\/v2\/categories?post=219110"},{"taxonomy":"post_tag","embeddable":true,"href":"https:\/\/www.europesays.com\/es\/wp-json\/wp\/v2\/tags?post=219110"}],"curies":[{"name":"wp","href":"https:\/\/api.w.org\/{rel}","templated":true}]}}