{"id":219114,"date":"2025-11-05T03:08:11","date_gmt":"2025-11-05T03:08:11","guid":{"rendered":"https:\/\/www.europesays.com\/es\/219114\/"},"modified":"2025-11-05T03:08:11","modified_gmt":"2025-11-05T03:08:11","slug":"ruben-burgos-analiza-la-dura-derrota-del-valencia-basket-ante-el-fenerbahce-en-estambul","status":"publish","type":"post","link":"https:\/\/www.europesays.com\/es\/219114\/","title":{"rendered":"Rub\u00e9n Burgos analiza la dura derrota del Valencia Basket ante el Fenerbah\u00e7e en Estambul"},"content":{"rendered":"<p class=\"ft-text\">Rub\u00e9n Burgos sufri\u00f3 con impotencia c\u00f3mo <a class=\"ft-link ft-link--decoration\" href=\"https:\/\/www.superdeporte.es\/valencia-basket\/2025\/11\/04\/valencia-basket-fenerbahce-estambul-euroleague-women-allemand-meesseman-123358846.html\" rel=\"nofollow noopener\" target=\"_blank\">el Fenerbah\u00e7e fue muy superior al Valencia Basket desde el inicio del partido<\/a> (<a class=\"ft-link ft-link--decoration\" href=\"https:\/\/www.fiba.basketball\/en\/events\/euroleague-women-25-26\/games\/128400-FENER-VBC#boxscore\" rel=\"nofollow noopener\" target=\"_blank\">71-49<\/a>) y fue precisamente en ese mal arranque donde puso el foco en su primera valoraci\u00f3n de la derrota en Estambul. Eso s\u00ed, despu\u00e9s <strong>ech\u00f3 en falta m\u00e1s intensidad defensiva y el acierto en un noche aciaga desde el 6,75<\/strong>, con solo un 11% de acierto en triples al terminar con un 2 de 18.<\/p>\n<p class=\"ft-text\">\u00abNuestra puesta en escena en los primeros minutos no ha sido la adecuada, est\u00e1bamos cometiendo errores en ataque claros con p\u00e9rdidas de bal\u00f3n contra su f\u00edsica y agresiva defensa, <strong>no est\u00e1bamos a ese nivel de contacto ni de dureza que la Euroliga exige, especialmente fuera de casa\u00bb<\/strong>.<\/p>\n<p class=\"ft-text\">A pesar de ello, puso en valor la reacci\u00f3n del segundo cuarto. \u00abConseguimis acercarnos con las rotaciones, acercarnos en el marcador e incluso tener alg\u00fan bal\u00f3n que nos podr\u00eda haber permitido m\u00e1s, pero<strong> nos ha faltado el acierto fruto tambi\u00e9n de que la defensa rival en ning\u00fan momento ha bajado su nivel de contacto<\/strong> y no hemos podido, sabido ni acertado para poder ponernos a ese nivel de exigencia.<\/p>\n<p><img decoding=\"async\" src=\"https:\/\/www.europesays.com\/es\/wp-content\/uploads\/2025\/11\/57e927e3-6e54-48d3-98ba-2d1dda0c1ed0_alta-libre-aspect-ratio_default_0.jpg\" width=\"1200\" height=\"800\" alt=\"Tanaya Atkinson, en el partido del Valencia Basket ante el Fenerbah\u00e7e en Estambul.\" class=\"ft-helper-img-rd\" loading=\"lazy\"\/><\/p>\n<p class=\"ft-helper-fontColor-quaternary ft-helper-fontSize-body-S ft-helper-spacer-t-xxs\">Tanaya Atkinson, en el partido del Valencia Basket ante el Fenerbah\u00e7e en Estambul.  \/ FIBA<\/p>\n<p>Una lecci\u00f3n para el resto de la Euroliga<\/p>\n<p class=\"ft-text\">Si la derrota se puee sacar algo positivo es que queda de manifiesto la exigencia f\u00edsica que implica querer luchar por el t\u00edtulo ante rivales del nivel del Fenerbah\u00e7e. \u00abEsa ha sido tambi\u00e9n la constante despu\u00e9s del descanso, nuestros porcentajes de tiro han sido bajos, hemos conseguido bajar la anotaci\u00f3n del Fenerbah\u00e7e pero todav\u00eda m\u00e1s ellas la nuestra. Ha sido un querer y no poder hasta el \u00faltimo minuto, claro que las jugadoras han luchado, se han esforzado y han intentado dar su 100%, pero hemos de entender que en la Euroliga la exigencia va a ser la m\u00e1xima y <strong>si queremos competir por todo tenemos que dar nuestro m\u00e1ximo nivel f\u00edsico y de concentraci\u00f3n<\/strong>. Creo que hoy no lo hemos ejecutado al nivel que tocaba frente a un claro candidato al t\u00edtulo. Si queremos optar a m\u00e1s cosas, tendremos que dar una mejor versi\u00f3n\u00bb, <a class=\"ft-link ft-link--decoration\" href=\"https:\/\/www.superdeporte.es\/valencia-basket\/2025\/11\/03\/ruben-burgos-equipazo-fenerbahce-refuerzos-123311117.html\" rel=\"nofollow noopener\" target=\"_blank\">concluy\u00f3 Burgos<\/a>.<\/p>\n","protected":false},"excerpt":{"rendered":"Rub\u00e9n Burgos sufri\u00f3 con impotencia c\u00f3mo el Fenerbah\u00e7e fue muy superior al Valencia Basket desde el inicio del&hellip;\n","protected":false},"author":2,"featured_media":219115,"comment_status":"","ping_status":"","sticky":false,"template":"","format":"standard","meta":{"footnotes":""},"categories":[269],"tags":[7569,299,298,623,20170,168,25,24,17777,10797,833,15277,24503,3579,1361,17893,23,167,2916],"class_list":{"0":"post-219114","1":"post","2":"type-post","3":"status-publish","4":"format-standard","5":"has-post-thumbnail","7":"category-baloncesto","8":"tag-bajo","9":"tag-baloncesto","10":"tag-basketball","11":"tag-burgos","12":"tag-contacto","13":"tag-deportes","14":"tag-es","15":"tag-espana","16":"tag-estambul","17":"tag-euroleague-women","18":"tag-euroliga","19":"tag-exigencia","20":"tag-fenerbahce","21":"tag-nivel","22":"tag-ruben","23":"tag-ruben-burgos","24":"tag-spain","25":"tag-sports","26":"tag-valencia-basket"},"share_on_mastodon":{"url":"https:\/\/pubeurope.com\/@es\/115494892871533742","error":""},"_links":{"self":[{"href":"https:\/\/www.europesays.com\/es\/wp-json\/wp\/v2\/posts\/219114","targetHints":{"allow":["GET"]}}],"collection":[{"href":"https:\/\/www.europesays.com\/es\/wp-json\/wp\/v2\/posts"}],"about":[{"href":"https:\/\/www.europesays.com\/es\/wp-json\/wp\/v2\/types\/post"}],"author":[{"embeddable":true,"href":"https:\/\/www.europesays.com\/es\/wp-json\/wp\/v2\/users\/2"}],"replies":[{"embeddable":true,"href":"https:\/\/www.europesays.com\/es\/wp-json\/wp\/v2\/comments?post=219114"}],"version-history":[{"count":0,"href":"https:\/\/www.europesays.com\/es\/wp-json\/wp\/v2\/posts\/219114\/revisions"}],"wp:featuredmedia":[{"embeddable":true,"href":"https:\/\/www.europesays.com\/es\/wp-json\/wp\/v2\/media\/219115"}],"wp:attachment":[{"href":"https:\/\/www.europesays.com\/es\/wp-json\/wp\/v2\/media?parent=219114"}],"wp:term":[{"taxonomy":"category","embeddable":true,"href":"https:\/\/www.europesays.com\/es\/wp-json\/wp\/v2\/categories?post=219114"},{"taxonomy":"post_tag","embeddable":true,"href":"https:\/\/www.europesays.com\/es\/wp-json\/wp\/v2\/tags?post=219114"}],"curies":[{"name":"wp","href":"https:\/\/api.w.org\/{rel}","templated":true}]}}