{"id":219116,"date":"2025-11-05T03:09:11","date_gmt":"2025-11-05T03:09:11","guid":{"rendered":"https:\/\/www.europesays.com\/es\/219116\/"},"modified":"2025-11-05T03:09:11","modified_gmt":"2025-11-05T03:09:11","slug":"la-sentencia-de-almada","status":"publish","type":"post","link":"https:\/\/www.europesays.com\/es\/219116\/","title":{"rendered":"La sentencia de Almada"},"content":{"rendered":"<p class=\"paragraph\">Almada se ha visto obligado a cambiar su modo y su filosof\u00eda inicial. Los resultados mandan y ellos le han obligado de utilizar mismos onces y pocos cambios a dar una vuelta de tuerca a los \u2018onces\u2019 en busca de respuestas. Fiel a sus palabras asegur\u00f3 en una entrevista a este peri\u00f3dico que Javi S\u00e1nchez tendr\u00eda su oportunidad. Pese a ser un jugador que posiblemente no le quer\u00eda tras conocer que el defensa busc\u00f3, sin suerte, salir del club a toda costa. Pero su elevada ficha ejerci\u00f3 de grillete a un Real Valladolid que le concedi\u00f3, a pesar de los pesares una segunda oportunidad que, de forma caprichosa se ha convertido en casi una sentencia. La sentencia de Almada. Y es que Almada tom\u00f3 una decisi\u00f3n que tuvo que deshacer tras una primera parte bochornosa en el \u00faltimo partido ante el Granada con la bendici\u00f3n de una grada que no perdona a su central.<\/p>\n<p>            <a href=\"#\" title=\"\"><\/p>\n<p>                    <img loading=\"lazy\" decoding=\"async\" data-index=\"\" width=\"140\" height=\"140\" alt=\"Iv\u00e1n Alejo celebra la victoria ante el Granada en Zorrilla.\" data-full=\"[object Object]\" data-original=\"[object Object]\" src=\"https:\/\/imagenes.diariodevalladolid.es\/files\/related_image\/files\/fp\/uploads\/2025\/11\/04\/690a4295e3ee9.r_d.350-302.jpeg\" data-full-src=\"https:\/\/www.europesays.com\/es\/wp-content\/uploads\/2025\/11\/690a4295e3ee9.jpeg\"\/><\/p>\n<p>            <\/a><\/p>\n<p class=\"paragraph\">La sorpresa lleg\u00f3 a la hora de conocer el once del Real Valladolid en el que estaba por primera vez desde abril, Javi S\u00e1nchez. Y&#8230;, como capit\u00e1n del equipo. M\u00e1s de uno en Zorrilla se frotaba los ojos porque Javi S\u00e1nchez ya recibi\u00f3 la alternativa del entrenador  en el rid\u00edculo y esperpento de Portugalete, donde fue uno de los se\u00f1alados.<\/p>\n<p class=\"paragraph\">En casa, tras el petardazo copero y siendo uno de los art\u00edfices del bochornoso descenso pasado, la titularidad de Javi S\u00e1nchez se convirti\u00f3 casi sin querer en una soga para su cuello. El p\u00fablico fue el primero en dictar sentencia desde el mismo calentamiento, con los ostensibles pitos hacia su jugador que persistieron cuando empez\u00f3 el partido cada vez que tocaba el bal\u00f3n.<\/p>\n<p>            <a href=\"#\" title=\"\"><\/p>\n<p>                    <img loading=\"lazy\" decoding=\"async\" data-index=\"\" width=\"140\" height=\"140\" alt=\"Guillermo Almada en el partido ante el Granada en Zorrilla.\" data-full=\"[object Object]\" data-original=\"[object Object]\" src=\"https:\/\/imagenes.diariodevalladolid.es\/files\/related_image\/uploads\/2025\/11\/03\/6909289030cae.jpeg\" data-full-src=\"https:\/\/www.europesays.com\/es\/wp-content\/uploads\/2025\/11\/6909289030cae.jpeg\"\/><\/p>\n<p>            <\/a><\/p>\n<p class=\"paragraph\">En su primera titularidad el zaguero madrile\u00f1o result\u00f3  qued\u00f3 retratado a las primeras de cambio por dejar hacer en el tanto anulado al Granada. No obstante, no solo la hinchada impuso su condena, si no que tambi\u00e9n lo hizo Guillermo Almada, qui\u00e9n, sorprendentemente, deshizo su idea inicial confirmando que se equivoc\u00f3 otorg\u00e1ndole galones al \u20185\u2019 del Pucela sustituy\u00e9ndole en el descanso.<\/p>\n<p class=\"paragraph\">Almada tuvo que deshacer el camino andado, en este caso no andado. Porque castig\u00f3 al que cometi\u00f3 un \u00aberror grosero\u00bb que cost\u00f3 dos puntos en Riazor y premi\u00f3 al que fue uno de los cabecillas de lo sucedido en La Florida. Tomeo pas\u00f3 de castigado a remedio obligado de urgencia, primero con la connivencia del respetable y despu\u00e9s, 45 minutos despu\u00e9s con el refuerzo del resultado. Casualidad o no, se pas\u00f3 del 0-1 al 2-1.<\/p>\n<p>Sobre aviso a un Latasa que pierde la condici\u00f3n de intocable<\/p>\n<p class=\"paragraph\">Pero la sentencia de Almada a Javi S\u00e1nchez tambi\u00e9n tiene un sobre aviso inesperado para un jugador, Juanmi Latasa, mimado y protegido hasta la extenuaci\u00f3n por el entrenador pero que tambi\u00e9n ha encendido a la afici\u00f3n por su paup\u00e9rrimo rendimiento.<\/p>\n<p class=\"paragraph\">La pregunta es obligada. \u00bfSus errores de cara a gol no son groseros ni cuestan puntos? 39 tiros totales, 14 a puerta y solo tres goles, un 0,07% (s\u00ed, un 0,07%) de efectividad total y un 0,35 a puerta que muestran que sus n\u00fameros ejercen de lastre. El propio Marcos Andr\u00e9 con un gol y un lanzamiento al palo en ocho disparos le deja en evidencia.<\/p>\n<p class=\"paragraph\">Pero el sonrojo es a\u00fan mayor en la simple comparativa de rendimientos en la categor\u00eda. Embarba seis tantos en 29 tiros (0,20); Agus Medina con seis dianas de 26 disparos; Jeremy Ar\u00e9valo con siete de 24 (0,29); Villalibre con seis de 18 (0,33); Dubasin cinco de 15; o incluso el delantero del Mirand\u00e9s Carlos Fern\u00e1ndez que ha convertido cinco tantos en 11 disparos, casi un 50% de efectividad en un largo etc\u00e9tera de casos.<\/p>\n<p class=\"paragraph\">El sobre aviso a Latasa es claro y manifiesto. Fue sustituido por Delgado y el Real Valladolid acab\u00f3 ganando. \u00bfUna casualidad? Almada ha demostrado que es de corregir y la bula a Latasa tiene fecha de caducidad.<\/p>\n<p class=\"paragraph\">Los n\u00fameros le retratan. Latasa es el jugador n\u00famero 143  m\u00e1s eficaz de la Liga. (\u00a1El 143\u00ba! Hay \u2018castigo\u2019 por un error pero permisividad excesiva para los del delantero.  El equipo gan\u00f3 sin \u00e9l en el campo y la vuelta de Marcos Andr\u00e9 podr\u00eda llevarle a un segundo plano.<\/p>\n<p>Camiseta especial \u2018Kombat\u2019 ante el M\u00e1laga<\/p>\n<ul>\n<li>La marca italiana Kappa ha querido volver a su modelo de camiseta Kombat 2000 y en la jornada 16 de LA LIGA Hypermotion (s\u00e1bado 29 de noviembre a las 21.00 horas) el Real Valladolid lucir\u00e1 una nueva camiseta para enfrentarse al M\u00e1laga CF en el Jos\u00e9 Zorrilla. Una raya blanca en el medio junto a dos violetas y el escudo bordado en el centro. Un dise\u00f1o que ya port\u00f3 en 2012 y que sin embargo no ha calado muy bien entre la afici\u00f3n.<\/li>\n<\/ul>\n","protected":false},"excerpt":{"rendered":"Almada se ha visto obligado a cambiar su modo y su filosof\u00eda inicial. Los resultados mandan y ellos&hellip;\n","protected":false},"author":2,"featured_media":219117,"comment_status":"","ping_status":"","sticky":false,"template":"","format":"standard","meta":{"footnotes":""},"categories":[268],"tags":[168,25,24,280,282,281,23,167,1607],"class_list":{"0":"post-219116","1":"post","2":"type-post","3":"status-publish","4":"format-standard","5":"has-post-thumbnail","7":"category-futbol","8":"tag-deportes","9":"tag-es","10":"tag-espana","11":"tag-football","12":"tag-futbol","13":"tag-soccer","14":"tag-spain","15":"tag-sports","16":"tag-valladolid"},"share_on_mastodon":{"url":"https:\/\/pubeurope.com\/@es\/115494896594951669","error":""},"_links":{"self":[{"href":"https:\/\/www.europesays.com\/es\/wp-json\/wp\/v2\/posts\/219116","targetHints":{"allow":["GET"]}}],"collection":[{"href":"https:\/\/www.europesays.com\/es\/wp-json\/wp\/v2\/posts"}],"about":[{"href":"https:\/\/www.europesays.com\/es\/wp-json\/wp\/v2\/types\/post"}],"author":[{"embeddable":true,"href":"https:\/\/www.europesays.com\/es\/wp-json\/wp\/v2\/users\/2"}],"replies":[{"embeddable":true,"href":"https:\/\/www.europesays.com\/es\/wp-json\/wp\/v2\/comments?post=219116"}],"version-history":[{"count":0,"href":"https:\/\/www.europesays.com\/es\/wp-json\/wp\/v2\/posts\/219116\/revisions"}],"wp:featuredmedia":[{"embeddable":true,"href":"https:\/\/www.europesays.com\/es\/wp-json\/wp\/v2\/media\/219117"}],"wp:attachment":[{"href":"https:\/\/www.europesays.com\/es\/wp-json\/wp\/v2\/media?parent=219116"}],"wp:term":[{"taxonomy":"category","embeddable":true,"href":"https:\/\/www.europesays.com\/es\/wp-json\/wp\/v2\/categories?post=219116"},{"taxonomy":"post_tag","embeddable":true,"href":"https:\/\/www.europesays.com\/es\/wp-json\/wp\/v2\/tags?post=219116"}],"curies":[{"name":"wp","href":"https:\/\/api.w.org\/{rel}","templated":true}]}}