{"id":219118,"date":"2025-11-05T03:10:17","date_gmt":"2025-11-05T03:10:17","guid":{"rendered":"https:\/\/www.europesays.com\/es\/219118\/"},"modified":"2025-11-05T03:10:17","modified_gmt":"2025-11-05T03:10:17","slug":"andy-desmiente-que-su-nueva-cancion-marioneta-hable-sobre-su-relacion-con-lucas","status":"publish","type":"post","link":"https:\/\/www.europesays.com\/es\/219118\/","title":{"rendered":"Andy desmiente que su nueva canci\u00f3n, &#8216;Marioneta&#8217;, hable sobre su relaci\u00f3n con Lucas"},"content":{"rendered":"<p class=\"c-paragraph\">El pr\u00f3ximo 10 de noviembre, <b>Andy estrenar\u00e1 su primer single\u00a0en solitario, Marioneta<\/b>, un t\u00edtulo que ha generado una gran cantidad de rumores en torno a la posibilidad de que verse acerca de su supuesta mala relaci\u00f3n con su excompa\u00f1ero de d\u00fao, Lucas. As\u00ed, en las \u00faltimas horas, las redes sociales se han hecho eco de la presunta filtraci\u00f3n de una parte de la letra del tema.<\/p>\n<p class=\"c-paragraph\">\u00abFui tu amigo, tu compa\u00f1ero, hermanos de sangre desde peque\u00f1os. \u00bfY ahora me vienes con esto? Yo no soy tu marioneta. Mientras tus decisiones me hac\u00edan tropezar, sonrisas frente al p\u00fablico, mentiras detr\u00e1s. <b>Yo era la marioneta que no pod\u00eda hablar<\/b>\u00ab, se\u00f1ala la letra de la supuesta canci\u00f3n de Andy.<\/p>\n<p class=\"c-paragraph\">Ante esto, este martes, desde el plat\u00f3 del Club Social de <a href=\"https:\/\/www.20minutos.es\/tags\/instituciones-empresas\/vamos-a-ver.html\" title=\"Vamos a ver\" rel=\"nofollow noopener\" target=\"_blank\">Vamos a ver<\/a>, Adriana Dorronsoro, ha desvelado que, al ver hace unos d\u00edas en redes sociales este supuesto avance de la canci\u00f3n, decidi\u00f3 ponerse en contacto con Andy, quien le <b>desminti\u00f3 que estos versos fueran parte de su canci\u00f3n<\/b>.\u00a0<\/p>\n<p class=\"c-paragraph\">\u00abLo primero que hizo Andy fue mearse de risa y decirme que si esa fuese su canci\u00f3n estar\u00eda hundido. \u00c9l me explic\u00f3 que esto es Inteligencia Artificial y que su single, Marioneta, <b>no va de Lucas<\/b>, como todo el mundo se ha pensado, <b>sino de un amor del pasado<\/b>. Es una historia suya que \u00e9l ha querido contar\u00bb, ha se\u00f1alado la colaboradora del matinal de Telecinco.<\/p>\n","protected":false},"excerpt":{"rendered":"El pr\u00f3ximo 10 de noviembre, Andy estrenar\u00e1 su primer single\u00a0en solitario, Marioneta, un t\u00edtulo que ha generado una&hellip;\n","protected":false},"author":2,"featured_media":219119,"comment_status":"","ping_status":"","sticky":false,"template":"","format":"standard","meta":{"footnotes":""},"categories":[174],"tags":[16221,15350,255,10278,146,147,25,24,256,795,2074,23],"class_list":{"0":"post-219118","1":"post","2":"type-post","3":"status-publish","4":"format-standard","5":"has-post-thumbnail","7":"category-famosos","8":"tag-andy","9":"tag-cancion","10":"tag-celebrities","11":"tag-desmiente","12":"tag-entertainment","13":"tag-entretenimiento","14":"tag-es","15":"tag-espana","16":"tag-famosos","17":"tag-nueva","18":"tag-que","19":"tag-spain"},"share_on_mastodon":{"url":"https:\/\/pubeurope.com\/@es\/115494900385060641","error":""},"_links":{"self":[{"href":"https:\/\/www.europesays.com\/es\/wp-json\/wp\/v2\/posts\/219118","targetHints":{"allow":["GET"]}}],"collection":[{"href":"https:\/\/www.europesays.com\/es\/wp-json\/wp\/v2\/posts"}],"about":[{"href":"https:\/\/www.europesays.com\/es\/wp-json\/wp\/v2\/types\/post"}],"author":[{"embeddable":true,"href":"https:\/\/www.europesays.com\/es\/wp-json\/wp\/v2\/users\/2"}],"replies":[{"embeddable":true,"href":"https:\/\/www.europesays.com\/es\/wp-json\/wp\/v2\/comments?post=219118"}],"version-history":[{"count":0,"href":"https:\/\/www.europesays.com\/es\/wp-json\/wp\/v2\/posts\/219118\/revisions"}],"wp:featuredmedia":[{"embeddable":true,"href":"https:\/\/www.europesays.com\/es\/wp-json\/wp\/v2\/media\/219119"}],"wp:attachment":[{"href":"https:\/\/www.europesays.com\/es\/wp-json\/wp\/v2\/media?parent=219118"}],"wp:term":[{"taxonomy":"category","embeddable":true,"href":"https:\/\/www.europesays.com\/es\/wp-json\/wp\/v2\/categories?post=219118"},{"taxonomy":"post_tag","embeddable":true,"href":"https:\/\/www.europesays.com\/es\/wp-json\/wp\/v2\/tags?post=219118"}],"curies":[{"name":"wp","href":"https:\/\/api.w.org\/{rel}","templated":true}]}}