{"id":219134,"date":"2025-11-05T03:22:13","date_gmt":"2025-11-05T03:22:13","guid":{"rendered":"https:\/\/www.europesays.com\/es\/219134\/"},"modified":"2025-11-05T03:22:13","modified_gmt":"2025-11-05T03:22:13","slug":"paquili-restaura-y-enriquece-el-manto-negro-de-la-esperanza-de-triana","status":"publish","type":"post","link":"https:\/\/www.europesays.com\/es\/219134\/","title":{"rendered":"&#8216;Paquili&#8217; restaura y enriquece el manto negro de la Esperanza de Triana"},"content":{"rendered":"<p>04\/11\/2025<br \/>\n<br \/><strong><br \/>\nActualizado a las 12:56h.<br \/>\n<\/strong><\/p>\n<p class=\"voc-p\" style=\"\"><strong>La hermandad de la Esperanza de Triana,<\/strong> continuando con el mantenimiento, conservaci\u00f3n y ampliaci\u00f3n del patrimonio, labor que viene desarrollando en los \u00faltimos a\u00f1os,<strong> ha dado a conocer la intervenci\u00f3n acometida sobre el manto negro de la Virgen. <\/strong><\/p>\n<p class=\"voc-p\" style=\"\">En primer lugar,<strong> Francisco <\/strong> &#8230; <strong>Carrera Iglesias &#8216;Paquili&#8217;, ha restaurado los bordados originales, obra de Fern\u00e1ndez y Enr\u00edquez,<\/strong> devolvi\u00e9ndoles su esplendor y asegurando el futuro de estas piezas para generaciones venideras.<\/p>\n<p><img decoding=\"async\" loading=\"lazy\" src=\"https:\/\/www.europesays.com\/es\/wp-content\/uploads\/2025\/11\/esperanza-manto-virgen_20251104125555-U76784154684ZcJ-760x427@diario_abc.jpeg\" class=\"voc-img\" width=\"760\" height=\"427\" alt=\"Restauraci\u00f3n y enriquecimiento del manto negro de la Esperanza de Triana\" data-voc-vtm-id=\"in-text-traffic\"\/><\/p>\n<p>Restauraci\u00f3n y enriquecimiento del manto negro de la Esperanza de Triana<\/p>\n<p>hdad.<\/p>\n<p class=\"voc-p\" style=\"\">Por otro, <strong>s<\/strong><strong>e han confeccionado bordados de nueva factura, con dise\u00f1o de Antonio Castro y ejecutados en el taller de &#8216;Paquili&#8217;,<\/strong> \u00abque se integran de forma arm\u00f3nica con el conjunto original, manteniendo la unidad est\u00e9tica y la riqueza ornamental que caracterizan esta joya del ajuar de la Esperanza\u00bb, ha apuntado la hermandad.<\/p>\n<p class=\"voc-p\" style=\"\">Por \u00faltimo, <strong>la orfebrer\u00eda de las estrellas,<\/strong> realizada en plata de ley,<strong> constituye una  obra salida de los talleres de los Hermanos Ramos,<\/strong> cuya reconocida maestr\u00eda en el arte del metal contribuye al realce y dignificaci\u00f3n del conjunto.<\/p>\n<p>\nArt\u00edculo solo para suscriptores\n<\/p>\n<p>Reportar un error<\/p>\n","protected":false},"excerpt":{"rendered":"04\/11\/2025 Actualizado a las 12:56h. La hermandad de la Esperanza de Triana, continuando con el mantenimiento, conservaci\u00f3n y&hellip;\n","protected":false},"author":2,"featured_media":219135,"comment_status":"","ping_status":"","sticky":false,"template":"","format":"standard","meta":{"footnotes":""},"categories":[8],"tags":[17,18,40142,25,24,9572,13,14,11,19,20,37152,15661,9,10,15,16,58536,56717,23,12,5117,21,22],"class_list":{"0":"post-219134","1":"post","2":"type-post","3":"status-publish","4":"format-standard","5":"has-post-thumbnail","7":"category-espana","8":"tag-breaking-news","9":"tag-breakingnews","10":"tag-enriquece","11":"tag-es","12":"tag-espana","13":"tag-esperanza","14":"tag-featured-news","15":"tag-featurednews","16":"tag-headlines","17":"tag-latest-news","18":"tag-latestnews","19":"tag-manto","20":"tag-negro","21":"tag-news","22":"tag-noticias","23":"tag-noticias-destacadas","24":"tag-noticiasdestacadas","25":"tag-paquili","26":"tag-restaura","27":"tag-spain","28":"tag-titulares","29":"tag-triana","30":"tag-ultimas-noticias","31":"tag-ultimasnoticias"},"share_on_mastodon":{"url":"https:\/\/pubeurope.com\/@es\/115494948068176214","error":""},"_links":{"self":[{"href":"https:\/\/www.europesays.com\/es\/wp-json\/wp\/v2\/posts\/219134","targetHints":{"allow":["GET"]}}],"collection":[{"href":"https:\/\/www.europesays.com\/es\/wp-json\/wp\/v2\/posts"}],"about":[{"href":"https:\/\/www.europesays.com\/es\/wp-json\/wp\/v2\/types\/post"}],"author":[{"embeddable":true,"href":"https:\/\/www.europesays.com\/es\/wp-json\/wp\/v2\/users\/2"}],"replies":[{"embeddable":true,"href":"https:\/\/www.europesays.com\/es\/wp-json\/wp\/v2\/comments?post=219134"}],"version-history":[{"count":0,"href":"https:\/\/www.europesays.com\/es\/wp-json\/wp\/v2\/posts\/219134\/revisions"}],"wp:featuredmedia":[{"embeddable":true,"href":"https:\/\/www.europesays.com\/es\/wp-json\/wp\/v2\/media\/219135"}],"wp:attachment":[{"href":"https:\/\/www.europesays.com\/es\/wp-json\/wp\/v2\/media?parent=219134"}],"wp:term":[{"taxonomy":"category","embeddable":true,"href":"https:\/\/www.europesays.com\/es\/wp-json\/wp\/v2\/categories?post=219134"},{"taxonomy":"post_tag","embeddable":true,"href":"https:\/\/www.europesays.com\/es\/wp-json\/wp\/v2\/tags?post=219134"}],"curies":[{"name":"wp","href":"https:\/\/api.w.org\/{rel}","templated":true}]}}