{"id":219146,"date":"2025-11-05T03:33:08","date_gmt":"2025-11-05T03:33:08","guid":{"rendered":"https:\/\/www.europesays.com\/es\/219146\/"},"modified":"2025-11-05T03:33:08","modified_gmt":"2025-11-05T03:33:08","slug":"asi-ha-sido-la-cena-de-gala-de-los-reyes-al-sultan-de-oman-la-reina-letizia-deslumbra-con-la-tiara-rusa","status":"publish","type":"post","link":"https:\/\/www.europesays.com\/es\/219146\/","title":{"rendered":"As\u00ed ha sido la cena de gala de los Reyes al Sult\u00e1n de Om\u00e1n: la Reina Letizia deslumbra con la tiara rusa"},"content":{"rendered":"<p>Casi 600 d\u00edas despu\u00e9s, el Palacio Real ha vuelto a albergar una cena de gala con motivo de una visita de Estado. En esta ocasi\u00f3n, los <strong>Reyes <\/strong>han recibido en el Palacio al Sult\u00e1n de Om\u00e1n, <strong>Haitham Bin Tariq<\/strong>, para darle la bienvenida a nuestro pa\u00eds.<\/p>\n<p>Una cena que se ha celebrado en el Gran Sal\u00f3n del Palacio Real de Madrid, uno de los m\u00e1s grandes del mundo, con capacidad hasta 130 comensales, que se ha montado al \u00abestilo franc\u00e9s\u00bb, es decir, donde los reyes se sientan uno frente a otro.<\/p>\n<p><a class=\"fancybox\" href=\"https:\/\/s1.staticld.com\/2025\/11\/04\/cena-de-gala-reyes-de-espana-al-sultand-eoman.jpg\" rel=\"nofollow noreferrer noopener\" target=\"_blank\"><img class=\"l\" data-  style=\"aspect-ratio: 1280 \/ 853\" alt=\"cena-de-gala-reyes-de-espana-al-sultand-eoman.jpg\"\/><\/a><\/p>\n<p>Para esta ocasi\u00f3n, <strong>Do\u00f1a Letizia<\/strong> ha repetido el \u00faltimo look de su \u00faltima cena de gala: un vestido azul Klein, satinado, de escote redondeado, falda con volumen, cintura marcada con cintur\u00f3n y lazos en las mangas de <strong>The 2nd Skin Co<\/strong>, que estren\u00f3 en abril de 2024, durante un banquete de Estado en el Palacio Real de \u00c1msterdam ofrecido por los Reyes Guillermo Alejandro y M\u00e1xima de los Pa\u00edses Bajos.<\/p>\n<p><a class=\"fancybox\" href=\"https:\/\/s1.staticld.com\/2025\/11\/04\/reina-letizia-cena-de-gala-al-sultan-de-oman.jpg\" rel=\"nofollow noreferrer noopener\" target=\"_blank\"><img class=\"l\" data-  style=\"aspect-ratio: 1707 \/ 2560\" alt=\"reina-letizia-cena-de-gala-al-sultan-de-oman.jpg\"\/><\/a><\/p>\n<p>Como tiara, ha optado por la <strong>tiara rusa<\/strong>, realizada en diamantes, platino y perlas, que se caracteriza por su estructura inspirada en los tocados t\u00edpicos rusos o \u00abkokosnik\u00bb y que <strong>perteneci\u00f3 a la Reina Mar\u00eda Cristina de Habsburgo-Lorena<\/strong>, segunda esposa del Rey Alfonso XII, y que hered\u00f3 el Rey Alfonso XIII. Con motivo de la boda de su hijo don Juan con do\u00f1a Mar\u00eda de las Mercedes, Alfonso XIII se la regal\u00f3 a su nuera en 1935. La madre de Don Juan Carlos la cedi\u00f3 a su hija, la Infanta Pilar y a su nieta Simoneta G\u00f3mez-Acebo para sus enlaces matrimoniales. Cuando falleci\u00f3 Mar\u00eda de las Mercedes, <strong>Juan Carlos I<\/strong> acord\u00f3 con sus hermanas qued\u00e1rsela y se la regal\u00f3 a la <strong>Reina Sof\u00eda<\/strong>, que la estren\u00f3 durante un viaje de Estado a Noruega en 2006. La Reina Letizia la luci\u00f3 por primera vez durante la visita de Estado del presidente de China en 2018.<\/p>\n<p>&#13;<br \/>\n    Relacionado&#13;<br \/>\n    &#13;<\/p>\n<p>Como pendientes, ha optado por los <strong>pendientes de chatones<\/strong> formados por un brillante central y unos brillantes m\u00e1s peque\u00f1os que lo rodean, pertenecientes a las \u00ab<strong>joyas de pasar<\/strong>\u00ab. Lo ha rematado con la \u00faltima condecoraci\u00f3n que ha recibido, el <strong>collar de la Orden de Om\u00e1n<\/strong>, mientras que <strong>Don Felipe<\/strong>, de impoluto y perfecto chaqu\u00e9, ha lucido el <strong>collar de la Orden de Al Said<\/strong>. Por su parte, el sult\u00e1n de Om\u00e1n ha lucido t\u00fanica tradicional con el <strong>collar de la Orden de Isabel la Cat\u00f3lica<\/strong>.<\/p>\n<p><a class=\"fancybox\" href=\"https:\/\/s1.staticld.com\/2025\/11\/04\/reina-letizia-cena-gala-palacio-real-sultan-de-oman.jpg\" rel=\"nofollow noreferrer noopener\" target=\"_blank\"><img class=\"l\" data-  style=\"aspect-ratio: 2560 \/ 2117\" alt=\"reina-letizia-cena-gala-palacio-real-sultan-de-oman.jpg\"\/><\/a><\/p>\n<p>A la cena han asistido el presidente del Gobierno, <strong>Pedro S\u00e1nchez<\/strong> que ha acudido sin su mujer, <strong>Bego\u00f1a G\u00f3mez<\/strong>; la presidenta del Congreso, <strong>Francina Armengol<\/strong>; el presidente del Tribunal Constitucional, <strong>C\u00e1ndido Conde-Pumpido<\/strong>, y \u00fanicamente dos ministros: el de Exteriores, <strong>Jos\u00e9 Manuel Albares<\/strong>, y la de Defensa, <strong>Margarita Robles<\/strong>.<\/p>\n<p>En cuanto a los invitados, han estado presentes el presidente de la CEOE, <strong>Antonio Garamendi<\/strong>, y de la C\u00e1mara de Comercio de Espa\u00f1a, <strong>Jos\u00e9 Luis Bonet<\/strong>, el presidente de T\u00e9cnicas Reunidas, <strong>Juan Llad\u00f3<\/strong>; <strong>Esther Alcocer Koplowitz<\/strong>, marquesa de Casa Riera o la decana de la Diputaci\u00f3n de la Grandeza de Espa\u00f1a, duquesa de Arcos, entre muchos otros.<\/p>\n<p>Como suele ser habitual, antes de que se sirva la cena, el Rey y el Sult\u00e1n de Om\u00e1n han pronunciado unas palabras, de las que ambas delegaciones han tenido copias traducidas al espa\u00f1ol y al \u00e1rabe de los discursos de ambos Jefes de Estado. Como curiosidad, no ha habido brindis. La <strong>Unidad de M\u00fasica Guardia Real<\/strong> ha interpretado los himnos de Espa\u00f1a y Om\u00e1n, y han interpretado en directo temas de ambos pa\u00edses, entre los que destacan Suspiros de Espa\u00f1a, La Gran V\u00eda y Mediterr\u00e1neo.<\/p>\n","protected":false},"excerpt":{"rendered":"Casi 600 d\u00edas despu\u00e9s, el Palacio Real ha vuelto a albergar una cena de gala con motivo de&hellip;\n","protected":false},"author":2,"featured_media":219147,"comment_status":"","ping_status":"","sticky":false,"template":"","format":"standard","meta":{"footnotes":""},"categories":[174],"tags":[255,146,147,25,24,256,11439,11440,58540,23],"class_list":{"0":"post-219146","1":"post","2":"type-post","3":"status-publish","4":"format-standard","5":"has-post-thumbnail","7":"category-famosos","8":"tag-celebrities","9":"tag-entertainment","10":"tag-entretenimiento","11":"tag-es","12":"tag-espana","13":"tag-famosos","14":"tag-felipe-vi","15":"tag-letizia-ortiz","16":"tag-oman","17":"tag-spain"},"share_on_mastodon":{"url":"https:\/\/pubeurope.com\/@es\/115494990847196968","error":""},"_links":{"self":[{"href":"https:\/\/www.europesays.com\/es\/wp-json\/wp\/v2\/posts\/219146","targetHints":{"allow":["GET"]}}],"collection":[{"href":"https:\/\/www.europesays.com\/es\/wp-json\/wp\/v2\/posts"}],"about":[{"href":"https:\/\/www.europesays.com\/es\/wp-json\/wp\/v2\/types\/post"}],"author":[{"embeddable":true,"href":"https:\/\/www.europesays.com\/es\/wp-json\/wp\/v2\/users\/2"}],"replies":[{"embeddable":true,"href":"https:\/\/www.europesays.com\/es\/wp-json\/wp\/v2\/comments?post=219146"}],"version-history":[{"count":0,"href":"https:\/\/www.europesays.com\/es\/wp-json\/wp\/v2\/posts\/219146\/revisions"}],"wp:featuredmedia":[{"embeddable":true,"href":"https:\/\/www.europesays.com\/es\/wp-json\/wp\/v2\/media\/219147"}],"wp:attachment":[{"href":"https:\/\/www.europesays.com\/es\/wp-json\/wp\/v2\/media?parent=219146"}],"wp:term":[{"taxonomy":"category","embeddable":true,"href":"https:\/\/www.europesays.com\/es\/wp-json\/wp\/v2\/categories?post=219146"},{"taxonomy":"post_tag","embeddable":true,"href":"https:\/\/www.europesays.com\/es\/wp-json\/wp\/v2\/tags?post=219146"}],"curies":[{"name":"wp","href":"https:\/\/api.w.org\/{rel}","templated":true}]}}