{"id":219160,"date":"2025-11-05T03:45:27","date_gmt":"2025-11-05T03:45:27","guid":{"rendered":"https:\/\/www.europesays.com\/es\/219160\/"},"modified":"2025-11-05T03:45:27","modified_gmt":"2025-11-05T03:45:27","slug":"los-tecnicos-superiores-sanitarios-no-descartan-la-huelga-indefinida","status":"publish","type":"post","link":"https:\/\/www.europesays.com\/es\/219160\/","title":{"rendered":"Los t\u00e9cnicos superiores sanitarios no descartan la huelga indefinida"},"content":{"rendered":"<p>\t\t\t<a href=\"https:\/\/www.facebook.com\/adolfo.fernandezalonso\" target=\"_blank\" aria-label=\"banneradolfo-min\" rel=\"nofollow noopener\"><img loading=\"lazy\" decoding=\"async\" src=\"https:\/\/www.europesays.com\/es\/wp-content\/uploads\/2025\/07\/banneradolfo-min.gif\" alt=\"\" width=\"620\" height=\"100\"\/><\/a><br \/>\nCuarto d\u00eda de huelga con concentraciones en los hospitales<\/p>\n<p><strong>Los t\u00e9cnicos superiores sanitarios protagonizaban este lunes una gran manifestaci\u00f3n en Madrid y este martes  celebran su cuarto d\u00eda de huelga con concentraciones en las puertas de los hospitales. Cifran el seguimiento de la huelga en el 90-95% en la regi\u00f3n y no descartan la huelga indefinida si el Gobierno no atiende sus peticiones de estar en el grupo B o de regular sus estudios a grado universitario, \u00abcomo ya lo es en el resto de Europa\u00bb. Es su rebeli\u00f3n frente al Estatuto Marco de las Profesiones Sanitarias que plantea el Ministerio de Sanidad.<\/strong><\/p>\n<p><a href=\"https:\/\/js2-b4d4.kxcdn.com\/wp-content\/uploads\/2025\/11\/protesta-tecnicos-uno.jpg\" rel=\"nofollow noopener\" target=\"_blank\"><img loading=\"lazy\" decoding=\"async\" width=\"1024\" height=\"764\" data-id=\"140522\" src=\"https:\/\/www.europesays.com\/es\/wp-content\/uploads\/2025\/11\/protesta-tecnicos-uno-1024x764.jpg\" alt=\"\" class=\"wp-image-140522\"  \/><\/a><\/p>\n<p><a href=\"https:\/\/js2-b4d4.kxcdn.com\/wp-content\/uploads\/2025\/11\/protesta-tecnicos-general.jpg\" rel=\"nofollow noopener\" target=\"_blank\"><img loading=\"lazy\" decoding=\"async\" width=\"1024\" height=\"695\" data-id=\"140523\" src=\"https:\/\/www.europesays.com\/es\/wp-content\/uploads\/2025\/11\/protesta-tecnicos-general-1024x695.jpg\" alt=\"\" class=\"wp-image-140523\"  \/><\/a><\/p>\n<p><a href=\"https:\/\/img-b4d4.kxcdn.com\/wp-content\/uploads\/2025\/11\/protesta-tecnicos-tres.jpg\" rel=\"nofollow noopener\" target=\"_blank\"><img loading=\"lazy\" decoding=\"async\" width=\"1024\" height=\"769\" data-id=\"140524\" src=\"https:\/\/www.europesays.com\/es\/wp-content\/uploads\/2025\/11\/protesta-tecnicos-tres-1024x769.jpg\" alt=\"\" class=\"wp-image-140524\"  \/><\/a><\/p>\n<p><a href=\"https:\/\/img-b4d4.kxcdn.com\/wp-content\/uploads\/2025\/11\/protesta-tecnicos-cuatro.jpg\" rel=\"nofollow noopener\" target=\"_blank\"><img loading=\"lazy\" decoding=\"async\" width=\"1024\" height=\"784\" data-id=\"140525\" src=\"https:\/\/www.europesays.com\/es\/wp-content\/uploads\/2025\/11\/protesta-tecnicos-cuatro-1024x784.jpg\" alt=\"\" class=\"wp-image-140525\"  \/><\/a><\/p>\n<p>En este contexto, los t\u00e9cnicos superiores sanitarios reclaman la\u00a0homologaci\u00f3n de sus titulaciones al Grado Universitario Europeo\u00a0y el\u00a0reconocimiento real de sus competencias y responsabilidades, porque se consideran \u00abuna parte esencial del sistema sanitario, y exigimos una regulaci\u00f3n justa que garantice la dignidad profesional y la igualdad con el resto de titulaciones del \u00e1mbito sanitario\u00bb. As\u00ed lo explicaba hoy, en la puerta del Hospital de Albacete, Juan Antonio Cambronero, responsable del Sindicato de T\u00e9cnicos Superiores\u00a0Sanitarios\u00a0de Castilla-La Mancha.<\/p>\n<p>Ha confiado en que el Gobierno atienda sus peticiones pero, de no ser as\u00ed, avisan, se plantean ir a la huelga indefinida.<\/p>\n<p><a href=\"https:\/\/www.celiacosmancha.org\/\" target=\"_blank\" aria-label=\"CELIACOS MANCHA 620X100\" rel=\"nofollow noopener\"><img loading=\"lazy\" decoding=\"async\" src=\"https:\/\/www.europesays.com\/es\/wp-content\/uploads\/2025\/07\/CELIACOS-MANCHA-620X100.gif\" alt=\"\" width=\"620\" height=\"100\"\/><\/a><\/p>\n<p>En la concentraci\u00f3n de hoy han protestado contra la ministra de Sanidad, pero tambi\u00e9n contra la direcci\u00f3n del Hospital de Albacete, al grito de \u00abdirecci\u00f3n escucha, esta es nuestra lucha\u00bb, mientras se giraban hacia el centro hospitalario, donde tienen sus despachos.<\/p>\n<p>Tres ministerios implicados<\/p>\n<p>Este personal sanitario, capaz de parar la sanidad p\u00fablica y la privada, se enfrenta a tres ministerios. De hecho, la manifestaci\u00f3n de este lunes pasaba por el Ministerio de Educaci\u00f3n solicitando el grado universitario, equivalente al resto de los compa\u00f1eros europeos. Tampoco se olvidaba del Ministerio de Hacienda, para hacer efectiva la reclasificaci\u00f3n profesional al grupo B y su retribuci\u00f3n. Y, finalmente, la protesta paraba en el Ministerio de Sanidad, \u00abpara depender jer\u00e1rquicamente de la directiva medica bajo nuestro propio parag\u00fcas directivo, con la figura de coordinador t\u00e9cnico implantada el todo el territorio nacional\u00bb, insisten desde el sindicato <a href=\"https:\/\/www.fesitessclm.com\/\" target=\"_blank\" rel=\"noreferrer noopener nofollow\">Fesitess<\/a>.<\/p>\n<p>As\u00ed, los t\u00e9cnicos superiores sanitarios reiteran que su nivel de acceso a los estudios es el de Bachiller. De ellos dependen las mamograf\u00edas, los an\u00e1lisis, las radiograf\u00edas, la radioterapia o las pruebas de Anatom\u00eda Patol\u00f3gica. Higiene Bucodental o Audiolog\u00eda Prot\u00e9sica tambi\u00e9n tienen detr\u00e1s a t\u00e9cnicos superiores sanitarios.<\/p>\n<p><a href=\"https:\/\/www.europesays.com\/es\/wp-content\/uploads\/2025\/11\/tss-manifa-clm-2025.jpg\"><img loading=\"lazy\" decoding=\"async\" width=\"1010\" height=\"723\" data-id=\"140515\" src=\"https:\/\/www.europesays.com\/es\/wp-content\/uploads\/2025\/11\/tss-manifa-clm-2025.jpg\" alt=\"\" class=\"wp-image-140515\"  \/><\/a><\/p>\n<p><a href=\"https:\/\/www.europesays.com\/es\/wp-content\/uploads\/2025\/11\/tss-manifa-dos-clm.jpg\"><img loading=\"lazy\" decoding=\"async\" width=\"841\" height=\"530\" data-id=\"140516\" src=\"https:\/\/www.europesays.com\/es\/wp-content\/uploads\/2025\/11\/tss-manifa-dos-clm.jpg\" alt=\"\" class=\"wp-image-140516\"  \/><\/a><\/p>\n<p><a href=\"https:\/\/www.europesays.com\/es\/wp-content\/uploads\/2025\/11\/tss-manifa-uno.jpg\"><img loading=\"lazy\" decoding=\"async\" width=\"705\" height=\"812\" data-id=\"140514\" src=\"https:\/\/www.europesays.com\/es\/wp-content\/uploads\/2025\/11\/tss-manifa-uno.jpg\" alt=\"\" class=\"wp-image-140514\"  \/><\/a><\/p>\n<p><a href=\"https:\/\/www.europesays.com\/es\/wp-content\/uploads\/2025\/11\/tss-manifa-dos.jpg\"><img loading=\"lazy\" decoding=\"async\" width=\"890\" height=\"705\" data-id=\"140513\" src=\"https:\/\/www.europesays.com\/es\/wp-content\/uploads\/2025\/11\/tss-manifa-dos.jpg\" alt=\"\" class=\"wp-image-140513\"  \/><\/a><\/p>\n<p>Hemeroteca<\/p>\n","protected":false},"excerpt":{"rendered":"Cuarto d\u00eda de huelga con concentraciones en los hospitales Los t\u00e9cnicos superiores sanitarios protagonizaban este lunes una gran&hellip;\n","protected":false},"author":2,"featured_media":219161,"comment_status":"","ping_status":"","sticky":false,"template":"","format":"standard","meta":{"footnotes":""},"categories":[8],"tags":[17,18,26678,25,24,13,14,11,13181,19,20,9,10,15,16,2315,23,58544,12,21,22],"class_list":{"0":"post-219160","1":"post","2":"type-post","3":"status-publish","4":"format-standard","5":"has-post-thumbnail","7":"category-espana","8":"tag-breaking-news","9":"tag-breakingnews","10":"tag-concentraciones","11":"tag-es","12":"tag-espana","13":"tag-featured-news","14":"tag-featurednews","15":"tag-headlines","16":"tag-huelga","17":"tag-latest-news","18":"tag-latestnews","19":"tag-news","20":"tag-noticias","21":"tag-noticias-destacadas","22":"tag-noticiasdestacadas","23":"tag-protestas","24":"tag-spain","25":"tag-tecnicos-superiores-sanitarios","26":"tag-titulares","27":"tag-ultimas-noticias","28":"tag-ultimasnoticias"},"share_on_mastodon":{"url":"https:\/\/pubeurope.com\/@es\/115495038404397637","error":""},"_links":{"self":[{"href":"https:\/\/www.europesays.com\/es\/wp-json\/wp\/v2\/posts\/219160","targetHints":{"allow":["GET"]}}],"collection":[{"href":"https:\/\/www.europesays.com\/es\/wp-json\/wp\/v2\/posts"}],"about":[{"href":"https:\/\/www.europesays.com\/es\/wp-json\/wp\/v2\/types\/post"}],"author":[{"embeddable":true,"href":"https:\/\/www.europesays.com\/es\/wp-json\/wp\/v2\/users\/2"}],"replies":[{"embeddable":true,"href":"https:\/\/www.europesays.com\/es\/wp-json\/wp\/v2\/comments?post=219160"}],"version-history":[{"count":0,"href":"https:\/\/www.europesays.com\/es\/wp-json\/wp\/v2\/posts\/219160\/revisions"}],"wp:featuredmedia":[{"embeddable":true,"href":"https:\/\/www.europesays.com\/es\/wp-json\/wp\/v2\/media\/219161"}],"wp:attachment":[{"href":"https:\/\/www.europesays.com\/es\/wp-json\/wp\/v2\/media?parent=219160"}],"wp:term":[{"taxonomy":"category","embeddable":true,"href":"https:\/\/www.europesays.com\/es\/wp-json\/wp\/v2\/categories?post=219160"},{"taxonomy":"post_tag","embeddable":true,"href":"https:\/\/www.europesays.com\/es\/wp-json\/wp\/v2\/tags?post=219160"}],"curies":[{"name":"wp","href":"https:\/\/api.w.org\/{rel}","templated":true}]}}