{"id":219165,"date":"2025-11-05T03:52:14","date_gmt":"2025-11-05T03:52:14","guid":{"rendered":"https:\/\/www.europesays.com\/es\/219165\/"},"modified":"2025-11-05T03:52:14","modified_gmt":"2025-11-05T03:52:14","slug":"la-clasica-jaen-presenta-los-recorridos-de-su-proxima-edi","status":"publish","type":"post","link":"https:\/\/www.europesays.com\/es\/219165\/","title":{"rendered":"La Cl\u00e1sica Ja\u00e9n presenta los recorridos de su pr\u00f3xima edi&#8230;"},"content":{"rendered":"<p>La <strong>Ciudad Patrimonio de la Humanidad<\/strong> de <strong>\u00dabeda<\/strong> ser\u00e1 por quinto a\u00f1o consecutivo escenario del mejor ciclismo del mundo gracias a la <strong>Cl\u00e1sica Ja\u00e9n Para\u00edso Interior<\/strong>, prueba ciclista patrocinada por la <strong>Diputaci\u00f3n de Ja\u00e9n<\/strong> que disputar\u00e1 su quinta edici\u00f3n el pr\u00f3ximo lunes <strong>16 de febrero.<\/strong><\/p>\n<p>A esta carrera profesional masculina -de categor\u00eda UCI 1.1- la preceder\u00e1, tras su exitoso estreno esta temporada, la <strong>Copa de las Naciones UCI Ja\u00e9n Para\u00edso Interior<\/strong> <strong>juvenil femenina<\/strong> el <strong>domingo 15 de febrero<\/strong>. El tr\u00edptico se abrir\u00e1 un d\u00eda antes, el <strong>s\u00e1bado 14<\/strong>, con la cuarta edici\u00f3n de la <strong>Gran Fondo Ja\u00e9n Para\u00edso Interior<\/strong>, que en 2025 congreg\u00f3 a cerca de un millar de cicloturistas que disfrutaron del lujo de pedalear por <strong>\u00dabeda<\/strong> y su entorno y <a href=\"https:\/\/momparlercycling.us14.list-manage.com\/track\/click?u=59dc4b55d015d7d977e5bd98f&amp;id=b753707f34&amp;e=aae6554df6\" target=\"_blank\" rel=\"nofollow noopener\">cuyas inscripciones ya est\u00e1n abiertas al p\u00fablico<\/a>.<\/p>\n<p><img decoding=\"async\" loading=\"lazy\" alt=\"Tadej Pogacar, ganador de la Cl\u00e1sica Ja\u00e9n Para\u00edso Interior 2023\" data-id=\"14604769\" data-resize=\"null\" height=\"520\" src=\"https:\/\/www.europesays.com\/es\/wp-content\/uploads\/2025\/11\/tadej-pogacar-ganador-de-la-clasica-jaen-paraiso-interior-2023.jpeg\" title=\"Tadej Pogacar, ganador de la Cl\u00e1sica Ja\u00e9n Para\u00edso Interior 2023\" width=\"800\"\/>&#13;<br \/>\nTadej Pogacar, ganador de la Cl\u00e1sica Ja\u00e9n Para\u00edso Interior 2023. Foto: Sprint Cycling Agency&#13;<\/p>\n<p>\u201c<strong>Vamos a repetir recorridos tanto en la carrera masculina como en la femenina<\/strong>\u201d, comenta\u00a0<strong>Pascual Momparler<\/strong>, organizador de la Cl\u00e1sica Ja\u00e9n Para\u00edso Interior y sus eventos asociados. \u201cTras el evento del a\u00f1o pasado, hablamos con la UCI, con los equipos y con las selecciones. Todos nos recalcaron que el nivel de seguridad era alt\u00edsimo y les gustaba mucho el trazado. Asimismo, las audiencias de televisi\u00f3n nos respaldan. Todo esto nos anima a <strong>continuar con una f\u00f3rmula que nos permite mostrar las bellezas de \u00dabeda y del mar de olivos<\/strong>; una propuesta que el aficionado conoce y reconoce. La gente ya se sabe los nombres de Caminos de Olivos como Juancaballo, Santa Eulalia o Vandelvira, cuyas denominaciones ensalzan el patrimonio local y cuya dificultad llama la atenci\u00f3n de los participantes de la Gran Fondo Ja\u00e9n Para\u00edso Interior\u201d.<\/p>\n<p><img decoding=\"async\" loading=\"lazy\" alt=\"La Gran Fondo Ja\u00e9n Para\u00edso Interior congreg\u00f3 un millar de participantes en 2025\" data-id=\"14604812\" data-resize=\"null\" height=\"520\" src=\"https:\/\/www.europesays.com\/es\/wp-content\/uploads\/2025\/11\/la-gran-fondo-jaen-paraiso-interior-congrego-un-millar-de-participantes-en-2025.jpeg\" title=\"La Gran Fondo Ja\u00e9n Para\u00edso Interior congreg\u00f3 un millar de participantes en 2025\" width=\"800\"\/>&#13;<br \/>\nLa Gran Fondo Ja\u00e9n Para\u00edso Interior congreg\u00f3 un millar de participantes en 2025&#13;<\/p>\n<p>As\u00ed, la <strong>Cl\u00e1sica Ja\u00e9n Para\u00edso Interior<\/strong>\u00a0profesional volver\u00e1 a constar de <strong>169 kil\u00f3metros,<\/strong> de los cuales <strong>33,1 km ser\u00e1n de \u2018sterrato\u2019.<\/strong> Gran parte de ellos se concentrar\u00e1n en el <strong>bucle final de 34 kil\u00f3metros, <\/strong>con cuatro Caminos de Olivos (Juancaballo, Santa Eulalia, Guadalupe y Vandelvira) que <strong>se afrontar\u00e1n por partida doble<\/strong> con la meta de \u00dabeda en perspectiva. Dicho circuito conclusivo servir\u00e1 tambi\u00e9n de cierre para la <strong>Copa de las Naciones UCI Ja\u00e9n Para\u00edso Interior,<\/strong> que contar\u00e1 con un total de <strong>76,5 kil\u00f3metros,<\/strong> de los cuales 13,3 km ser\u00e1n Caminos de Olivos.<\/p>\n<p>Patrocinada\u00a0por la Diputaci\u00f3n de Ja\u00e9n, la <strong>Cl\u00e1sica Ja\u00e9n Para\u00edso Interior<\/strong> <strong>naci\u00f3 en 2022 <\/strong>con una propuesta deportiva \u00fanica en Espa\u00f1a al combinar el asfalto con el \u2018sterrato\u2019 merced a los <strong>Caminos de Olivos<\/strong> que surcan el Mar de Olivos donde se produce el mejor aceite del mundo. Con la Ciudad Patrimonio de la Humanidad de \u00dabeda como epicentro, su joven palmar\u00e9s reza cuatro nombres de primer nivel: <strong>Alexey Lutsenko<\/strong> (2022); un\u00a0vigente campe\u00f3n mundial y tres veces ganador del Tour de Francia como <strong>Tadej Poga\u010dar<\/strong> (2023); <strong>Oier Lazkano<\/strong> (2024); y otro maillot arco\u00edris como <strong>Michal Kwiatkowski<\/strong>\u00a0en 2025.<\/p>\n<p><img decoding=\"async\" loading=\"lazy\" alt=\"Michal Kwiatkowski, ganador de la Cl\u00e1sica Ja\u00e9n Para\u00edso Interior 2025\" data-id=\"14604792\" data-resize=\"null\" height=\"520\" src=\"https:\/\/www.europesays.com\/es\/wp-content\/uploads\/2025\/11\/michal-kwiatkowski-ganador-de-la-clasica-jaen-paraiso-interior-2025.jpeg\" title=\"Michal Kwiatkowski, ganador de la Cl\u00e1sica Ja\u00e9n Para\u00edso Interior 2025\" width=\"800\"\/>&#13;<br \/>\nMichal Kwiatkowski, ganador de la Cl\u00e1sica Ja\u00e9n Para\u00edso Interior 2025. Foto: Rafa Gomez (Sprint Cycling Agency)&#13;<\/p>\n<p>La <strong>Cl\u00e1sica Ja\u00e9n Para\u00edso Interior<\/strong> expandi\u00f3 su programa en 2023 con la creaci\u00f3n de la <strong>Gran Fondo Ja\u00e9n Para\u00edso Interior<\/strong>, versi\u00f3n cicloturista cuya cuarta edici\u00f3n\u00a0<a href=\"https:\/\/momparlercycling.us14.list-manage.com\/track\/click?u=59dc4b55d015d7d977e5bd98f&amp;id=e4954664dc&amp;e=aae6554df6\" target=\"_blank\" rel=\"nofollow noopener\">abri\u00f3\u00a0sus inscripciones al p\u00fablico este martes 7 de octubre<\/a>, y lo complet\u00f3 la temporada pasada con la <strong>Copa de las Naciones UCI Ja\u00e9n Para\u00edso Interior<\/strong> en la cual se batieron el cobre las m\u00e1s j\u00f3venes del pelot\u00f3n. Se impuso la brit\u00e1nica <strong>Erin Boothman<\/strong>\u00a0con segunda posici\u00f3n para la navarra <strong>Paula Ostiz<\/strong>, quien recientemente se proclam\u00f3 campeona del mundo juvenil femenina en Ruanda.<\/p>\n<p><img decoding=\"async\" loading=\"lazy\" alt=\"Paula Ostiz se mostr\u00f3 muy agresiva en los Caminos de Olivos\" data-id=\"14604802\" data-resize=\"null\" height=\"520\" src=\"https:\/\/www.europesays.com\/es\/wp-content\/uploads\/2025\/11\/paula-ostiz-se-mostro-muy-agresiva-en-los-caminos-de-olivos.jpeg\" title=\"Paula Ostiz se mostr\u00f3 muy agresiva en los Caminos de Olivos\" width=\"800\"\/>&#13;<br \/>\nPaula Ostiz brill\u00f3 en la edici\u00f3n inaugural de la\u00a0Copa de las Naciones UCI Ja\u00e9n Para\u00edso Interior, donde finaliz\u00f3 segunda.\u00a0Foto: Juan Moya&#13;<\/p>\n<p>\u00a0<\/p>\n<p>Ficha T\u00e9cnica\u00a0Cl\u00e1sica Ja\u00e9n Para\u00edso Interior 2026<\/p>\n<p><strong>Lunes 16 de febrero<\/strong><\/p>\n<p>\u2013 169 kil\u00f3metros, de los cuales 33,1 km de \u2018sterrato\u2019.<br \/>&#13;<br \/>\n\u2013 Dos giros a un circuito final de 34 kil\u00f3metros, con cuatro Caminos de Olivos (Juancaballo, Santa Eulalia, Guadalupe y Vandelvira) que suman 13,4 kil\u00f3metros de \u2018sterrato\u2019.<br \/>&#13;<br \/>\n\u2013 2.600 metros de desnivel positivo acumulado.<\/p>\n<p><img decoding=\"async\" loading=\"lazy\" alt=\"Recorrido Clasica Jaen Paraiso Interior\" height=\"387\" src=\"https:\/\/www.europesays.com\/es\/wp-content\/uploads\/2025\/11\/recorrido-clasica-jaen-paraiso-interior.jpeg\" width=\"790\"\/><\/p>\n<p><strong>10 Caminos de Olivos \/ tramos de \u2018sterrato\u2019<\/strong><br \/>&#13;<br \/>\n1. Vandelvira (km 79,7; 1,2 km)<br \/>&#13;<br \/>\n2. Mar de Olivos (km 97; 5,1 km)<br \/>&#13;<br \/>\n3. Juancaballo (km 108,5; 3,7 km)<br \/>&#13;<br \/>\n4. Santa Eulalia (km 115,3; 2,5 km)<br \/>&#13;<br \/>\n5. Guadalupe (km 118,5; 6,2 km)<br \/>&#13;<br \/>\n6. Vandelvira (km 131,8; 1,2 km)<br \/>&#13;<br \/>\n7. Juancaballo (km 143,2; 3,7 km)<br \/>&#13;<br \/>\n8. Santa Eulalia (km 150; 2,5 km)<br \/>&#13;<br \/>\n9. Guadalupe (km 153,2; 6,2 km)<br \/>&#13;<br \/>\n10. Vandelvira (km 166,5; 1,2 km)<\/p>\n<p>\u00a0<\/p>\n<p>Ficha T\u00e9cnica Copa de las Naciones UCI Ja\u00e9n Para\u00edso Interior 2026<\/p>\n<p><strong>Domingo 15 de febrero<\/strong><\/p>\n<p>\u2013 76,5 kil\u00f3metros, de los cuales 13,3 km de \u2018sterrato\u2019.<br \/>&#13;<br \/>\n\u2013 1.100 metros de desnivel positivo acumulado.<\/p>\n<p><img decoding=\"async\" loading=\"lazy\" alt=\"Recorrido Copa de las Naciones UCI Ja\u00e9n Para\u00edso Interior\" height=\"419\" src=\"https:\/\/www.europesays.com\/es\/wp-content\/uploads\/2025\/11\/recorrido-copa-de-las-naciones-uci-jaen-paraiso-interior.jpeg\" width=\"800\"\/><\/p>\n<p><strong>4 Caminos de Olivos \/ tramos de \u2018sterrato\u2019<\/strong><br \/>&#13;<br \/>\n1. Juancaballo (km 50,4; 3,7 km)<br \/>&#13;<br \/>\n2. Santa Eulalia (km 57,1; 2,5 km)<br \/>&#13;<br \/>\n3. Guadalupe (km 60,3; 6,2 km)<br \/>&#13;<br \/>\n4. Vandelvira (km 73,5; 1,2 km)<\/p>\n<p>\u00a0<\/p>\n<p>Ficha T\u00e9cnica\u00a0Gran Fondo Ja\u00e9n Para\u00edso Interior 2026<\/p>\n<p><strong>S\u00e1bado 14 de febrero<\/strong><\/p>\n<p>\u2013 111 kil\u00f3metros, de los cuales 19,7 km de \u2018sterrato\u2019.<br \/>&#13;<br \/>\n\u2013 Dos puntos de avituallamiento l\u00edquido en el Puente de la Cerrada (kil\u00f3metros 37 y 59) y otro de avituallamiento l\u00edquido y s\u00f3lido para los participantes inscritos con tarifa General y Premium, por el cual se pasar\u00e1 en el kil\u00f3metro 87<br \/>&#13;<br \/>\n\u2013 1.600 metros de desnivel positivo acumulado.<\/p>\n<p><img decoding=\"async\" loading=\"lazy\" alt=\"Recorrido Gran Fondo Clasica Jaen\" height=\"389\" src=\"https:\/\/www.europesays.com\/es\/wp-content\/uploads\/2025\/11\/recorrido-gran-fondo-clasica-jaen.jpeg\" width=\"800\"\/><\/p>\n<p><strong>5 Caminos de Olivos \/ tramos de \u2018sterrato\u2019<\/strong><br \/>&#13;<br \/>\n1. Vandelvira (km 7,7; 2,7 km)<br \/>&#13;<br \/>\n2. Mar de Olivos (km 80,5; 4,9 km)<br \/>&#13;<br \/>\n3. Juancaballo (km 92; 3,7 km)<br \/>&#13;<br \/>\n4. Santa Eulalia (km 99; 2,3 km)<br \/>&#13;<br \/>\n5. Guadalupe (km 103; 6,1 km)<\/p>\n<p>\u00a0<\/p>\n","protected":false},"excerpt":{"rendered":"La Ciudad Patrimonio de la Humanidad de \u00dabeda ser\u00e1 por quinto a\u00f1o consecutivo escenario del mejor ciclismo del&hellip;\n","protected":false},"author":2,"featured_media":219166,"comment_status":"","ping_status":"","sticky":false,"template":"","format":"standard","meta":{"footnotes":""},"categories":[273],"tags":[313,312,168,25,24,23,167],"class_list":{"0":"post-219165","1":"post","2":"type-post","3":"status-publish","4":"format-standard","5":"has-post-thumbnail","7":"category-ciclismo","8":"tag-ciclismo","9":"tag-cycling","10":"tag-deportes","11":"tag-es","12":"tag-espana","13":"tag-spain","14":"tag-sports"},"share_on_mastodon":{"url":"https:\/\/pubeurope.com\/@es\/115495065694695429","error":""},"_links":{"self":[{"href":"https:\/\/www.europesays.com\/es\/wp-json\/wp\/v2\/posts\/219165","targetHints":{"allow":["GET"]}}],"collection":[{"href":"https:\/\/www.europesays.com\/es\/wp-json\/wp\/v2\/posts"}],"about":[{"href":"https:\/\/www.europesays.com\/es\/wp-json\/wp\/v2\/types\/post"}],"author":[{"embeddable":true,"href":"https:\/\/www.europesays.com\/es\/wp-json\/wp\/v2\/users\/2"}],"replies":[{"embeddable":true,"href":"https:\/\/www.europesays.com\/es\/wp-json\/wp\/v2\/comments?post=219165"}],"version-history":[{"count":0,"href":"https:\/\/www.europesays.com\/es\/wp-json\/wp\/v2\/posts\/219165\/revisions"}],"wp:featuredmedia":[{"embeddable":true,"href":"https:\/\/www.europesays.com\/es\/wp-json\/wp\/v2\/media\/219166"}],"wp:attachment":[{"href":"https:\/\/www.europesays.com\/es\/wp-json\/wp\/v2\/media?parent=219165"}],"wp:term":[{"taxonomy":"category","embeddable":true,"href":"https:\/\/www.europesays.com\/es\/wp-json\/wp\/v2\/categories?post=219165"},{"taxonomy":"post_tag","embeddable":true,"href":"https:\/\/www.europesays.com\/es\/wp-json\/wp\/v2\/tags?post=219165"}],"curies":[{"name":"wp","href":"https:\/\/api.w.org\/{rel}","templated":true}]}}