{"id":219180,"date":"2025-11-05T04:05:11","date_gmt":"2025-11-05T04:05:11","guid":{"rendered":"https:\/\/www.europesays.com\/es\/219180\/"},"modified":"2025-11-05T04:05:11","modified_gmt":"2025-11-05T04:05:11","slug":"decia-que-era-una-nina-de-pueblo-un-poco-cortita","status":"publish","type":"post","link":"https:\/\/www.europesays.com\/es\/219180\/","title":{"rendered":"Dec\u00eda que era una ni\u00f1a de pueblo un poco cortita"},"content":{"rendered":"<p class=\"c-paragraph\">Mientras <a href=\"https:\/\/www.20minutos.es\/tags\/personas\/irene-rosales.html\" title=\"Irene Rosales\" rel=\"nofollow noopener\" target=\"_blank\">Irene Rosales<\/a> confirmaba p\u00fablicamente este lunes en <a href=\"https:\/\/www.20minutos.es\/tags\/temas\/y-ahora-sonsoles.html\" title=\"Y ahora Sonsoles\" rel=\"nofollow noopener\" target=\"_blank\">Y ahora Sonsoles<\/a> que est\u00e1 muy enamorada de Guillermo, su novio, ese mismo programa difundi\u00f3 al d\u00eda siguiente unas declaraciones que <b>desaf\u00edan la imagen id\u00edlica que proyecta su romance.<\/b><\/p>\n<p class=\"c-paragraph\">El magac\u00edn sirvi\u00f3 de altavoz al testimonio de Vanesa, una joven que afirm\u00f3 haber mantenido una relaci\u00f3n afectiva con Guillermo desde 2024, <b>simult\u00e1neamente a su matrimonio<\/b> <b>y antes de que trascendiera su v\u00ednculo con Rosales<\/b>. La encargada de destapar esta madeja sentimental fue Lorena V\u00e1zquez, quien present\u00f3 fragmentos de una conversaci\u00f3n con ella donde el retrato de Guillermo adquir\u00eda tonos de incansable galanteo y calculada frialdad.<\/p>\n<p class=\"c-paragraph\">\u00abGuillermo es un conquistador nato. Cuando yo lo conozco est\u00e1 casado, pero me dijo con mucha frialdad que <b>nunca hab\u00eda estado enamorado de su mujer<\/b>. Yo siempre me lo he cre\u00eddo, \u00e9l ha vendido mucho la pena. Seg\u00fan me cuenta \u00e9l, le pide la separaci\u00f3n a ella. \u00c9l en todo momento me dice que su matrimonio estaba acabado\u00bb, confes\u00f3 Vanesa.<\/p>\n<p class=\"c-paragraph\">Vanesa tambi\u00e9n relat\u00f3 la existencia de <b>una tercera persona llamada Marta<\/b>: \u00abMe dijo mi amiga: &#8216;Oye, me ha dicho \u00e9ste que se ha enrollado con Marta para olvidarse de ti pero que no le ha servido de nada&#8217;. Yo me di cuenta de que me es infiel con Marta porque yo le escribo a ella por Instagram, ella me llama y las dos descubrimos el pastel\u00bb.<\/p>\n<p class=\"c-paragraph\">El relato apuntaba, adem\u00e1s, al <b>supuesto inter\u00e9s de Guillermo por los medios<\/b> antes de conocer a Irene Rosales: \u00abYa hab\u00eda estado escribi\u00e9ndole por Instagram, a \u00e9l le encanta el famoseo. Un d\u00eda de agosto me escribe y me dice que se ha cruzado con Irene Rosales y <b>que le ha contado que se separa del gordo calvo ese<\/b>\u00ab.<\/p>\n<p class=\"c-paragraph\">Incluso, tal como expuso Vanesa, <b>\u00e9l habr\u00eda hablado de forma despectiva sobre la creadora de contenido<\/b>: \u00abLo tengo por escrito. Dec\u00eda que era una ni\u00f1a de pueblo, que aguantaba muchas situaciones y un poco cortita\u00bb.<\/p>\n<p class=\"c-paragraph\">Vanesa fij\u00f3 su \u00faltimo encuentro con Guillermo <b>el 18 de septiembre<\/b>, apenas unos d\u00edas antes de que la relaci\u00f3n entre \u00e9l e Irene se hiciera p\u00fablica. En su valoraci\u00f3n final, sostuvo: \u00abNo creo que est\u00e9 enamorado. \u00c9l est\u00e1 encantado de que se le vea con ella, a \u00e9l siempre le ha gustado el famoseo. Ella algo le tiene que gustar, pero lo que le tiene envuelto, es lo que envuelve a Irene\u00bb.<\/p>\n","protected":false},"excerpt":{"rendered":"Mientras Irene Rosales confirmaba p\u00fablicamente este lunes en Y ahora Sonsoles que est\u00e1 muy enamorada de Guillermo, su&hellip;\n","protected":false},"author":2,"featured_media":219181,"comment_status":"","ping_status":"","sticky":false,"template":"","format":"standard","meta":{"footnotes":""},"categories":[91],"tags":[146,147,25,24,31654,6891,4596,25265,524,23],"class_list":{"0":"post-219180","1":"post","2":"type-post","3":"status-publish","4":"format-standard","5":"has-post-thumbnail","7":"category-entretenimiento","8":"tag-entertainment","9":"tag-entretenimiento","10":"tag-es","11":"tag-espana","12":"tag-expareja","13":"tag-guillermo","14":"tag-habla","15":"tag-novio","16":"tag-nuevo","17":"tag-spain"},"share_on_mastodon":{"url":"https:\/\/pubeurope.com\/@es\/115495116690132842","error":""},"_links":{"self":[{"href":"https:\/\/www.europesays.com\/es\/wp-json\/wp\/v2\/posts\/219180","targetHints":{"allow":["GET"]}}],"collection":[{"href":"https:\/\/www.europesays.com\/es\/wp-json\/wp\/v2\/posts"}],"about":[{"href":"https:\/\/www.europesays.com\/es\/wp-json\/wp\/v2\/types\/post"}],"author":[{"embeddable":true,"href":"https:\/\/www.europesays.com\/es\/wp-json\/wp\/v2\/users\/2"}],"replies":[{"embeddable":true,"href":"https:\/\/www.europesays.com\/es\/wp-json\/wp\/v2\/comments?post=219180"}],"version-history":[{"count":0,"href":"https:\/\/www.europesays.com\/es\/wp-json\/wp\/v2\/posts\/219180\/revisions"}],"wp:featuredmedia":[{"embeddable":true,"href":"https:\/\/www.europesays.com\/es\/wp-json\/wp\/v2\/media\/219181"}],"wp:attachment":[{"href":"https:\/\/www.europesays.com\/es\/wp-json\/wp\/v2\/media?parent=219180"}],"wp:term":[{"taxonomy":"category","embeddable":true,"href":"https:\/\/www.europesays.com\/es\/wp-json\/wp\/v2\/categories?post=219180"},{"taxonomy":"post_tag","embeddable":true,"href":"https:\/\/www.europesays.com\/es\/wp-json\/wp\/v2\/tags?post=219180"}],"curies":[{"name":"wp","href":"https:\/\/api.w.org\/{rel}","templated":true}]}}