{"id":219188,"date":"2025-11-05T04:15:09","date_gmt":"2025-11-05T04:15:09","guid":{"rendered":"https:\/\/www.europesays.com\/es\/219188\/"},"modified":"2025-11-05T04:15:09","modified_gmt":"2025-11-05T04:15:09","slug":"la-respuesta-mas-patriotica-de-sinner-a-los-mas-criticos-tras-su-desplante-nacional-soy-un-verdadero-italiano","status":"publish","type":"post","link":"https:\/\/www.europesays.com\/es\/219188\/","title":{"rendered":"La respuesta m\u00e1s patri\u00f3tica de Sinner a los m\u00e1s cr\u00edticos tras su &#8216;desplante nacional&#8217;: \u00abSoy un verdadero italiano\u00bb"},"content":{"rendered":"<p class=\"typo-tk-rs-caption-xs\">La incendiaria opini\u00f3n de Coco Gauff sobre Alcaraz y Sinner: \u00abEl tenis femenino es m\u00e1s emocionante\u00bb<\/p>\n<p class=\"typo-tk-rs-caption-xs\">Autor del v\u00eddeo: Eurosport<\/p>\n<p>Pese a que evit\u00f3 el &#8216;conflicto&#8217; durante la conquista del Masters 1.000 de Par\u00eds, <b data-testid=\"body-text-bold\">Jannik Sinner<\/b> por fin ha respondido a las cr\u00edticas que recibi\u00f3 tras anunciarse su no convocatoria de cara a las finales de la Copa Davis 2025. Italia pierde a su n\u00famero 1 tras conquistar dos ensaladeras de forma consecutiva, algo que incluso parec\u00eda convertirse en un debate nacional desde un punto de vista deportivo y social.<\/p>\n<p>Algunas de las voces <b data-testid=\"body-text-bold\">cr\u00edticas<\/b>, pon\u00edan en duda el sentimiento de pertenencia de Sinner con su pa\u00eds, debido a que el vigente campe\u00f3n del Open de Australia se cri\u00f3 en el <b data-testid=\"body-text-bold\">norte de Italia<\/b>, en una zona muy cercana a Austria.<\/p>\n<p><img decoding=\"async\" class=\"text-transparent h-full w-full object-cover\" src=\"https:\/\/www.europesays.com\/es\/wp-content\/uploads\/2025\/11\/image-47e9ff0a-dbdd-4ee5-bfa1-fc4fe83e586b-85-2560-1440.jpeg\" alt=\"picture\" data-testid=\"image-high-res\"\/><\/p>\n<p class=\"typo-tk-rs-caption-xs\">Sinner, voluntario en Mil\u00e1n-Cortina: \u00abEstoy contento de que sean en nuestras hermosas monta\u00f1as\u00bb<\/p>\n<p class=\"typo-tk-rs-caption-xs\">Autor del v\u00eddeo: Eurosport<\/p>\n<blockquote class=\"wrapping-break-word typo-tk-rs-display-sm flex-auto text-content-block-default-text-fill-01\"><p>Estoy muy contento de haber nacido en Italia, no en Austria ni en ning\u00fan otro lugar<\/p><\/blockquote>\n<p>En una entrevista para &#8216;Sky Sports Italia&#8217;, y en unas declaraciones que recoge el portal &#8216;Ubitennis&#8217;, Sinner reitera ser \u00ab<b data-testid=\"body-text-bold\">un verdadero italiano<\/b>\u00ab. \u00ab<b data-testid=\"body-text-bold\">Estoy muy contento de haber nacido en Italia, no en Austria ni en ning\u00fan otro lugar<\/b>. Dicen que <b data-testid=\"body-text-bold\">el Tirol del Sur y Sicilia son muy diferentes, pero para m\u00ed, esta es nuestra fuerza<\/b> y \u200b\u200bnuestra fortuna. Debemos unirnos y apoyarnos mutuamente; Italia se lo merece\u00bb, expres\u00f3 un Jannik Sinner que mostr\u00f3 su cara m\u00e1s patri\u00f3tica en respuesta a muchos de los cr\u00edticos con su decisi\u00f3n de renunciar a la Davis.<\/p>\n<p><img decoding=\"async\" class=\"text-transparent h-full w-full object-cover\" src=\"https:\/\/www.europesays.com\/es\/wp-content\/uploads\/2025\/11\/image-469dc169-96e5-4239-8c21-77408e8afb7e-85-2560-1440.jpeg\" alt=\"picture\" data-testid=\"image-high-res\"\/><\/p>\n<p class=\"typo-tk-rs-caption-xs\">Wilander ensalza la rivalidad Alcaraz-Sinner y se moja para el US Open: \u00abSi est\u00e1 sano, es favorito\u00bb<\/p>\n<p class=\"typo-tk-rs-caption-xs\">Autor del v\u00eddeo: Eurosport<\/p>\n","protected":false},"excerpt":{"rendered":"La incendiaria opini\u00f3n de Coco Gauff sobre Alcaraz y Sinner: \u00abEl tenis femenino es m\u00e1s emocionante\u00bb Autor del&hellip;\n","protected":false},"author":2,"featured_media":219189,"comment_status":"","ping_status":"","sticky":false,"template":"","format":"standard","meta":{"footnotes":""},"categories":[274],"tags":[58548,168,25,24,23,167,327,326],"class_list":{"0":"post-219188","1":"post","2":"type-post","3":"status-publish","4":"format-standard","5":"has-post-thumbnail","7":"category-tenis","8":"tag-davis-cup-2025","9":"tag-deportes","10":"tag-es","11":"tag-espana","12":"tag-spain","13":"tag-sports","14":"tag-tenis","15":"tag-tennis"},"share_on_mastodon":{"url":"https:\/\/pubeurope.com\/@es\/115495156331982383","error":""},"_links":{"self":[{"href":"https:\/\/www.europesays.com\/es\/wp-json\/wp\/v2\/posts\/219188","targetHints":{"allow":["GET"]}}],"collection":[{"href":"https:\/\/www.europesays.com\/es\/wp-json\/wp\/v2\/posts"}],"about":[{"href":"https:\/\/www.europesays.com\/es\/wp-json\/wp\/v2\/types\/post"}],"author":[{"embeddable":true,"href":"https:\/\/www.europesays.com\/es\/wp-json\/wp\/v2\/users\/2"}],"replies":[{"embeddable":true,"href":"https:\/\/www.europesays.com\/es\/wp-json\/wp\/v2\/comments?post=219188"}],"version-history":[{"count":0,"href":"https:\/\/www.europesays.com\/es\/wp-json\/wp\/v2\/posts\/219188\/revisions"}],"wp:featuredmedia":[{"embeddable":true,"href":"https:\/\/www.europesays.com\/es\/wp-json\/wp\/v2\/media\/219189"}],"wp:attachment":[{"href":"https:\/\/www.europesays.com\/es\/wp-json\/wp\/v2\/media?parent=219188"}],"wp:term":[{"taxonomy":"category","embeddable":true,"href":"https:\/\/www.europesays.com\/es\/wp-json\/wp\/v2\/categories?post=219188"},{"taxonomy":"post_tag","embeddable":true,"href":"https:\/\/www.europesays.com\/es\/wp-json\/wp\/v2\/tags?post=219188"}],"curies":[{"name":"wp","href":"https:\/\/api.w.org\/{rel}","templated":true}]}}