{"id":219190,"date":"2025-11-05T04:16:05","date_gmt":"2025-11-05T04:16:05","guid":{"rendered":"https:\/\/www.europesays.com\/es\/219190\/"},"modified":"2025-11-05T04:16:05","modified_gmt":"2025-11-05T04:16:05","slug":"quintana-bernal-y-nibali-coinciden-en-que-pogacar-mantendra-el-dominio-en-2026-es-el-corredor-mas-fuerte-de-la-historia","status":"publish","type":"post","link":"https:\/\/www.europesays.com\/es\/219190\/","title":{"rendered":"Quintana, Bernal y Nibali coinciden en que Pogacar mantendr\u00e1 el dominio en 2026: \u00abEs el corredor m\u00e1s fuerte de la historia\u00bb"},"content":{"rendered":"<p class=\"typo-tk-rs-caption-xs\">Pogacar, una temporada de GOAT: Todas sus victorias, ataques y grandes momentos en 2025<\/p>\n<p class=\"typo-tk-rs-caption-xs\">Autor del v\u00eddeo: Eurosport<\/p>\n<p><b data-testid=\"body-text-bold\">Vincenzo Nibali<\/b>, quien fue campe\u00f3n de las tres Grandes Vueltas, particip\u00f3 el pasado fin de semana en la ciudad caribe\u00f1a de Barranquilla junto a los colombianos <b data-testid=\"body-text-bold\">Nairo Quintana, Egan Bernal y Rigoberto Ur\u00e1n<\/b> en el Giro de Rigo, un evento recreativo y gran fondo no competitivo, organizado por Ur\u00e1n e inspirado en el esp\u00edritu del Giro de Italia.<\/p>\n<p>Nibali -ganador del Tour de Francia 2014, el Giro de Italia 2013 y 2016 y la Vuelta a Espa\u00f1a 2010- <b data-testid=\"body-text-bold\">compar\u00f3 a Pogacar con el m\u00faltiple campe\u00f3n Eddy Merckx<\/b>: \u00abDespu\u00e9s de 30 a\u00f1os vuelve a salir un corredor incre\u00edble. Pienso que en estos momentos competir con \u00e9l es muy, muy dif\u00edcil\u00bb.<\/p>\n<p><img decoding=\"async\" class=\"text-transparent h-full w-full object-cover\" src=\"https:\/\/www.europesays.com\/es\/wp-content\/uploads\/2025\/11\/image-bf53b539-b43b-40cf-aa08-ece28267af6d-85-2560-1440.png\" alt=\"picture\" data-testid=\"image-high-res\"\/><\/p>\n<p class=\"typo-tk-rs-caption-xs\">Las voces de Eurosport glorifican el 2025 de Tadej Pogacar: \u00abYa da mejores exhibiciones que Merckx\u00bb<\/p>\n<p class=\"typo-tk-rs-caption-xs\">Autor del v\u00eddeo: Eurosport<\/p>\n<p>En su opini\u00f3n, a\u00fan cuando compite sin las mejores condiciones, Pogacar llega <b data-testid=\"body-text-bold\">siempre con un nivel superior<\/b>. \u00abEn el momento cuando est\u00e1 mal, termina segundo o tercero en la carrera\u00bb, dijo.<\/p>\n<blockquote class=\"wrapping-break-word typo-tk-rs-display-sm flex-auto text-content-block-default-text-fill-01\"><p>Es el hombre m\u00e1s fuerte en toda la historia del ciclismo competitivo<\/p><\/blockquote>\n<p>Bernal -ganador del Tour de Francia en el 2019 y en el Giro de Italia en 2021- rest\u00f3 importancia a las versiones seg\u00fan la cuales el dise\u00f1o del pr\u00f3ximo a\u00f1o de la carrera francesa busca <b data-testid=\"body-text-bold\">contrarrestar posibilidades del esloveno<\/b>.<\/p>\n<p>\u00abPogacar es el corredor m\u00e1s fuerte en el mundo. Si le colocan 100 kil\u00f3metros de crono o cualquier otro tipo de carrera <b data-testid=\"body-text-bold\">siempre ser\u00e1 el favorito para ganar<\/b>\u00ab, expres\u00f3 el colombiano, quien resalt\u00f3 los logros en la vida deportiva del esloveno, quien a los 27 a\u00f1os tiene por delante mucho tiempo para ser el mejor de la historia.<\/p>\n<p>Para Quintana -ganador del Giro de Italia en 2014 y la Vuelta a Espa\u00f1a en 2016-, <b data-testid=\"body-text-bold\">Pogacar ha demostrado que no tiene ninguna debilidad<\/b> y es superior en cualquiera de los terrenos y caracter\u00edsticas de carrera.<\/p>\n<p>Agreg\u00f3 que si \u00e9l, Nibali, Bernal o Rigoberto Ur\u00e1n <b data-testid=\"body-text-bold\">se compararan en sus mejores \u00e9pocas<\/b> con el nivel que tiene Pogacar en la actualidad, \u00abestar\u00eda no uno, sino <b data-testid=\"body-text-bold\">dos escalones m\u00e1s arriba que nosotros<\/b>, porque es el hombre m\u00e1s fuerte en toda la historia del ciclismo competitivo\u00bb.<\/p>\n<p><img decoding=\"async\" class=\"text-transparent h-full w-full object-cover\" src=\"https:\/\/www.europesays.com\/es\/wp-content\/uploads\/2025\/11\/image-4704f41e-bcef-47b8-b0b8-ae56c9e6e5c0-85-2560-1440.jpeg\" alt=\"picture\" data-testid=\"image-high-res\"\/><\/p>\n<p class=\"typo-tk-rs-caption-xs\">El v\u00eddeo para emocionarse de Pogacar camino de su cuarto Tour: Sus grandes duelos hacia la gloria<\/p>\n<p class=\"typo-tk-rs-caption-xs\">Autor del v\u00eddeo: Eurosport<\/p>\n","protected":false},"excerpt":{"rendered":"Pogacar, una temporada de GOAT: Todas sus victorias, ataques y grandes momentos en 2025 Autor del v\u00eddeo: Eurosport&hellip;\n","protected":false},"author":2,"featured_media":219191,"comment_status":"","ping_status":"","sticky":false,"template":"","format":"standard","meta":{"footnotes":""},"categories":[273],"tags":[313,312,168,25,24,23,167,56854],"class_list":{"0":"post-219190","1":"post","2":"type-post","3":"status-publish","4":"format-standard","5":"has-post-thumbnail","7":"category-ciclismo","8":"tag-ciclismo","9":"tag-cycling","10":"tag-deportes","11":"tag-es","12":"tag-espana","13":"tag-spain","14":"tag-sports","15":"tag-tour-de-france-2026"},"share_on_mastodon":{"url":"https:\/\/pubeurope.com\/@es\/115495159979049015","error":""},"_links":{"self":[{"href":"https:\/\/www.europesays.com\/es\/wp-json\/wp\/v2\/posts\/219190","targetHints":{"allow":["GET"]}}],"collection":[{"href":"https:\/\/www.europesays.com\/es\/wp-json\/wp\/v2\/posts"}],"about":[{"href":"https:\/\/www.europesays.com\/es\/wp-json\/wp\/v2\/types\/post"}],"author":[{"embeddable":true,"href":"https:\/\/www.europesays.com\/es\/wp-json\/wp\/v2\/users\/2"}],"replies":[{"embeddable":true,"href":"https:\/\/www.europesays.com\/es\/wp-json\/wp\/v2\/comments?post=219190"}],"version-history":[{"count":0,"href":"https:\/\/www.europesays.com\/es\/wp-json\/wp\/v2\/posts\/219190\/revisions"}],"wp:featuredmedia":[{"embeddable":true,"href":"https:\/\/www.europesays.com\/es\/wp-json\/wp\/v2\/media\/219191"}],"wp:attachment":[{"href":"https:\/\/www.europesays.com\/es\/wp-json\/wp\/v2\/media?parent=219190"}],"wp:term":[{"taxonomy":"category","embeddable":true,"href":"https:\/\/www.europesays.com\/es\/wp-json\/wp\/v2\/categories?post=219190"},{"taxonomy":"post_tag","embeddable":true,"href":"https:\/\/www.europesays.com\/es\/wp-json\/wp\/v2\/tags?post=219190"}],"curies":[{"name":"wp","href":"https:\/\/api.w.org\/{rel}","templated":true}]}}