{"id":219204,"date":"2025-11-05T04:28:07","date_gmt":"2025-11-05T04:28:07","guid":{"rendered":"https:\/\/www.europesays.com\/es\/219204\/"},"modified":"2025-11-05T04:28:07","modified_gmt":"2025-11-05T04:28:07","slug":"el-mexicano-gonzalo-celorio-recibe-el-premio-cervantes-del-2025","status":"publish","type":"post","link":"https:\/\/www.europesays.com\/es\/219204\/","title":{"rendered":"El mexicano Gonzalo Celorio recibe el Premio Cervantes del 2025"},"content":{"rendered":"\n<p>MADRID (AP) \u2014 El autor mexicano Gonzalo Celorio, de novelas como \u201cAmor propio\u201d, \u201cY retiemble en sus centros la tierra\u201d y \u201cMentideros de la memoria\u201d fue galardonado el lunes con el Premio Cervantes 2025.<\/p>\n<p>Celorio fue destacado por el jurado por una trayectoria de m\u00e1s de cinco d\u00e9cadas en la que ha explorado \u201clos matices de la identidad, la educaci\u00f3n sentimental y la p\u00e9rdida\u201d, dijo XX.<\/p>\n<p>\u201cSu obra es al mismo tiempo una memoria del M\u00e9xico moderno y un espejo de la condici\u00f3n humana\u201d, se\u00f1al\u00f3 el jurado presidido por Mar\u00eda Jos\u00e9 G\u00e1lvez, directora general del Libro, del C\u00f3mic y de la Lectura del Ministerio de Cultura.<\/p>\n<p>El Premio de Literatura en Lengua Castellana Miguel de Cervantes es concedido por el Ministerio de Cultura de Espa\u00f1a y est\u00e1 dotado con 125.000 euros.<\/p>\n<p>Celorio (Ciudad de M\u00e9xico, 1948) es narrador, ensayista, cronista y una de las figuras m\u00e1s destacadas de la literatura mexicana contempor\u00e1nea. Es doctor en Lengua y Literaturas Hisp\u00e1nicas, especializado en Literatura Hispanoamericana por la Facultad de Filosof\u00eda y Letras de la Universidad Nacional Aut\u00f3noma de M\u00e9xico (UNAM). A la par de su carrera como autor, se ha desempe\u00f1ado como acad\u00e9mico y docente en la Universidad Iberoamericana, el Instituto Polit\u00e9cnico Nacional y el Colegio de M\u00e9xico, entre otras instituciones.<\/p>\n<p>Fue director de la Facultad de Filosof\u00eda y Letras de la UNAM; director de Literatura del Instituto Nacional de Bellas Artes; coordinador de Difusi\u00f3n Cultural de la UNAM y director general del Fondo de Cultura Econ\u00f3mica. Actualmente, es profesor de literatura hispanoamericana en la UNAM, donde dirige la c\u00e1tedra Maestros del Exilio Espa\u00f1ol.<\/p>\n<p>Es miembro de la Academia Mexicana de la Lengua, de la que es su director, miembro de la Real Academia Espa\u00f1ola y de la Academia Cubana de la Lengua. Entre sus ensayos destacan \u201cLos subrayados son m\u00edos\u201d y \u201cC\u00e1nones subversivos\u201d.<\/p>\n<p>El Premio Cervantes es otorgado a autores cuya obra literaria est\u00e9 escrita totalmente, o en parte esencial, en castellano y haya contribuido a enriquecer el legado literario hisp\u00e1nico. Entre sus galardonados anteriores est\u00e1n Alejo Carpentier, Jorge Luis Borges, Juan Carlos Onetti, Octavio Paz, Mar\u00eda Zambrano, Ana Mar\u00eda Matute y Elena Poniatowska.<\/p>\n","protected":false},"excerpt":{"rendered":"MADRID (AP) \u2014 El autor mexicano Gonzalo Celorio, de novelas como \u201cAmor propio\u201d, \u201cY retiemble en sus centros&hellip;\n","protected":false},"author":2,"featured_media":219205,"comment_status":"","ping_status":"","sticky":false,"template":"","format":"standard","meta":{"footnotes":""},"categories":[91],"tags":[209,411,146,147,25,24,5266,3015,58550,8693,5131,12857,671,911,1906,583,4125,40877,23,6844],"class_list":{"0":"post-219204","1":"post","2":"type-post","3":"status-publish","4":"format-standard","5":"has-post-thumbnail","7":"category-entretenimiento","8":"tag-cultura","9":"tag-director","10":"tag-entertainment","11":"tag-entretenimiento","12":"tag-es","13":"tag-espana","14":"tag-filosofia","15":"tag-general","16":"tag-instituto-politecnico-nacional","17":"tag-lengua","18":"tag-letras","19":"tag-literario","20":"tag-literatura","21":"tag-memoria","22":"tag-mexico","23":"tag-ministerio","24":"tag-obra","25":"tag-premio-cervantes","26":"tag-spain","27":"tag-unam"},"share_on_mastodon":{"url":"https:\/\/pubeurope.com\/@es\/115495207097432235","error":""},"_links":{"self":[{"href":"https:\/\/www.europesays.com\/es\/wp-json\/wp\/v2\/posts\/219204","targetHints":{"allow":["GET"]}}],"collection":[{"href":"https:\/\/www.europesays.com\/es\/wp-json\/wp\/v2\/posts"}],"about":[{"href":"https:\/\/www.europesays.com\/es\/wp-json\/wp\/v2\/types\/post"}],"author":[{"embeddable":true,"href":"https:\/\/www.europesays.com\/es\/wp-json\/wp\/v2\/users\/2"}],"replies":[{"embeddable":true,"href":"https:\/\/www.europesays.com\/es\/wp-json\/wp\/v2\/comments?post=219204"}],"version-history":[{"count":0,"href":"https:\/\/www.europesays.com\/es\/wp-json\/wp\/v2\/posts\/219204\/revisions"}],"wp:featuredmedia":[{"embeddable":true,"href":"https:\/\/www.europesays.com\/es\/wp-json\/wp\/v2\/media\/219205"}],"wp:attachment":[{"href":"https:\/\/www.europesays.com\/es\/wp-json\/wp\/v2\/media?parent=219204"}],"wp:term":[{"taxonomy":"category","embeddable":true,"href":"https:\/\/www.europesays.com\/es\/wp-json\/wp\/v2\/categories?post=219204"},{"taxonomy":"post_tag","embeddable":true,"href":"https:\/\/www.europesays.com\/es\/wp-json\/wp\/v2\/tags?post=219204"}],"curies":[{"name":"wp","href":"https:\/\/api.w.org\/{rel}","templated":true}]}}