{"id":219206,"date":"2025-11-05T04:31:11","date_gmt":"2025-11-05T04:31:11","guid":{"rendered":"https:\/\/www.europesays.com\/es\/219206\/"},"modified":"2025-11-05T04:31:11","modified_gmt":"2025-11-05T04:31:11","slug":"tres-muertos-y-11-heridos-al-estrellarse-tras-despegar-en-el-aeropuerto-internacional-en-kentucky","status":"publish","type":"post","link":"https:\/\/www.europesays.com\/es\/219206\/","title":{"rendered":"tres muertos y 11 heridos al estrellarse tras despegar en el aeropuerto internacional en Kentucky"},"content":{"rendered":"<p>Al menos tres personas han muerto y otras once han resultado heridas, despu\u00e9s de que un avi\u00f3n de carga de UPS\u00a0s<b>e estrellase este martes en Louisville, Kentucky<\/b>, poco despu\u00e9s despegar del aeropuerto internacional Muhammad Ali, tal y como confirmaba esta noche la Administraci\u00f3n Federal de Aviaci\u00f3n (FAA). El aparato siniestrado cubr\u00eda la ruta entre el mayor centro de clasificaci\u00f3n de paqueter\u00eda de la multinacional estadounidense de env\u00edo de paquetes y de log\u00edstica con la isla de Honolulu, en Haw\u00e1i.\u00a0<\/p>\n<p>El gobernador de Kentucky, el dem\u00f3crata Andy Beshear, ha confirmado que el n\u00famero de v\u00edctimas es provisional y ha lamentado que posiblemente \u00abla cifra va a crecer\u201d con el paso de las horas. Beshear tambi\u00e9n ha se\u00f1alado que los equipos de rescate y de emergencias siguen trabajando en la zona, mientras la alerta de seguridad mantiene restringido el tr\u00e1nsito en un radio de unos ocho kil\u00f3metros alrededor del aeropuerto. El gobernador ha se\u00f1alado que \u201cse est\u00e1 recogiendo toda la informaci\u00f3n, lo m\u00e1s r\u00e1pido posible\u201d y ha pedido prudencia ante la evoluci\u00f3n de los datos.<\/p>\n<p>El accidente se produjo en torno a las 17:15 horas locales (23:15 horas en Espa\u00f1a), cuando el <b>vuelo 2976 de UPS<\/b> perdi\u00f3 el control poco despu\u00e9s de iniciar la maniobra de despegue y acab\u00f3 estrell\u00e1ndose al final de la pista del aeropuerto, apenas a 55 metros de altura.<\/p>\n<p>Seg\u00fan una fuente gubernamental citada por Reuters, las grabaciones apuntan a que el avi\u00f3n ya ard\u00eda mientras avanzaba por la pista, pocos segundos antes de perder el control y precipitarse al final de la misma, <b>donde explot\u00f3 al tocar tierra<\/b>. Im\u00e1genes difundidas por la cadena WLKY-TV, afiliada local de CBS, muestran una enorme bola de fuego justo en el momento del impacto, as\u00ed como un intenso resplandor que a\u00fan era visible horas despu\u00e9s.<\/p>\n<p>La explosi\u00f3n que ha causado el impacto del avi\u00f3n en tierra ha provocado varios incendios, que se han extendido a lo largo de un kil\u00f3metro a la redonda. La magnitud ha obligado a desplegar a decenas de bomberos y equipos de emergencia, mientras que el acceso a la zona permanece restringido.<\/p>\n<p>UPS ha confirmado que uno de sus aviones se ha visto implicada en el accidente, aunque la compa\u00f1\u00eda asegura que todav\u00eda no ha podido confirmar si se han registrado heridos o fallecidos. Seg\u00fan los registros de la FAA, <b>el avi\u00f3n ten\u00eda 34 a\u00f1os de antig\u00fcedad<\/b> y comenz\u00f3 a trabajar para la multinacional en 2006. Fabricado por McDonnell Douglas, el modelo pertenece al programa MD-11 de Boeing, que <a href=\"https:\/\/www.huffingtonpost.es\/sociedad\/el-avion-aterriza-aeropuerto-problemas-aparentes-revisan-combustible-saltan-alarmas.html\" title=\"El avi\u00f3n aterriza en el aeropuerto sin problemas aparentes hasta que revisan el combustible y saltan las alarmas\" rel=\"nofollow noopener\" target=\"_blank\">ha tenido otro tipo de incidentes este a\u00f1o<\/a>.<\/p>\n<p>El aeropuerto internacional Muhammad Ali acoge el Worldport, el principal centro log\u00edstico de UPS y su mayor instalaci\u00f3n de clasificaci\u00f3n de paquetes del mundo, por lo que el accidente podr\u00eda afectar temporalmente a las entregas de grandes clientes como Amazon, Apple o, incluso, el mism\u00edsimo Servicio Postal de Estados Unidos (USPS).<\/p>\n<p>El servicio de seguimiento FlightRadar24 ha se\u00f1alado que el avi\u00f3n accidentado, antes de regresar a Kentucky, hab\u00eda volado de Louisville a Baltimore. Aclaran, adem\u00e1s, que la ruta habitual hacia Honolulu dura unas ocho horas y media.<\/p>\n","protected":false},"excerpt":{"rendered":"Al menos tres personas han muerto y otras once han resultado heridas, despu\u00e9s de que un avi\u00f3n de&hellip;\n","protected":false},"author":2,"featured_media":219207,"comment_status":"","ping_status":"","sticky":false,"template":"","format":"standard","meta":{"footnotes":""},"categories":[42],"tags":[13235,58555,58553,17,18,629,58554,13,14,11,4342,61,62,63,64,25622,19,20,58552,9,10,15,16,12,1529,21,22,58551,65,66,67],"class_list":{"0":"post-219206","1":"post","2":"type-post","3":"status-publish","4":"format-standard","5":"has-post-thumbnail","7":"category-internacional","8":"tag-accidente-aereo","9":"tag-andy-beshear","10":"tag-avion-de-carga","11":"tag-breaking-news","12":"tag-breakingnews","13":"tag-estados-unidos","14":"tag-faa","15":"tag-featured-news","16":"tag-featurednews","17":"tag-headlines","18":"tag-incendios","19":"tag-internacional","20":"tag-international","21":"tag-international-news","22":"tag-internationalnews","23":"tag-kentucky","24":"tag-latest-news","25":"tag-latestnews","26":"tag-louisville","27":"tag-news","28":"tag-noticias","29":"tag-noticias-destacadas","30":"tag-noticiasdestacadas","31":"tag-titulares","32":"tag-ultima-hora","33":"tag-ultimas-noticias","34":"tag-ultimasnoticias","35":"tag-ups","36":"tag-world","37":"tag-world-news","38":"tag-worldnews"},"share_on_mastodon":{"url":"","error":"Validation failed: Text character limit of 500 exceeded"},"_links":{"self":[{"href":"https:\/\/www.europesays.com\/es\/wp-json\/wp\/v2\/posts\/219206","targetHints":{"allow":["GET"]}}],"collection":[{"href":"https:\/\/www.europesays.com\/es\/wp-json\/wp\/v2\/posts"}],"about":[{"href":"https:\/\/www.europesays.com\/es\/wp-json\/wp\/v2\/types\/post"}],"author":[{"embeddable":true,"href":"https:\/\/www.europesays.com\/es\/wp-json\/wp\/v2\/users\/2"}],"replies":[{"embeddable":true,"href":"https:\/\/www.europesays.com\/es\/wp-json\/wp\/v2\/comments?post=219206"}],"version-history":[{"count":0,"href":"https:\/\/www.europesays.com\/es\/wp-json\/wp\/v2\/posts\/219206\/revisions"}],"wp:featuredmedia":[{"embeddable":true,"href":"https:\/\/www.europesays.com\/es\/wp-json\/wp\/v2\/media\/219207"}],"wp:attachment":[{"href":"https:\/\/www.europesays.com\/es\/wp-json\/wp\/v2\/media?parent=219206"}],"wp:term":[{"taxonomy":"category","embeddable":true,"href":"https:\/\/www.europesays.com\/es\/wp-json\/wp\/v2\/categories?post=219206"},{"taxonomy":"post_tag","embeddable":true,"href":"https:\/\/www.europesays.com\/es\/wp-json\/wp\/v2\/tags?post=219206"}],"curies":[{"name":"wp","href":"https:\/\/api.w.org\/{rel}","templated":true}]}}