{"id":219208,"date":"2025-11-05T04:32:12","date_gmt":"2025-11-05T04:32:12","guid":{"rendered":"https:\/\/www.europesays.com\/es\/219208\/"},"modified":"2025-11-05T04:32:12","modified_gmt":"2025-11-05T04:32:12","slug":"se-abrira-la-puerta-de-frentes-atlanticos","status":"publish","type":"post","link":"https:\/\/www.europesays.com\/es\/219208\/","title":{"rendered":"\u00abSe abrir\u00e1 la puerta de frentes atl\u00e1nticos\u00bb"},"content":{"rendered":"<p style=\"\">La semana ha comenzado en Espa\u00f1a con un <strong>tiempo mucho m\u00e1s estable<\/strong> que este fin de semana, que s\u00ed ha estado marcado por la presencia de <a href=\"https:\/\/www.abc.es\/recreo\/cabanuelas-jorge-rey-adelantan-tiempo-hara-espana-20251030160953-nt.html\" title=\"www.abc.es\" data-voc-vtm-id=\"in-text-traffic\" data-mrf-link=\"www.abc.es\" rel=\"nofollow noopener\" target=\"_blank\">varios frentes<\/a> en el <a href=\"https:\/\/www.abc.es\/espana\/andalucia\/lluvia-vuelve-andalucia-mitad-semana-zonas-afectadas-20251103085801-nts.html\" title=\"www.abc.es\" data-voc-vtm-id=\"in-text-traffic\" data-mrf-link=\"www.abc.es\" rel=\"nofollow noopener\" target=\"_blank\">oeste peninsular<\/a>. Esta situaci\u00f3n anticicl\u00f3nica no se extender\u00e1 demasiado, pues, seg\u00fan anticipa  &#8230; la <strong>Agencia Estatal de Meteorolog\u00eda (Aemet)<\/strong>, estos pr\u00f3ximos d\u00edas estar\u00e1n marcados por la presencia de <strong>nuevas lluvias asociadas a borrascas atl\u00e1nticas<\/strong>. <\/p>\n<p class=\"voc-p\" style=\"\">El organismo ha confirmado que, a partir de este martes 4 de noviembre, llegar\u00e1 a la Pen\u00ednsula <strong>\u00abun frente fr\u00edo con lluvias barrer\u00e1 la pen\u00ednsula de oeste a este\u00bb<\/strong>. Esta <a href=\"https:\/\/www.abc.es\/sociedad\/aemet-avisa-espana-llegada-nuevas-lluvias-acumulados-20251103085707-nt.html\" title=\"www.abc.es\" data-voc-vtm-id=\"in-text-traffic\" data-mrf-link=\"www.abc.es\" rel=\"nofollow noopener\" target=\"_blank\">situaci\u00f3n de inestabilidad<\/a> se mantendr\u00e1 tambi\u00e9n el mi\u00e9rcoles 5 en el suroeste peninsular, donde las precipitaciones <strong>\u00abser\u00e1n persistentes e intensas\u00bb<\/strong> y vendr\u00e1n <strong>\u00abacompa\u00f1adas de tormenta\u00bb<\/strong>.<\/p>\n<blockquote class=\"twitter-tweet\">\n<p lang=\"es\" dir=\"ltr\">Predicci\u00f3n semanal:<\/p>\n<p>Hoy: predominio de sol<\/p>\n<p>Martes y mi\u00e9rcoles: a partir del martes por la tarde un frente fr\u00edo con lluvias barrer\u00e1 la pen\u00ednsula de oeste a este; el mi\u00e9rcoles en el suroeste peninsular las lluvias ser\u00e1n persistentes, intensas y acompa\u00f1adas de tormenta.<\/p>\n<p>\ud83e\uddf5(1\/3) <a href=\"https:\/\/t.co\/EBrF27VSzn\" rel=\"nofollow\">pic.twitter.com\/EBrF27VSzn<\/a><\/p>\n<p>\u2014 AEMET (@AEMET_Esp) <a href=\"https:\/\/twitter.com\/AEMET_Esp\/status\/1985280952268939511?ref_src=twsrc%5Etfw\" rel=\"nofollow noopener\" target=\"_blank\">November 3, 2025<\/a><\/p><\/blockquote>\n<p class=\"voc-p\" style=\"\">Con este pron\u00f3stico coinciden tambi\u00e9n las previsiones de todo un experto en tiempo, <strong>el meteor\u00f3logo Mario Picazo<\/strong>, que anticipa que ser\u00e1 una <strong>semana bastante h\u00fameda<\/strong> en nuestro pa\u00eds. As\u00ed lo ha recogido en su predicci\u00f3n en <a href=\"https:\/\/www.eltiempo.es\/noticias\/llega-otra-semana-de-paraguas-en-un-buen-numero-de-comunidades\" title=\"www.eltiempo.es\" data-voc-vtm-id=\"in-text-traffic\" data-mrf-link=\"www.eltiempo.es\" rel=\"nofollow noopener\" target=\"_blank\">el portal Eltiempo.es<\/a> para los pr\u00f3ximos d\u00edas, donde apunta que Espa\u00f1a entrar\u00e1 en las pr\u00f3ximas horas \u00aben <strong>una din\u00e1mica atmosf\u00e9rica<\/strong> en la que dominan los <a href=\"https:\/\/www.abc.es\/espana\/andalucia\/cordoba\/ultimas-lluvias-llegan-tarde-cosecha-aceite-cordoba-20251103080523-nts.html\" title=\"www.abc.es\" data-voc-vtm-id=\"in-text-traffic\" data-mrf-link=\"www.abc.es\" rel=\"nofollow noopener\" target=\"_blank\">vientos del oeste<\/a> con el <strong>paso de algunos frentes atl\u00e1nticos<\/strong>\u00bb.<\/p>\n<p class=\"voc-p\" style=\"\">Seg\u00fan el licenciado en Ciencias F\u00edsicas por la Universidad de Barcelona, ser\u00e1 a partir de mediados de esta semana cuando <strong>las precipitaciones regresar\u00e1n a Espa\u00f1a<\/strong>. Aunque advierte que las lluvias <strong>no ser\u00e1n \u00abtan intensas<\/strong> como las que la semana pasada <a href=\"https:\/\/www.abc.es\/espana\/andalucia\/cordoba\/tiempo-cordoba-semana-descenso-temperaturas-lluvia-partir-20251102110212-nts.html\" title=\"www.abc.es\" data-voc-vtm-id=\"in-text-traffic\" data-mrf-link=\"www.abc.es\" rel=\"nofollow noopener\" target=\"_blank\">afectaron a Andaluc\u00eda<\/a>\u00bb, no descarta que se puedan producir acumulaciones de agua importantes y pide atenci\u00f3n ante \u00abcualquier cambio que pueda aparecer con el paso de los d\u00edas\u00bb.<\/p>\n<p>\nMario Picazo pone en alerta a estas zonas de Espa\u00f1a por un nuevo frente de lluvias\n<\/p>\n<p class=\"voc-p\" style=\"\">En esta previsi\u00f3n, el que fuera del hombre del tiempo de Mediaset ha destacado que <strong>\u00ablas lluvias y frentes atl\u00e1nticos marcar\u00e1n el tiempo esta semana\u00bb<\/strong> con la llegada de estos vientos h\u00famedos desde el Atl\u00e1ntico. Tardar\u00e1n un tiempo en establecerse, pues <strong>el bloqueo anticicl\u00f3nico seguir\u00e1 dominando<\/strong> durante los primeros d\u00edas de esta semana.<\/p>\n<p class=\"voc-p\" style=\"\">La situaci\u00f3n cambiar\u00e1 radicalmente cuando <strong>este anticicl\u00f3n \u00abse desplace hacia el sur\u00bb<\/strong> a mediados de semana. Ser\u00e1 entonces cuando, seg\u00fan Mario Picazo, <strong>\u00abse abrir\u00e1 la puerta de frentes atl\u00e1nticos\u00bb<\/strong>, que comenzar\u00e1n a llegar a primeras horas del pr\u00f3ximo mi\u00e9rcoles recorriendo la Pen\u00ednsula de oeste a este y dejando muchas precipitaciones a su paso.<\/p>\n<p class=\"voc-p\" style=\"\">Seg\u00fan el experto en meteorolog\u00eda, <strong>los acumulados m\u00e1s importantes los veremos \u00aben el oeste peninsular\u00bb<\/strong>, como ya hab\u00eda sucedido en los m\u00e1s recientes temporales. Las precipitaciones tambi\u00e9n llegar\u00e1n, de forma m\u00e1s puntual, <strong>a zonas del nordeste y de las islas Baleares<\/strong>, \u00aba medida que el sistema frontal se acerque al Mediterr\u00e1neo\u00bb.<\/p>\n<p class=\"voc-p\" style=\"\">No ser\u00e1 el \u00fanico frente de lluvias que llegue a Espa\u00f1a a lo largo de esta semana: <strong>otro llegar\u00e1 tambi\u00e9n al noroeste de la pen\u00ednsula el viernes<\/strong>, seg\u00fan avanza Mario Picazo. Adem\u00e1s, conforme nos acerquemos a final de semana, <strong>otro m\u00e1s podr\u00eda pasar por nuestro pa\u00eds<\/strong>, desplaz\u00e1ndose tambi\u00e9n de oeste a este a partir del domingo.<\/p>\n<p class=\"voc-p\" style=\"\">Ser\u00e1, por lo tanto, una <strong>semana bastante lluviosa<\/strong> en la Pen\u00ednsula, donde se esperan precipitaciones que <strong>rondar\u00e1n los 200 litros<\/strong> en zonas del oeste de <strong>Galicia<\/strong>\u00bb. Tal y como advierte Picazo, tambi\u00e9n llover\u00e1 con bastante intensidad en otros puntos del <strong>norte y nordeste<\/strong>, donde \u00abse quedar\u00e1n entre los 50 y 80 litros\u00bb. Menos riesgo habr\u00e1 en el sudeste peninsular, Melilla y Canarias, donde se espera un tiempo m\u00e1s estable que en el resto del territorio. <\/p>\n<p>\nMario Picazo avisa de un cambio en las temperaturas de Espa\u00f1a\n<\/p>\n<p class=\"voc-p\" style=\"\">Si bien ser\u00e1 una semana con muchas lluvias, tambi\u00e9n veremos cambios en las temperaturas de estos d\u00edas. Mario Picazo se\u00f1ala que tendremos <strong>\u00abtemperaturas oto\u00f1ales para esta primera semana de noviembre\u00bb<\/strong>, a pesar de que los <strong>valores m\u00e1ximos tender\u00e1n a subir<\/strong> a lo largo de este lunes en ese cuadrante de la pen\u00ednsula.<\/p>\n<p class=\"voc-p\" style=\"\">Las m\u00ednimas podr\u00edan experimentar <strong>cambios a lo largo de esta semana<\/strong>, especialmente cuando suban con el aumento de la nubosidad. A\u00fan as\u00ed, Picazo insiste en que <strong>las m\u00e1ximas volver\u00e1n a bajar<\/strong> conforme avancen los d\u00edas, especialmente con el paso de estos frentes.<\/p>\n<blockquote class=\"twitter-tweet\">\n<p lang=\"es\" dir=\"ltr\">Otra semana movidita: una nueva vaguada llegar\u00e1 precedida por un frente atl\u00e1ntico que dejar\u00e1 un episodio de lluvias \ud83c\udf27\ufe0f bastante extenso (esa &#8216;U&#8217; verde y azul). <\/p>\n<p>Despu\u00e9s, parece que se estrangular\u00e1 y formar\u00e1 una dana, pero ya en el Mediterr\u00e1neo central.<\/p>\n<p>\ud83d\uddde\ufe0f\u2026 <a href=\"https:\/\/t.co\/T1CJmM0eFv\" rel=\"nofollow\">pic.twitter.com\/T1CJmM0eFv<\/a><\/p>\n<p>\u2014 Meteored Espa\u00f1a (@MeteoredES) <a href=\"https:\/\/twitter.com\/MeteoredES\/status\/1984932635026608338?ref_src=twsrc%5Etfw\" rel=\"nofollow noopener\" target=\"_blank\">November 2, 2025<\/a><\/p><\/blockquote>\n<p class=\"voc-p\" style=\"\">As\u00ed, este lunes veremos c\u00f3mo las capitales de provincia del sur, como <strong>Murcia, Sevilla, C\u00f3rdoba, C\u00e1diz, Granada, Melilla o Badajoz, suben por encima de los 20\u00baC<\/strong>. Por su parte, en Canarias tambi\u00e9n podr\u00edamos ver term\u00f3metros por encima de los 25\u00baC, mientras que <strong>en el resto de Espa\u00f1a se quedar\u00e1n muy por debajo<\/strong> de esta marca.<\/p>\n<p class=\"voc-p\" style=\"\">En cuanto al martes, Picazo apunta a que <strong>las temperaturas podr\u00edan subir \u00abalg\u00fan grado m\u00e1s\u00bb<\/strong>, especialmente en zonas del norte. \u00abSe ver\u00e1n m\u00e1ximas <strong>m\u00e1s cerca de los 20\u00baC<\/strong> en algunas capitales\u00bb, ha explicado el especialista en tiempo.<\/p>\n<p><script async src=\"https:\/\/platform.twitter.com\/widgets.js\" charset=\"utf-8\"><\/script><\/p>\n","protected":false},"excerpt":{"rendered":"La semana ha comenzado en Espa\u00f1a con un tiempo mucho m\u00e1s estable que este fin de semana, que&hellip;\n","protected":false},"author":2,"featured_media":219209,"comment_status":"","ping_status":"","sticky":false,"template":"","format":"standard","meta":{"footnotes":""},"categories":[8],"tags":[12624,3830,58556,17,18,25,24,13,14,23093,11,19,20,5808,6194,656,9,10,15,16,524,50263,740,23,19255,12,21,22],"class_list":{"0":"post-219208","1":"post","2":"type-post","3":"status-publish","4":"format-standard","5":"has-post-thumbnail","7":"category-espana","8":"tag-abrira","9":"tag-alerta","10":"tag-atlanticos","11":"tag-breaking-news","12":"tag-breakingnews","13":"tag-es","14":"tag-espana","15":"tag-featured-news","16":"tag-featurednews","17":"tag-frentes","18":"tag-headlines","19":"tag-latest-news","20":"tag-latestnews","21":"tag-llegada","22":"tag-lluvias","23":"tag-mario","24":"tag-news","25":"tag-noticias","26":"tag-noticias-destacadas","27":"tag-noticiasdestacadas","28":"tag-nuevo","29":"tag-picazo","30":"tag-puerta","31":"tag-spain","32":"tag-temporal","33":"tag-titulares","34":"tag-ultimas-noticias","35":"tag-ultimasnoticias"},"share_on_mastodon":{"url":"https:\/\/pubeurope.com\/@es\/115495222952608885","error":""},"_links":{"self":[{"href":"https:\/\/www.europesays.com\/es\/wp-json\/wp\/v2\/posts\/219208","targetHints":{"allow":["GET"]}}],"collection":[{"href":"https:\/\/www.europesays.com\/es\/wp-json\/wp\/v2\/posts"}],"about":[{"href":"https:\/\/www.europesays.com\/es\/wp-json\/wp\/v2\/types\/post"}],"author":[{"embeddable":true,"href":"https:\/\/www.europesays.com\/es\/wp-json\/wp\/v2\/users\/2"}],"replies":[{"embeddable":true,"href":"https:\/\/www.europesays.com\/es\/wp-json\/wp\/v2\/comments?post=219208"}],"version-history":[{"count":0,"href":"https:\/\/www.europesays.com\/es\/wp-json\/wp\/v2\/posts\/219208\/revisions"}],"wp:featuredmedia":[{"embeddable":true,"href":"https:\/\/www.europesays.com\/es\/wp-json\/wp\/v2\/media\/219209"}],"wp:attachment":[{"href":"https:\/\/www.europesays.com\/es\/wp-json\/wp\/v2\/media?parent=219208"}],"wp:term":[{"taxonomy":"category","embeddable":true,"href":"https:\/\/www.europesays.com\/es\/wp-json\/wp\/v2\/categories?post=219208"},{"taxonomy":"post_tag","embeddable":true,"href":"https:\/\/www.europesays.com\/es\/wp-json\/wp\/v2\/tags?post=219208"}],"curies":[{"name":"wp","href":"https:\/\/api.w.org\/{rel}","templated":true}]}}