{"id":219251,"date":"2025-11-05T05:14:06","date_gmt":"2025-11-05T05:14:06","guid":{"rendered":"https:\/\/www.europesays.com\/es\/219251\/"},"modified":"2025-11-05T05:14:06","modified_gmt":"2025-11-05T05:14:06","slug":"pepe-habichuela-memorias-del-ultimo-mohicano-del-flamenco-cultura","status":"publish","type":"post","link":"https:\/\/www.europesays.com\/es\/219251\/","title":{"rendered":"Pepe Habichuela, memorias del \u00faltimo mohicano del flamenco | Cultura"},"content":{"rendered":"<p class=\"\">El pasado 18 de junio, en las <a href=\"https:\/\/elpais.com\/noticias\/festival-noches-del-botanico\/\" target=\"_blank\" rel=\"noreferrer nofollow noopener\" title=\"https:\/\/elpais.com\/noticias\/festival-noches-del-botanico\/\">Noches del Bot\u00e1nico de Madrid<\/a>, el guitarrista <a href=\"https:\/\/elpais.com\/elpais\/2016\/08\/16\/eps\/1471298713_147129.html\" target=\"_blank\" rel=\"noreferrer nofollow noopener\" title=\"https:\/\/elpais.com\/elpais\/2016\/08\/16\/eps\/1471298713_147129.html\">Pepe Habichuela<\/a> (Jos\u00e9 Antonio Carmona Carmona, Granada, 81 a\u00f1os) recibi\u00f3 un caluroso homenaje rodeado de familia, artistas y afici\u00f3n. A principios de agosto, ser\u00eda el <a href=\"https:\/\/elpais.com\/noticias\/festival-cante-minas-la-union\/\" target=\"_blank\" rel=\"noreferrer nofollow noopener\" title=\"https:\/\/elpais.com\/noticias\/festival-cante-minas-la-union\/\">Festival del Cante de las Minas de La Uni\u00f3n<\/a> el que lo reconociese con su Castillete de Oro y, ya a finales de ese mismo mes, el p\u00fablico del <a href=\"https:\/\/elpais.com\/cultura\/2025-08-29\/aluvion-guitarristico-en-el-festival-flamenco-on-fire-que-rinde-homenaje-a-la-pelota-vasca.html\" target=\"_blank\" rel=\"noreferrer nofollow noopener\" title=\"https:\/\/elpais.com\/cultura\/2025-08-29\/aluvion-guitarristico-en-el-festival-flamenco-on-fire-que-rinde-homenaje-a-la-pelota-vasca.html\">Festival Flamenco On Fire<\/a> de Pamplona, del que es embajador, lo aclamar\u00eda como lo que es: una leyenda viva de este arte. Son tan solo unos de los \u00faltimos frutos de la cosecha de respeto y agradecimiento que el maestro y patriarca de <a href=\"https:\/\/elpais.com\/cultura\/2018\/12\/23\/actualidad\/1545565276_587119.html\" target=\"_blank\" rel=\"noreferrer nofollow noopener\" title=\"https:\/\/elpais.com\/cultura\/2018\/12\/23\/actualidad\/1545565276_587119.html\">la saga granadina de Los Habichuela<\/a> viene recogiendo all\u00e1 por donde va, en una larga secuencia que podr\u00eda remontarse al a\u00f1o 2017, cuando, rodeado de artistas amigos y aficionados, celebr\u00f3 jubilosamente sus <a href=\"https:\/\/elpais.com\/cultura\/2017\/10\/10\/actualidad\/1507631377_379585.html\" target=\"_blank\" rel=\"noreferrer nofollow noopener\" title=\"https:\/\/elpais.com\/cultura\/2017\/10\/10\/actualidad\/1507631377_379585.html\">60 a\u00f1os de guitarra flamenca<\/a> con tres inolvidables noches en el Teatro Circo Price de Madrid. Un a\u00f1o despu\u00e9s <a href=\"https:\/\/elpais.com\/cultura\/2018\/12\/28\/actualidad\/1546019886_253877.html\" target=\"_blank\" rel=\"noreferrer nofollow noopener\" title=\"https:\/\/elpais.com\/cultura\/2018\/12\/28\/actualidad\/1546019886_253877.html\">ser\u00eda distinguido con la Medalla de Oro<\/a> al M\u00e9rito en las Bellas Artes.<\/p>\n<p>M\u00e1s informaci\u00f3n<\/p>\n<p class=\"\">Son muchas las razones \u2014y todas justificadas\u2014 que explican esta ola de parabienes. La guitarra de Pepe Habichuela parte de las cuevas del Sacromonte granadino, donde se curti\u00f3 desde peque\u00f1o. Siempre ha reconocido que de ah\u00ed viene la fuerza de su rasgueo, de tocar para bailar y de que se le oyera entre cante, palmas y taconeo. A\u00fan adolescente y llamado por su hermano Juan, que ya estaba instalado en la capital, march\u00f3 a Madrid para trabajar en el tablao Torres Bermejas, el arranque de lo que habr\u00eda de ser una larga y exitosa trayectoria profesional. Tambi\u00e9n empez\u00f3 a acompa\u00f1ar el cante en los discos de los mejores de ese tiempo: <a href=\"https:\/\/elpais.com\/cultura\/2004\/04\/12\/actualidad\/1081720801_850215.html\" target=\"_blank\" rel=\"noreferrer nofollow noopener\" title=\"https:\/\/elpais.com\/cultura\/2004\/04\/12\/actualidad\/1081720801_850215.html\">Juanito Valderrama<\/a>, <a href=\"https:\/\/elpais.com\/diario\/1999\/09\/02\/cultura\/936223208_850215.html\" target=\"_blank\" rel=\"noreferrer nofollow noopener\" title=\"https:\/\/elpais.com\/diario\/1999\/09\/02\/cultura\/936223208_850215.html\">Fosforito<\/a>, <a href=\"https:\/\/elpais.com\/diario\/2009\/10\/29\/necrologicas\/1256770801_850215.html\" target=\"_blank\" rel=\"noreferrer nofollow noopener\" title=\"https:\/\/elpais.com\/diario\/2009\/10\/29\/necrologicas\/1256770801_850215.html\">Fernanda y Bernarda<\/a>, <a href=\"https:\/\/elpais.com\/cultura\/2023-02-17\/muere-pansequito-el-cantaor-que-acariciaba-los-tercios.html\" target=\"_blank\" rel=\"noreferrer nofollow noopener\" title=\"https:\/\/elpais.com\/cultura\/2023-02-17\/muere-pansequito-el-cantaor-que-acariciaba-los-tercios.html\">Pansequito<\/a>\u2026 Ya llevaba casi medio centenar de grabaciones registradas (llegar\u00eda a acumular m\u00e1s de un centenar), cuando un joven <a href=\"https:\/\/elpais.com\/cultura\/2020-12-04\/diez-anos-sin-el-la-transgresion-de-enrique-morente-contada-por-sus-hijos.html\" target=\"_blank\" rel=\"nofollow noopener\" title=\"https:\/\/elpais.com\/cultura\/2020-12-04\/diez-anos-sin-el-la-transgresion-de-enrique-morente-contada-por-sus-hijos.html\">Enrique Morente<\/a> lo llam\u00f3 para la preparaci\u00f3n de dos obras que resultar\u00edan cruciales en la carrera de ambos y en la propia historia del flamenco contempor\u00e1neo: Homenaje a Don Antonio Chac\u00f3n y Despegando, los dos del a\u00f1o 1977 y firmados por ambos artistas, algo inusual en la \u00e9poca.<\/p>\n<p><img decoding=\"auto\" class=\"_re lazyload a_m-h\" height=\"352\"  width=\"414\"  src=\"https:\/\/www.europesays.com\/es\/wp-content\/uploads\/2025\/11\/C7HMQLO7DFAUFK6FL7EPL7TBAA.jpg\" loading=\"lazy\"\/>Retrato de familia: Carlos, Concha y Luis Habichuela (arriba); Juan y Pepe con Luisa Carmona (centro), la madre de todos ellos (abajo).Pepe Lamarca<\/p>\n<p class=\"\">El relato de aquella experiencia y aprendizaje, de sus tardes de cante, guitarra y caf\u00e9 con galletas en casa de Encarna, la madre de Morente, constituye una impagable y extensa parte del libro Pepe Habichuela. Now or Never. Con Amparo Bengala y Josemi Carmona (El Flamenco Vive, 2025), que ha elaborado su amigo y compa\u00f1ero durante a\u00f1os, el escritor flamenco y productor discogr\u00e1fico, adem\u00e1s de guitarrista, <a href=\"https:\/\/elpais.com\/diario\/2005\/04\/28\/espectaculos\/1114639203_850215.html\" target=\"_blank\" rel=\"noreferrer nofollow noopener\" title=\"https:\/\/elpais.com\/diario\/2005\/04\/28\/espectaculos\/1114639203_850215.html\">Jos\u00e9 Manuel Gamboa<\/a>. Aquel empe\u00f1o morentiano consumi\u00f3 meses y fue un ejercicio c\u00f3mplice de \u201cenrique-cimiento\u201d mutuo, que dir\u00eda el autor, con innegables e innovadores resultados en el cante y su acompa\u00f1amiento a la guitarra.<\/p>\n<p class=\"\">La creaci\u00f3n del sello Nuevos Medios (NM) de Mario Pacheco propici\u00f3 la primera grabaci\u00f3n de Pepe Habichuela en guitarra de concierto, A Mandeli (1983). Curiosamente, y a pesar de su resistencia, inaugur\u00f3 la serie Los j\u00f3venes flamencos, trascendental para la discogr\u00e1fica y para la nueva expresi\u00f3n flamenca, como la que constituy\u00f3 el <a href=\"https:\/\/elpais.com\/elpais\/2018\/12\/14\/gente\/1544787063_428102.html\" target=\"_blank\" rel=\"noreferrer nofollow noopener\" title=\"https:\/\/elpais.com\/elpais\/2018\/12\/14\/gente\/1544787063_428102.html\">grupo Ketama<\/a>, en el que militaron su hijo Josemi y sus sobrinos Juan y Antonio. \u00c9l fue puente entre generaciones y los componentes de la formaci\u00f3n se lo agradecen en la contraportada del libro con un hermoso acr\u00f3stico que tambi\u00e9n recoge los valores de su guitarra y de su persona.<\/p>\n<p><img decoding=\"auto\" class=\"_re lazyload a_m-h\" height=\"276\"  width=\"414\"  src=\"https:\/\/www.europesays.com\/es\/wp-content\/uploads\/2025\/11\/VW3PBQWNMBDF7JHZQTTICMNMPI.jpg\" loading=\"lazy\"\/>Desde la izquierda, Jos\u00e9 Manuel Gamboa, el actor Nicol\u00e1s Due\u00f1as, Pepe Habichuela y Enrique Morente, en los camerinos del Teatro Alb\u00e9niz de Madrid.Paco Manzano<\/p>\n<p class=\"\">Pacheco y el sello NM ocupan espacio propio en la biograf\u00eda Now or Never, de la misma manera que lo tiene de forma obligada <a href=\"https:\/\/elpais.com\/cultura\/2022-01-17\/candela-adios-a-la-cueva-que-le-dio-la-vuelta-al-flamenco.html\" target=\"_blank\" rel=\"noreferrer nofollow noopener\" title=\"https:\/\/elpais.com\/cultura\/2022-01-17\/candela-adios-a-la-cueva-que-le-dio-la-vuelta-al-flamenco.html\">El Candela<\/a>, el imprescindible bar-lugar de encuentro madrile\u00f1o de Miguel Aguilera, en cuya renombrada cueva se dio cita toda la flamenquer\u00eda de la capital desde mediados los ochenta. El libro es en buena parte un gran retablo del Madrid flamenco de la \u00e9poca, con el acostumbrado lujo en detalles documentales del autor y el a\u00f1adido memor\u00edstico del guitarrista, ambos testigos y vividores de todo cuanto acontec\u00eda en el Foro. La obra recoge, asimismo, una gran cantidad de entrevistas o conversaciones, a veces corales \u2014lo que obliga a usar tres colores distintos seg\u00fan el interlocutor (rojo para Pepe, verde para Amparo, su mujer, y azul para Josemi, su hijo)\u2014, registradas a lo largo de a\u00f1os y transcritas de forma fidedigna. En ellas cabe un ampl\u00edsimo \u2014y, en ocasiones, hilarante\u2014anecdotario.<\/p>\n<p class=\"\">A partir de su segunda grabaci\u00f3n como solista, Canela en rama (NM, 1997), las grabaciones de Habichuela est\u00e1n producidas por su hijo Josemi Carmona y son un claro exponente de su disposici\u00f3n abierta a encuentros con otros m\u00fasicos y otras m\u00fasicas sin dejar de hacer la suya. En el 83 conoci\u00f3 y toc\u00f3 con el trompetista precursor del free jazz <a href=\"https:\/\/elpais.com\/diario\/1995\/10\/21\/cultura\/814230009_850215.html\" target=\"_blank\" rel=\"noreferrer nofollow noopener\" title=\"https:\/\/elpais.com\/diario\/1995\/10\/21\/cultura\/814230009_850215.html\">Don Cherry<\/a>\u2014 quien dijo que \u201cla guitarra de Pepe suena como un \u00e1rbol que llora\u201d\u2014. En la VII Bienal de Sevilla (1992), la experiencia fue con la banda del baterista tambi\u00e9n de jazz, Max Roach, y en 2010 registra Hands (Universal) junto al contrabajista ingl\u00e9s Dave Holland. Casi diez a\u00f1os antes hab\u00eda grabado el exitoso Yerbag\u00fcena (N.M. 2001) junto a la Bollywood Strings de la India.<\/p>\n<p><img decoding=\"auto\" class=\"_re lazyload a_m-h\" height=\"282\"  width=\"414\"  src=\"https:\/\/www.europesays.com\/es\/wp-content\/uploads\/2025\/11\/UTSNYXAW5ZDOPJ5K53XGHDNYAM.jpg\" loading=\"lazy\"\/>Pepe Habichuela con el trompetista de jazz Don Cherry.Mario Pacheco<\/p>\n<p class=\"\">Tanto en esos encuentros como en las innovaciones que aporta a su guitarra, ya sea de acompa\u00f1amiento o solista, el toque de Pepe Habichuela ha permanecido en todo momento fiel a la ra\u00edz, sin perder la esencia y la raz\u00f3n flamencas, pero con la libertad que siempre ha defendido para su arte. \u201cToco como quiero, por tientos en acorde de minera o por sole\u00e1 en el de grana\u00edna, pero lo importante es que suene a lo que est\u00e1s tocando, a sole\u00e1, a grana\u00edna, aunque lo hagas en otro tono\u201d, declara a Gamboa.<\/p>\n<p class=\"\">El an\u00e1lisis pormenorizado del toque del maestro ocupa espacio propio al final de un libro que incorpora m\u00faltiples y minuciosos anexos \u2014dedicados a la discograf\u00eda o a la genealog\u00eda de la saga Habichuela, entre otros\u2014, una lujosa galer\u00eda fotogr\u00e1fica de diversos autores, coordinada por Paco Manzano, y la siempre rigurosa documentaci\u00f3n habitual en Gamboa. De la mano de Pepe Habichuela, una ilustrada cr\u00f3nica del flamenco de los \u00faltimos 65 a\u00f1os, de su reflejo en prensa y de la propia vida del artista.<\/p>\n","protected":false},"excerpt":{"rendered":"El pasado 18 de junio, en las Noches del Bot\u00e1nico de Madrid, el guitarrista Pepe Habichuela (Jos\u00e9 Antonio&hellip;\n","protected":false},"author":2,"featured_media":219252,"comment_status":"","ping_status":"","sticky":false,"template":"","format":"standard","meta":{"footnotes":""},"categories":[91],"tags":[58567,209,13776,58568,146,147,25,24,11925,494,185,58566,23],"class_list":{"0":"post-219251","1":"post","2":"type-post","3":"status-publish","4":"format-standard","5":"has-post-thumbnail","7":"category-entretenimiento","8":"tag-cantaores","9":"tag-cultura","10":"tag-danza","11":"tag-enrique-morente","12":"tag-entertainment","13":"tag-entretenimiento","14":"tag-es","15":"tag-espana","16":"tag-flamenco","17":"tag-granada","18":"tag-musica","19":"tag-pepe-luis-carmona-habichuela","20":"tag-spain"},"share_on_mastodon":{"url":"https:\/\/pubeurope.com\/@es\/115495388590363304","error":""},"_links":{"self":[{"href":"https:\/\/www.europesays.com\/es\/wp-json\/wp\/v2\/posts\/219251","targetHints":{"allow":["GET"]}}],"collection":[{"href":"https:\/\/www.europesays.com\/es\/wp-json\/wp\/v2\/posts"}],"about":[{"href":"https:\/\/www.europesays.com\/es\/wp-json\/wp\/v2\/types\/post"}],"author":[{"embeddable":true,"href":"https:\/\/www.europesays.com\/es\/wp-json\/wp\/v2\/users\/2"}],"replies":[{"embeddable":true,"href":"https:\/\/www.europesays.com\/es\/wp-json\/wp\/v2\/comments?post=219251"}],"version-history":[{"count":0,"href":"https:\/\/www.europesays.com\/es\/wp-json\/wp\/v2\/posts\/219251\/revisions"}],"wp:featuredmedia":[{"embeddable":true,"href":"https:\/\/www.europesays.com\/es\/wp-json\/wp\/v2\/media\/219252"}],"wp:attachment":[{"href":"https:\/\/www.europesays.com\/es\/wp-json\/wp\/v2\/media?parent=219251"}],"wp:term":[{"taxonomy":"category","embeddable":true,"href":"https:\/\/www.europesays.com\/es\/wp-json\/wp\/v2\/categories?post=219251"},{"taxonomy":"post_tag","embeddable":true,"href":"https:\/\/www.europesays.com\/es\/wp-json\/wp\/v2\/tags?post=219251"}],"curies":[{"name":"wp","href":"https:\/\/api.w.org\/{rel}","templated":true}]}}