{"id":219270,"date":"2025-11-05T05:32:16","date_gmt":"2025-11-05T05:32:16","guid":{"rendered":"https:\/\/www.europesays.com\/es\/219270\/"},"modified":"2025-11-05T05:32:16","modified_gmt":"2025-11-05T05:32:16","slug":"alira-moya-alira-moya-ganadora-de-la-voz-kids-2024-actuara-en-el-descanso-de-la-copa-intercontinental-de-futbol-sala-en-palma","status":"publish","type":"post","link":"https:\/\/www.europesays.com\/es\/219270\/","title":{"rendered":"ALIRA MOYA | Alira Moya, ganadora de La Voz Kids 2024, actuar\u00e1 en el descanso de la Copa Intercontinental de f\u00fatbol sala en Palma"},"content":{"rendered":"<p class=\"ft-text\">La ganadora de La Voz Kids 2024, <strong>Alira Moya<\/strong>, ser\u00e1 la encargada de amenizar el descanso de la <a class=\"ft-link ft-link--decoration\" href=\"https:\/\/www.diariodemallorca.es\/tags\/copa-intercontinental\/\" rel=\"nofollow noopener\" target=\"_blank\">Copa Intercontinental <\/a>en el <a class=\"ft-link ft-link--decoration\" href=\"https:\/\/www.diariodemallorca.es\/tags\/son-moix\/\" rel=\"nofollow noopener\" target=\"_blank\">Palau d&#8217;Esports de Son Moix<\/a> este viernes en el duelo entre el Palma Futdsal y Pe\u00f1arol. La joven cantante mallorquina interpretar\u00e1 \u201cHolding Out for a Hero\u201d y \u201cWhat a Feeling\u201d, dos cl\u00e1sicos del cine que prometen llenar el pabell\u00f3n de emoci\u00f3n.<\/p>\n<p class=\"ft-text\">A sus diez a\u00f1os, <strong>Alira se ha convertido en una de las voces m\u00e1s prometedoras del pa\u00eds tras conquistar al jurado y al p\u00fablico del programa.<\/strong> La artista inquera sorprendi\u00f3 en su paso por el concurso por su gran afinaci\u00f3n, seguridad esc\u00e9nica y una madurez y un control vocal poco habitual para su edad, cualidades que le valieron la victoria en la \u00faltima edici\u00f3n del talent show.<\/p>\n<p>Falc\u00e3o repite como embajador<\/p>\n<p class=\"ft-text\">Por segundo a\u00f1o consecutivo, <strong>Falc\u00e3o ser\u00e1 el embajador oficial de la Copa Intercontinenta<\/strong>l. Considerado por muchos como el mejor jugador de la historia de esta disciplina, <strong>el astro brasile\u00f1o ser\u00e1 nuevamente la imagen del torneo <\/strong>que re\u00fane a los dos mejores equipos del mundo.<\/p>\n<p class=\"ft-text\">A lo largo de su carrera<strong>, Falc\u00e3o ha construido un palmar\u00e9s inigualable:<\/strong> cinco Copas Am\u00e9rica, ocho ligas brasile\u00f1as, nueve Copas Libertadores y numerosos reconocimientos individuales que lo han convertido en un \u00edcono global del f\u00fatbol sala. Aunque <strong>desarroll\u00f3 toda su trayectoria deportiva en Brasil, su talento y carisma traspasaron fronteras,<\/strong> marcando a generaciones de aficionados en todos los rincones del mundo.<\/p>\n<p class=\"ft-text\">Desde su elecci\u00f3n como embajador en la pasada edici\u00f3n,<strong> Falc\u00e3o ha estrechado sus lazos con Mallorca <\/strong>y con el<a class=\"ft-link ft-link--decoration\" href=\"https:\/\/www.diariodemallorca.es\/tags\/palma-futsal\/\" rel=\"nofollow noopener\" target=\"_blank\"> Illes Balears Palma Futsal<\/a>, anfitri\u00f3n del torneo. <strong>Estuvo presente en la edici\u00f3n anterior como invitado de honor<\/strong> y regres\u00f3 el pasado verano para participar en el campus del club mallorqu\u00edn y en un partido ben\u00e9fico junto a Jos\u00e9 Tirado, reforzando su v\u00ednculo con la isla y su gente.<\/p>\n<p class=\"ft-text\">El brasile\u00f1o es ya un enamorado de Baleares y, sin duda, nadie mejor que \u00e9l para representar una cita de esta magnitud, que volver\u00e1 a convertir Son Moix en el e<strong>picentro del f\u00fatbol sala mundial. <\/strong>Una figura que encarna a la perfecci\u00f3n los valores de esta competici\u00f3n y del Illes Balears Palma Futsal, tricampe\u00f3n de Europa y anfitri\u00f3n del torneo, que sue\u00f1a con levantar su tercer t\u00edtulo intercontinental ante su afici\u00f3n.<\/p>\n<p>Daniela Blasco actuar\u00e1 en la previa<\/p>\n<p class=\"ft-text\"><strong>Daniela Blasco <\/strong>ser\u00e1 la encargada de abrir la gran final de la Copa Intercontinental que se disputar\u00e1 este viernes en Son Moix entre el Illes Balears Palma Futsal y el Club Atl\u00e9tico Pe\u00f1arol.<strong> La joven artista mallorquina actuar\u00e1 en la pista antes del inicio del partido <\/strong>con una puesta en escena que unir\u00e1 voz y coreograf\u00eda en un show especialmente dise\u00f1ado para la ocasi\u00f3n.<\/p>\n<p class=\"ft-text\">Blasco interpretar\u00e1 Uh Nana,<strong> el tema con el que se proclam\u00f3 subcampeona del Benidorm Fest 2025<\/strong> y roz\u00f3 la clasificaci\u00f3n para representar a Espa\u00f1a en Eurovisi\u00f3n, adem\u00e1s de su nuevo single Popstars, lanzado hace apenas un mes. La actuaci\u00f3n se enmarca dentro de la experiencia completa que vivir\u00e1 el p\u00fablico en la final, que incluir\u00e1 tambi\u00e9n una fan zone exterior y otras sorpresas que se ir\u00e1n desvelando a lo largo de la semana.<\/p>\n<p class=\"ft-text\">No ser\u00e1 la primera vez que Daniela Blasco act\u00fae antes de un gran partido del Palma Futsal: ya lo hizo en 2023, en la semifinal de la UEFA Futsal Champions League ante el Benfica, celebrada en el Vel\u00f2drom Illes Balears.<\/p>\n","protected":false},"excerpt":{"rendered":"La ganadora de La Voz Kids 2024, Alira Moya, ser\u00e1 la encargada de amenizar el descanso de la&hellip;\n","protected":false},"author":2,"featured_media":219271,"comment_status":"","ping_status":"","sticky":false,"template":"","format":"standard","meta":{"footnotes":""},"categories":[171],"tags":[32364,58569,2493,38277,3484,146,147,25,24,18721,58570,23016,23,214],"class_list":{"0":"post-219270","1":"post","2":"type-post","3":"status-publish","4":"format-standard","5":"has-post-thumbnail","7":"category-tv","8":"tag-actuara","9":"tag-alira","10":"tag-copa","11":"tag-copa-intercontinental","12":"tag-descanso","13":"tag-entertainment","14":"tag-entretenimiento","15":"tag-es","16":"tag-espana","17":"tag-moya","18":"tag-palma-futsal","19":"tag-son-moix","20":"tag-spain","21":"tag-tv"},"share_on_mastodon":{"url":"https:\/\/pubeurope.com\/@es\/115495458808093787","error":""},"_links":{"self":[{"href":"https:\/\/www.europesays.com\/es\/wp-json\/wp\/v2\/posts\/219270","targetHints":{"allow":["GET"]}}],"collection":[{"href":"https:\/\/www.europesays.com\/es\/wp-json\/wp\/v2\/posts"}],"about":[{"href":"https:\/\/www.europesays.com\/es\/wp-json\/wp\/v2\/types\/post"}],"author":[{"embeddable":true,"href":"https:\/\/www.europesays.com\/es\/wp-json\/wp\/v2\/users\/2"}],"replies":[{"embeddable":true,"href":"https:\/\/www.europesays.com\/es\/wp-json\/wp\/v2\/comments?post=219270"}],"version-history":[{"count":0,"href":"https:\/\/www.europesays.com\/es\/wp-json\/wp\/v2\/posts\/219270\/revisions"}],"wp:featuredmedia":[{"embeddable":true,"href":"https:\/\/www.europesays.com\/es\/wp-json\/wp\/v2\/media\/219271"}],"wp:attachment":[{"href":"https:\/\/www.europesays.com\/es\/wp-json\/wp\/v2\/media?parent=219270"}],"wp:term":[{"taxonomy":"category","embeddable":true,"href":"https:\/\/www.europesays.com\/es\/wp-json\/wp\/v2\/categories?post=219270"},{"taxonomy":"post_tag","embeddable":true,"href":"https:\/\/www.europesays.com\/es\/wp-json\/wp\/v2\/tags?post=219270"}],"curies":[{"name":"wp","href":"https:\/\/api.w.org\/{rel}","templated":true}]}}