{"id":219278,"date":"2025-11-05T05:37:09","date_gmt":"2025-11-05T05:37:09","guid":{"rendered":"https:\/\/www.europesays.com\/es\/219278\/"},"modified":"2025-11-05T05:37:09","modified_gmt":"2025-11-05T05:37:09","slug":"miguel-rios-me-parece-bien-que-se-vaya-preparando-mi-obituario-hay-mucho-que-contar-cultura","status":"publish","type":"post","link":"https:\/\/www.europesays.com\/es\/219278\/","title":{"rendered":"Miguel R\u00edos: \u201cMe parece bien que se vaya preparando mi obituario: hay mucho que contar\u201d | Cultura"},"content":{"rendered":"<p class=\"\">Escribir canciones, juntarse con m\u00fasicos, ensayar en un peque\u00f1o local, grabar un disco y salir a la carretera para actuar. As\u00ed es <a href=\"https:\/\/elpais.com\/opinion\/2024-06-17\/miguel-rios.html\" target=\"_self\" rel=\"nofollow noopener\" title=\"https:\/\/elpais.com\/opinion\/2024-06-17\/miguel-rios.html\">hoy la vida de Miguel R\u00edos<\/a> (Granada, 81 a\u00f1os). Apenas ha cambiado desde los a\u00f1os sesenta, cuando comenz\u00f3 a tallar la figura del primer y m\u00e1s respetado rockero que ha visto Espa\u00f1a. Llega a la cita con EL PA\u00cdS en Madrid antes de la hora, elegante, con ganas de hablar, consciente de que tiene entre manos un solvente disco de rock, El \u00faltimo vals. No ha tenido paciencia y antes de que se publique (este viernes) ha comenzado la gira. Viene de presentarlo en un Liceo barcelon\u00e9s repleto, <a href=\"https:\/\/elultimovals.com\/\" target=\"_self\" rel=\"nofollow noopener\" title=\"https:\/\/elultimovals.com\/\">y seguir\u00e1 as\u00ed hasta bien entrado 2026.<\/a><\/p>\n<p class=\"\"><b>Pregunta.<\/b> La semana pasada recib\u00ed una llamada de mi jefa inst\u00e1ndome a escribir su obituario para tenerlo preparado. <\/p>\n<p class=\"\"><b>Respuesta.<\/b> Pues estar\u00eda muy bien. Eso es trabajo que tienes hecho, t\u00edo. Si es un obituario serio, me parece bien que se empiece ya: es que hay mucho que contar [risas]. <\/p>\n<p class=\"\"><b>P.<\/b> \u00bfNo le molesta esa percepci\u00f3n que tienen algunos de usted por el tema de la edad?<\/p>\n<p class=\"\"><b>R.<\/b> No, porque ya estoy en la rampa de salida y me estoy obligando a tomarlo con naturalidad: como va a pasar, que pase lo mejor posible y con el menor da\u00f1o posible. Como no creo en la trascendencia de la vida m\u00e1s all\u00e1 de la muerte supongo que ser\u00e1 como dormirse. Ojal\u00e1 sea como la muerte de mi padre: le dio un infarto tomando caf\u00e9 y echando la partida de domin\u00f3 con los amigos.<\/p>\n<p class=\"\"><b>P.<\/b> \u00bfC\u00f3mo le gustar\u00eda que se titulase su obituario?<\/p>\n<p class=\"\"><b>R.<\/b> Hab\u00eda uno cojonudo que dijo Sabina de \u00e9l mismo: \u201cNunca tuvo valor\u201d [risas]. Yo de epitafios no ando bien. Como me voy a cremar\u2026 Me gustar\u00eda palmar, que no me cubra la tierra y esparcirme dust in the wind <a href=\"https:\/\/www.youtube.com\/watch?v=tH2w6Oxx0kQ&amp;list=RDtH2w6Oxx0kQ&amp;start_radio=1\" target=\"_self\" rel=\"nofollow noopener\" title=\"https:\/\/www.youtube.com\/watch?v=tH2w6Oxx0kQ&amp;list=RDtH2w6Oxx0kQ&amp;start_radio=1\">[y comienza a cantar la canci\u00f3n de Kansas, Dust In the Wind, Polvo en el viento]. <\/a><\/p>\n<p class=\"\"><b>P.<\/b> Hay dos canciones en el nuevo disco, Rampa de salida y Si pudiera parar el tiempo, en las que asume directamente que todo se va acabando. \u00bfCu\u00e1ndo llega a esta conclusi\u00f3n que a mucha gente le cuesta asumir?<\/p>\n<p class=\"\"><b>R.<\/b> Llevo pensando esto desde que la biograf\u00eda me ha empujado a hacerlo. No tengo grandes achaques. Algunas articulaciones est\u00e1n regular de haber jugado al f\u00fatbol. En los chequeos me dicen que para mi edad estoy de puta madre, as\u00ed que no se prev\u00e9 un obituario inmediato. Pero lo que he notado es que la transcendencia del tiempo est\u00e1 m\u00e1s presente. Me preocupa mucho no perder el tiempo. Antes me parec\u00eda maravilloso aburrirme, ahora es atroz. Me cuesta mucho trabajo estar un d\u00eda tirado en la cama. Lo que quiero es estar consciente en todo momento.<\/p>\n<p><img decoding=\"auto\" class=\"_re lazyload a_m-h\" height=\"277\"  width=\"414\"  src=\"https:\/\/www.europesays.com\/es\/wp-content\/uploads\/2025\/11\/X5VQFTSCZBCFHKY35ATALSMZEU.jpeg\" loading=\"lazy\"\/>Miguel R\u00edos, en el centro, saluda con su banda al p\u00fablico que llena en Liceo barcelon\u00e9s, el pasado 28 de octubre. Carlota Figueras\/ Cedida<\/p>\n<p class=\"\"><b>P.<\/b> Definir\u00eda El \u00faltimo vals como un \u00e1lbum de rock. No hay titubeos: guitarras, sonido contundente, voz rockera\u2026<\/p>\n<p class=\"\"><b>R<\/b>. Quer\u00edamos que fuese una secuela de Un largo tiempo [2021], un disco ac\u00fastico, pero cuando <a href=\"https:\/\/elpais.com\/cultura\/2016\/03\/28\/actualidad\/1459175152_479844.html\" target=\"_self\" rel=\"nofollow noopener\" title=\"https:\/\/elpais.com\/cultura\/2016\/03\/28\/actualidad\/1459175152_479844.html\">entra en la banda Luis Prado<\/a> nos dice que quiere tocar la bater\u00eda. Y ah\u00ed ya se convierte en el\u00e9ctrico. Entre Prado y Jos\u00e9 Nortes armamos un \u00e1lbum de rock and roll, s\u00ed.<\/p>\n<p class=\"\"><b>P.<\/b> Tambi\u00e9n incluye canciones sociales, denunciando las condiciones de los migrantes que deben salir de su pa\u00eds y el trato que se les da en Europa (La otra orilla) o alertando sobre la vuelta del fascismo. Parece que el paso de los a\u00f1os no le ha hecho m\u00e1s conservador, como ha pasado con personalidades de su generaci\u00f3n.<\/p>\n<p class=\"\"><b>R.<\/b> Se puede ser liberal razonable y me parece estupendo. Lo que pasa es que en Espa\u00f1a hay pocos liberales razonables: hay un balanceo terrible hacia la extrema derecha. Y no te puedes quedar inerme ante eso. Creo que hay que escribir canciones contra eso. Soy ideol\u00f3gicamente de izquierdas, que implica el cuidado a los dem\u00e1s. La gente que no piense que hay un genocidio en Gaza no es derechas ni de izquierdas, es simplemente fascista. O simplemente es imb\u00e9cil. <\/p>\n<p class=\"\"><b>P.<\/b> \u00bfUsted sigue votando al PSOE?<\/p>\n<p class=\"\"><b>R.<\/b> S\u00ed, y voy a seguir vot\u00e1ndolo siempre. Creo que lo est\u00e1 haciendo bien. Es una organizaci\u00f3n donde ha habido sinverg\u00fcenzas, como en todas, pero el deseo del PSOE es favorecer a los trabajadores. Lo que ocurre es que habr\u00eda que saber qu\u00e9 independencia tiene el PSOE para llevar a la pr\u00e1ctica sus pol\u00edticas. Los neocon son tan poderosos que pueden llegar a no permitirte llevar a cabo determinadas medidas. Por ejemplo, las 37 horas de trabajo semanales, que es una de las cosas m\u00e1s razonables del mundo. Pues la patronal se pone en armas porque dicen que les socava sus ganancias. Y no lo entiendo: si est\u00e1n ganando m\u00e1s dinero que nunca. El Gobierno actual est\u00e1 haciendo muchas cosas, pero la putada es que no llegue a la gente con m\u00e1s celeridad. Es porque hay una derecha muy cerril que est\u00e1 trabajando para los que les sostienen, que es el gran capital. Las energ\u00e9ticas y la banca ganan m\u00e1s dinero que nunca, pero cuando se habla de ponerles un impuesto se ponen de u\u00f1as. <\/p>\n<p><img decoding=\"auto\" class=\"_re lazyload a_m-h\" height=\"277\"  width=\"414\"  src=\"https:\/\/www.europesays.com\/es\/wp-content\/uploads\/2025\/11\/KKPBMHNP4VHAZEUPOHQR5DSDLA.jpg\" loading=\"lazy\"\/>\u00abUna de las personas en las que cre\u00eda a pies juntillas era Felipe Gonz\u00e1lez, pero est\u00e1 claro que para algunos la vejez es muy mala&#8230;\u00bb, afirma el cantante, que posa en Madrid el pasado 31 de octubre. Claudio \u00c1lvarez<\/p>\n<p class=\"\"><b>P.<\/b> \u00bfLe decepciona la reacci\u00f3n contra el PSOE actual de ciertos veteranos del partido generacionalmente pr\u00f3ximos a usted?<\/p>\n<p class=\"\"><b>R<\/b>. S\u00ed, porque esa gente eran mis \u00eddolos. Me acuerdo que Alfonso Guerra un d\u00eda me dijo que no sab\u00eda cu\u00e1ntos diputados me deb\u00eda. Pero ahora me lacera y me jode much\u00edsimo su actitud. Era gente en la que cre\u00eda con los ojos cerrados. El primer baj\u00f3n fue cuando hicimos una manifestaci\u00f3n para no entrar en la OTAN. Felipe Gonz\u00e1lez nos invit\u00f3 a comer y nos dijo que ten\u00edamos que cambiar. Y yo le dije: \u201cPero de qu\u00e9 me hablas, si acabo de hacer <a href=\"https:\/\/www.youtube.com\/watch?v=phTuIM2KA9g&amp;list=RDphTuIM2KA9g&amp;start_radio=1\" target=\"_self\" rel=\"nofollow noopener\" title=\"https:\/\/www.youtube.com\/watch?v=phTuIM2KA9g&amp;list=RDphTuIM2KA9g&amp;start_radio=1\">una canci\u00f3n que se llama Antinuclear\u201d.<\/a> Una de las personas en las que cre\u00eda a pies juntillas era Felipe Gonz\u00e1lez, pero est\u00e1 claro que para algunos la vejez es muy mala&#8230;<\/p>\n<p class=\"\"><b>P.<\/b> Cuando empez\u00f3 en la m\u00fasica no hab\u00eda pr\u00e1cticamente nada. \u00bfCree que quiz\u00e1 ahora haya demasiado?<\/p>\n<p class=\"\"><b>R.<\/b> Nosotros so\u00f1amos siempre con crear escuela: que viviera mucha gente de la m\u00fasica. Lo nuestro era una hermandad. Yo pod\u00eda estar en las ant\u00edpodas de Los Pekenikes, por educaci\u00f3n y clase social, pero cuando coincid\u00edamos en un festival \u00e9ramos hermanos y si te ten\u00edan que dejar un amplificador o t\u00fa a ellos no hab\u00eda problema. Nuestro deseo era que hubiera m\u00e1s, por eso ahora me parece que est\u00e1 de puta madre que haya una industria del directo grande y que haya muchos j\u00f3venes con gran talento.<\/p>\n<p><img decoding=\"auto\" class=\"_re lazyload a_m-h\" height=\"277\"  width=\"414\"  src=\"https:\/\/www.europesays.com\/es\/wp-content\/uploads\/2025\/11\/SHWSOPK5XRC3FMEUO4CQNJCZ4A.jpeg\" loading=\"lazy\"\/>El cantante granadino en pleno concierto en el Liceo de Barcelona, el pasado 28 de octubre.<\/p>\n<p class=\"\"><b>P.<\/b> \u00bfLe emociona la m\u00fasica actual?<\/p>\n<p class=\"\"><b>R.<\/b> <a href=\"https:\/\/elpais.com\/cultura\/2025-08-17\/regueton-el-azote-de-los-adultos-el-trauma-no-es-matar-al-papito-es-que-el-papito-aun-se-cree-joven.html\" target=\"_self\" rel=\"nofollow noopener\" title=\"https:\/\/elpais.com\/cultura\/2025-08-17\/regueton-el-azote-de-los-adultos-el-trauma-no-es-matar-al-papito-es-que-el-papito-aun-se-cree-joven.html\">Escucho cosas de reguet\u00f3n<\/a> y m\u00fasica urbana y no me emocionan, pero s\u00e9 que a otros les emocionan. No me considero con autoridad para decir a nadie si eso es bueno, malo o regular. Y he de decir que hay cosas actuales que s\u00ed me gustan. Por ejemplo, <a href=\"https:\/\/elpais.com\/cultura\/2022-03-18\/rosalia-abofetea-los-prejuicios-en-un-motomami-tan-caotico-como-excitante.html\" target=\"_self\" rel=\"nofollow noopener\" title=\"https:\/\/elpais.com\/cultura\/2022-03-18\/rosalia-abofetea-los-prejuicios-en-un-motomami-tan-caotico-como-excitante.html\">Motomami, de Rosal\u00eda. Me parece un discazo.<\/a> Es m\u00fasica muy bien estructurada donde el minimalismo est\u00e1 puesto al servicio de una idea s\u00f3nica estupenda. Tiene una voz maravillosa y una ra\u00edz flamenca que la conecta con el pueblo. Lo \u00fanico que me molesta un poco de la m\u00fasica actual es que muchos se parecen entre s\u00ed. Tambi\u00e9n me parece razonable la gente que se ha quedado anclada en Led Zeppelin. Dices: mi mundo ha terminado aqu\u00ed, y me parece bien. Pero no combato a la m\u00fasica actual: todo el mundo tiene derecho a hacer la m\u00fasica que quiera. Y, adem\u00e1s, todas las m\u00fasicas son deudoras de los g\u00e9neros que han venido antes: en el hip hop y en el reguet\u00f3n hay cantidad de rock. <\/p>\n<p class=\"\"><b>P.<\/b> Por cierto, su disco sale el mismo d\u00eda que el de Rosal\u00eda.<\/p>\n<p class=\"\"><b>R.<\/b> Lo s\u00e9. Nos vamos a hacer la competencia. Se va a enterar Rosal\u00eda\u2026 [risas].<\/p>\n<p class=\"\"><b>P.<\/b> En 2011 se retir\u00f3 argumentando que no quer\u00eda ser una caricatura de s\u00ed mismo. \u00bfQu\u00e9 cambi\u00f3? <\/p>\n<p class=\"\"><b>R.<\/b> Cambi\u00f3 que no me convierto en caricatura ni queriendo. Grabo discos, tengo canciones nuevas, realizo giras\u2026 Es verdad que en 2011 ve\u00eda que me estaba repitiendo. Entonces pens\u00e9 que con 65 a\u00f1os todav\u00eda pod\u00eda encontrar otra actividad. Como ten\u00eda el encargo de mis memorias [Cosas que siempre quise contarte], me puse a ello. Me met\u00ed a escribir y me fascin\u00f3. Cre\u00eda que sab\u00eda escribir, as\u00ed que despu\u00e9s de las memorias empec\u00e9 una novela. Entonces comprend\u00ed que no sab\u00eda escribir. Tiene hasta t\u00edtulo la novela (The Lonely Boys), pero ah\u00ed est\u00e1\u2026 Y coincidi\u00f3 que surgi\u00f3 la posibilidad de hacer la gira de El gusto es nuestro despu\u00e9s de 20 a\u00f1os de la primera, me apunt\u00e9, me lo pas\u00e9 en grande y ah\u00ed ya no pude parar. <a href=\"https:\/\/www.instagram.com\/blackbettystudios\/?hl=en\" target=\"_self\" rel=\"nofollow noopener\" title=\"https:\/\/www.instagram.com\/blackbettystudios\/?hl=en\">Conoc\u00ed a Jos\u00e9 Nortes<\/a> [productor, guitarrista y director de su banda], que me da la vida, y hasta ahora. <\/p>\n<p class=\"\"><b>P.<\/b> Uno de los episodios m\u00e1s oscuros de su vida fue cuando estuvo detenido en la Direcci\u00f3n General de Seguridad en 1972 por fumar porros\u2026<\/p>\n<p class=\"\"><b>R.<\/b> Ese fue el momento m\u00e1s dram\u00e1tico de mi vida. Ten\u00edamos mucho miedo, porque en todas las discotecas hab\u00eda confidentes de la polic\u00eda. Yo ya estaba en una lista por fumador de hierba. Llegaron unos inspectores a mi casa y me detuvieron. Lo peor fue la indefensi\u00f3n en la que te encuentras. En las primeras 72 horas no te dejaban hablar con un abogado. La tortura psicol\u00f3gica es brutal, con gente gritando en otras celdas\u2026 Era una degradaci\u00f3n tan grande que la culpa la asumes inmediatamente, como persona educada en un colegio cat\u00f3lico cristiano. Te culpabas, porque hab\u00edas hecho una cosa que no deber\u00edas haber hecho y ahora tu familia iba a estar manchada. Y los interrogatorios eran terribles. Te ense\u00f1aban fotos con gente que conoc\u00edas: este te ha denunciado, y este tambi\u00e9n. Al final reconoc\u00edas que hab\u00edas fumado. Estuve 27 d\u00edas en el hospital penitenciario. Lo que quer\u00edan era dar un escarmiento a los rockeros y encontraron un chivo expiatorio en m\u00ed.<\/p>\n<p><img decoding=\"auto\" class=\"_re lazyload a_m-h\" height=\"300\"  width=\"414\"  src=\"https:\/\/www.europesays.com\/es\/wp-content\/uploads\/2025\/11\/56V7XPNSHNH3HN3EV25G7ZUD2E.jpg\" loading=\"lazy\"\/>Miguel R\u00edos en Sevilla, en agosto de 1983, durante la gira &#8216;El rock de una noche de verano&#8217;. Pablo Julia<\/p>\n<p class=\"\"><b>P.<\/b> Y ah\u00ed es cuando delata a otros\u2026<\/p>\n<p class=\"\"><b>R.<\/b> Bueno, delato a los que me hab\u00edan delatado a m\u00ed, que ya estaban detenidos. Yo dec\u00eda: \u2018S\u00ed, he fumado con este&#8230;\u2019. <\/p>\n<p class=\"\"><b>P.<\/b> \u00bfLe pes\u00f3 esta especie de delaci\u00f3n?<\/p>\n<p class=\"\"><b>R.<\/b> S\u00ed. No tuve el valor para decir que no. Deber\u00eda haber pedido un abogado y no hablar. Ten\u00eda que haber estado m\u00e1s duro. Yo ya hab\u00eda vendido muchos discos y ten\u00eda un peso. Pero no, me anularon. El que yo no diera la talla, el no mostrarme como se deber\u00eda mostrar un rockero, me atorment\u00f3 durante mucho tiempo. <\/p>\n<p class=\"\"><b>P.<\/b> \u00bfLa Movida fue tan importante como algunos consideran? <\/p>\n<p class=\"\"><b>R.<\/b> La Movida no fue algo tan creativo como lo que se vendi\u00f3. Y creo que la Movida no hubiera sido rentable para las compa\u00f1\u00edas sin <a href=\"https:\/\/elpais.com\/cultura\/2022-03-10\/dale-distorsion-en-las-tripas-de-la-preparacion-de-los-40-anos-de-rock-rios.html\" target=\"_self\" rel=\"nofollow noopener\" title=\"https:\/\/elpais.com\/cultura\/2022-03-10\/dale-distorsion-en-las-tripas-de-la-preparacion-de-los-40-anos-de-rock-rios.html\">el \u00e9xito de Rock &amp; R\u00edos<\/a> [su cl\u00e1sico disco en directo de 1982 que se complement\u00f3 al a\u00f1o siguiente con una gira por grandes recintos, El rock de una noche de verano, junto a Le\u00f1o y Luz Casal]. Rock &amp; R\u00edos cambi\u00f3 la industria musical. De todas formas, Los Secretos o Nacha Pop no se pueden adscribir a la Movida. Son antes de la Movida. Lo que es la Movida es <a href=\"https:\/\/elpais.com\/diario\/1983\/01\/09\/cultura\/410914803_850215.html\" target=\"_self\" rel=\"nofollow noopener\" title=\"https:\/\/elpais.com\/diario\/1983\/01\/09\/cultura\/410914803_850215.html\">McNamara y Almod\u00f3var<\/a> y otros por el estilo, que no aportaron gran cosa en el tema musical.<\/p>\n<p>V\u00eddeo de una de las canciones de anticipo, &#8216;Oro irland\u00e9s&#8217;, del nuevo disco de Miguel R\u00edos, &#8216;El \u00faltimo vals&#8217;, que se publica el 7 de noviembre.\u00a0<\/p>\n<p class=\"\"><b>P.<\/b> \u00bfQu\u00e9 vicios se permite ahora? Un vino, un porro\u2026<\/p>\n<p class=\"\"><b>R.<\/b> No, no, porros no. Me quit\u00e9 hace\u2026 igual 20 a\u00f1os. Los \u00faltimos porros de mi vida fueron casi de ir a Urgencias. Un vino s\u00ed, de vez en cuando. Pero ya no me emborracho m\u00e1s, porque las \u00faltimas veces estuve cuatro o cinco d\u00edas destrozado y no le encuentro la utilidad. Ahora transgresiones, ninguna. Porque la recompensa est\u00e1 en cantar bien, en estar en buenas condiciones. Y eso es lo que m\u00e1s deseo.<\/p>\n<p class=\"\"><b>P.<\/b> Me gustar\u00eda saber, para finalizar, cu\u00e1les considera que son las cinco canciones m\u00e1s importantes de su repertorio.<\/p>\n<p class=\"\"><b>R.<\/b> Uy, eso me va a hacer pensar mucho. <a href=\"https:\/\/www.youtube.com\/watch?v=f5g471JQrt4&amp;list=RDf5g471JQrt4&amp;start_radio=1\" target=\"_self\" rel=\"nofollow noopener\" title=\"https:\/\/www.youtube.com\/watch?v=f5g471JQrt4&amp;list=RDf5g471JQrt4&amp;start_radio=1\">Empezar\u00eda por El cartel,<\/a> que escrib\u00ed letra y m\u00fasica, que est\u00e1 en mi primer disco, Mira hacia ti, de 1969. Yo ten\u00eda un cartel en mi casa de Roc\u00edo Durcal, que me gustaba mucho. Como no la conoc\u00eda y no pod\u00eda dec\u00edrselo a ella, le escrib\u00ed una canci\u00f3n. Fue un tema important\u00edsimo porque me demostr\u00f3 que pod\u00eda componer una canci\u00f3n en letra y m\u00fasica. La huerta at\u00f3mica (Un relato de anticipaci\u00f3n). Una siesta at\u00f3mica [1976], porque<b> <\/b>me sirvi\u00f3 para hacer un disco sin singles, un \u00e1lbum conceptual. El modelo era aquel discazo de Genesis, The Lamb Lies Down on Broadway<b> <\/b>[1974]. <a href=\"https:\/\/www.youtube.com\/watch?v=eWBbz6QyxkQ&amp;list=RDeWBbz6QyxkQ&amp;start_radio=1\" target=\"_self\" rel=\"nofollow noopener\" title=\"https:\/\/www.youtube.com\/watch?v=eWBbz6QyxkQ&amp;list=RDeWBbz6QyxkQ&amp;start_radio=1\">Tambi\u00e9n incluyo en el top 5 Bienvenidos.<\/a> La hicimos entre Tato G\u00f3mez, al piano, y yo. Quer\u00eda dar la bienvenida a la gente, que no exist\u00eda en castellano una cosa as\u00ed. Quiz\u00e1 sea la frase m\u00e1s sencilla que he escrito en mi vida, pero era utilitaria y se ha convertido en cl\u00e1sica en mi repertorio: \u201cBuenas noches bienvenidos, hijos del rock and roll\u201d. Cuando vi que esa frase encajaba y no era rid\u00edcula me emocion\u00e9. Y ahora mismo tambi\u00e9n me emociono al recordar aquellas sensaciones. A <a href=\"https:\/\/www.youtube.com\/watch?v=lGUNGiuaMI4&amp;list=RDlGUNGiuaMI4&amp;start_radio=1\" target=\"_self\" rel=\"nofollow noopener\" title=\"https:\/\/www.youtube.com\/watch?v=lGUNGiuaMI4&amp;list=RDlGUNGiuaMI4&amp;start_radio=1\">Santa Luc\u00eda le tengo un cari\u00f1o tremendo.<\/a> Ah\u00ed apreci\u00e9 la fragilidad de un tipo como Roque Narvaja, el compositor del tema. Fuimos Carlos Narea [productor] y yo a un bar donde estaba tocando Roque, porque busc\u00e1bamos canciones para el disco Rocanrol Bumerang [1980]. Despu\u00e9s de su actuaci\u00f3n, nos reunimos en la barra con \u00e9l y nos dice que no quiere que hagamos la versi\u00f3n del tema. Sent\u00ed mucha compasi\u00f3n por Roque, porque esa canci\u00f3n le hab\u00eda salvado la vida y estaba viendo c\u00f3mo se la est\u00e1bamos arrancando de las manos. Nos hemos visto muchas veces desde que la grab\u00e9 y siempre hablamos del tema y nos damos las gracias. Y la \u00faltima que elijo es una adaptaci\u00f3n, Stormy Weather<a href=\"https:\/\/www.youtube.com\/watch?v=-yaMCFqwkZA&amp;list=RD-yaMCFqwkZA&amp;start_radio=1\" target=\"_self\" rel=\"nofollow noopener\" title=\"https:\/\/www.youtube.com\/watch?v=-yaMCFqwkZA&amp;list=RD-yaMCFqwkZA&amp;start_radio=1\">, que titulamos La tormenta,<\/a> que est\u00e1 en el disco Como si fuera la primera vez [1996]. Creo que conseguimos una buena traducci\u00f3n de las emociones del desamor [se arranca a cantarla]. Me encant\u00f3 interpretarla en la gira con la Big Band, que era una de las cosas que m\u00e1s gusto me ha dado en mi vida. Iba con 16 m\u00fasicos, que nunca hab\u00eda llevado a tantos. Era una sensaci\u00f3n de aut\u00e9ntico crooner.<\/p>\n<p class=\"\">La charla termina y suena su tel\u00e9fono, con la sinton\u00eda <a href=\"https:\/\/www.youtube.com\/watch?v=sbI3G7t7pkc\" target=\"_self\" rel=\"nofollow noopener\" title=\"https:\/\/www.youtube.com\/watch?v=sbI3G7t7pkc\">de Trouble, de Elvis Presley.<\/a> Le llama su pareja. \u201cHello, baby\u201d, responde Miguel R\u00edos con ternura. <\/p>\n<p><script async src=\"\/\/www.instagram.com\/embed.js\"><\/script><\/p>\n","protected":false},"excerpt":{"rendered":"Escribir canciones, juntarse con m\u00fasicos, ensayar en un peque\u00f1o local, grabar un disco y salir a la carretera&hellip;\n","protected":false},"author":2,"featured_media":219279,"comment_status":"","ping_status":"","sticky":false,"template":"","format":"standard","meta":{"footnotes":""},"categories":[91],"tags":[218,208,209,20062,146,147,25,24,42487,58572,58571,185,34079,7669,6765,1699,1273,23],"class_list":{"0":"post-219278","1":"post","2":"type-post","3":"status-publish","4":"format-standard","5":"has-post-thumbnail","7":"category-entretenimiento","8":"tag-canciones","9":"tag-conciertos","10":"tag-cultura","11":"tag-discos-musica","12":"tag-entertainment","13":"tag-entretenimiento","14":"tag-es","15":"tag-espana","16":"tag-felipe-gonzalez-marquez","17":"tag-los-secretos","18":"tag-miguel-rios","19":"tag-musica","20":"tag-nacha-pop","21":"tag-pedro-almodovar","22":"tag-pop","23":"tag-psoe","24":"tag-rock","25":"tag-spain"},"share_on_mastodon":{"url":"","error":""},"_links":{"self":[{"href":"https:\/\/www.europesays.com\/es\/wp-json\/wp\/v2\/posts\/219278","targetHints":{"allow":["GET"]}}],"collection":[{"href":"https:\/\/www.europesays.com\/es\/wp-json\/wp\/v2\/posts"}],"about":[{"href":"https:\/\/www.europesays.com\/es\/wp-json\/wp\/v2\/types\/post"}],"author":[{"embeddable":true,"href":"https:\/\/www.europesays.com\/es\/wp-json\/wp\/v2\/users\/2"}],"replies":[{"embeddable":true,"href":"https:\/\/www.europesays.com\/es\/wp-json\/wp\/v2\/comments?post=219278"}],"version-history":[{"count":0,"href":"https:\/\/www.europesays.com\/es\/wp-json\/wp\/v2\/posts\/219278\/revisions"}],"wp:featuredmedia":[{"embeddable":true,"href":"https:\/\/www.europesays.com\/es\/wp-json\/wp\/v2\/media\/219279"}],"wp:attachment":[{"href":"https:\/\/www.europesays.com\/es\/wp-json\/wp\/v2\/media?parent=219278"}],"wp:term":[{"taxonomy":"category","embeddable":true,"href":"https:\/\/www.europesays.com\/es\/wp-json\/wp\/v2\/categories?post=219278"},{"taxonomy":"post_tag","embeddable":true,"href":"https:\/\/www.europesays.com\/es\/wp-json\/wp\/v2\/tags?post=219278"}],"curies":[{"name":"wp","href":"https:\/\/api.w.org\/{rel}","templated":true}]}}