{"id":219300,"date":"2025-11-05T05:55:12","date_gmt":"2025-11-05T05:55:12","guid":{"rendered":"https:\/\/www.europesays.com\/es\/219300\/"},"modified":"2025-11-05T05:55:12","modified_gmt":"2025-11-05T05:55:12","slug":"los-70-anos-de-kris-jenner-la-momager-que-convirtio-a-las-kardashian-en-un-imperio-multimillonario-gente","status":"publish","type":"post","link":"https:\/\/www.europesays.com\/es\/219300\/","title":{"rendered":"Los 70 a\u00f1os de Kris Jenner, la \u2018momager\u2019 que convirti\u00f3 a las Kardashian en un imperio multimillonario | Gente"},"content":{"rendered":"<p class=\"\"><a href=\"https:\/\/elpais.com\/gente\/2025-10-02\/kim-kardashian-y-kris-jenner-demandan-por-difamacion-a-ray-j-el-coprotagonista-del-video-sexual-con-el-que-empezo-todo.html\" target=\"_blank\" rel=\"noreferrer nofollow noopener\" title=\"https:\/\/elpais.com\/gente\/2025-10-02\/kim-kardashian-y-kris-jenner-demandan-por-difamacion-a-ray-j-el-coprotagonista-del-video-sexual-con-el-que-empezo-todo.html\">Kris Jenner<\/a> cumple este 5 de noviembre 70 a\u00f1os coronada como la art\u00edfice de <a href=\"https:\/\/elpais.com\/gente\/2022-09-23\/quien-es-quien-en-el-clan-de-las-kardashian-un-repaso-a-la-familia-mas-mediatica.html\" target=\"_blank\" rel=\"noreferrer nofollow noopener\" title=\"https:\/\/elpais.com\/gente\/2022-09-23\/quien-es-quien-en-el-clan-de-las-kardashian-un-repaso-a-la-familia-mas-mediatica.html\">uno de los fen\u00f3menos de la cultura popular <\/a>m\u00e1s relevante de las \u00faltimas d\u00e9cadas. El mundo probablemente no ser\u00eda el mismo sin la visi\u00f3n y determinaci\u00f3n que tuvo esta californiana hace casi 20 a\u00f1os. Ella no solo pari\u00f3 a <a href=\"https:\/\/elpais.com\/gente\/2023-11-04\/kourtney-kardashian-y-travis-barker-dan-la-bienvenida-a-su-primer-hijo-en-comun.html\" target=\"_blank\" rel=\"noreferrer nofollow noopener\" title=\"https:\/\/elpais.com\/gente\/2023-11-04\/kourtney-kardashian-y-travis-barker-dan-la-bienvenida-a-su-primer-hijo-en-comun.html\">Kourtney<\/a>, <a href=\"https:\/\/elpais.com\/gente\/2025-10-16\/kim-kardashian-detalla-su-matrimonio-toxico-con-kanye-west-no-sabia-que-me-iba-a-pasar-al-despertar-y-era-realmente-inquietante.html\" target=\"_blank\" rel=\"noreferrer nofollow noopener\" title=\"https:\/\/elpais.com\/gente\/2025-10-16\/kim-kardashian-detalla-su-matrimonio-toxico-con-kanye-west-no-sabia-que-me-iba-a-pasar-al-despertar-y-era-realmente-inquietante.html\">Kim<\/a>, <a href=\"https:\/\/elpais.com\/gente\/2025-07-17\/khloe-kardashian-explica-por-que-ya-no-retoca-sus-fotos-con-photoshop-es-humillante-haber-pensado-que-era-una-version-de-mi.html\" target=\"_blank\" rel=\"noreferrer nofollow noopener\" title=\"https:\/\/elpais.com\/gente\/2025-07-17\/khloe-kardashian-explica-por-que-ya-no-retoca-sus-fotos-con-photoshop-es-humillante-haber-pensado-que-era-una-version-de-mi.html\">Khlo\u00e9 <\/a>y <a href=\"https:\/\/elpais.com\/elpais\/2016\/02\/29\/icon\/1456768840_400880.html\" target=\"_blank\" rel=\"noreferrer nofollow noopener\" title=\"https:\/\/elpais.com\/elpais\/2016\/02\/29\/icon\/1456768840_400880.html\">Rob <\/a>Kardashian, as\u00ed como a <a href=\"https:\/\/elpais.com\/smoda\/belleza\/kendall-jenner-entrevista-belleza-seguridad-modelo-rutina.html\" target=\"_blank\" rel=\"noreferrer nofollow noopener\" title=\"https:\/\/elpais.com\/smoda\/belleza\/kendall-jenner-entrevista-belleza-seguridad-modelo-rutina.html\">Kendall <\/a>y <a href=\"https:\/\/elpais.com\/gente\/2025-08-24\/el-caso-kylie-jenner-o-las-luces-y-sombras-de-que-las-famosas-hablen-abiertamente-de-sus-cirugias-esteticas.html\" target=\"_blank\" rel=\"noreferrer nofollow noopener\" title=\"https:\/\/elpais.com\/gente\/2025-08-24\/el-caso-kylie-jenner-o-las-luces-y-sombras-de-que-las-famosas-hablen-abiertamente-de-sus-cirugias-esteticas.html\">Kylie <\/a>Jenner, sino que, primero, los convirti\u00f3 en personajes televisivos para, despu\u00e9s, ayudarles a crear negocios millonarios de los que ella tambi\u00e9n obtiene su parte. Un poderoso klan que Kris Jenner empez\u00f3 a moldear cuando ya hab\u00eda cumplido los 50 a\u00f1os. <\/p>\n<p class=\"\">Pero empecemos por el principio. Nacida como Kristen Mary Houghton el 5 de noviembre de 1955 en San Diego, su infancia estuvo marcada por los dos divorcios de su madre. Su primer trabajo fue a los 10 a\u00f1os, envolviendo regalos. Luego trabajar\u00eda en una tienda de d\u00f3nuts y en una de ropa infantil que pertenec\u00eda a su madre. Despu\u00e9s, ser\u00eda azafata de American Airlines. Su curr\u00edculo se detiene cuando conoce al abogado Robert Kardashian: ella ten\u00eda 17 a\u00f1os; \u00e9l, 11 m\u00e1s. Tras aceptar su segunda proposici\u00f3n de matrimonio, se casaron en julio de 1978. En 1990, y tras ampliar la familia con cuatro hijos, el abogado \u2014quien se hizo mundialmente conocido como parte del equipo de defensa de<a href=\"https:\/\/elpais.com\/gente\/2024-04-11\/muere-oj-simpson-el-astro-del-deporte-convertido-en-eterno-sospechoso-del-asesinato-de-su-exesposa.html\" target=\"_blank\" rel=\"noreferrer nofollow noopener\" title=\"https:\/\/elpais.com\/gente\/2024-04-11\/muere-oj-simpson-el-astro-del-deporte-convertido-en-eterno-sospechoso-del-asesinato-de-su-exesposa.html\"> O. J. Simpson<\/a> en el juicio que le exoner\u00f3 del asesinato de su exmujer Nicole Brown Simpson y Ronald Goldman\u2014 ped\u00eda el divorcio al conocer <a href=\"https:\/\/elpais.com\/gente\/2023-10-26\/kris-jenner-sobre-la-infidelidad-a-robert-kardashian-con-caitlyn-jenner-es-de-lo-que-mas-me-arrepiento-en-toda-mi-vida.html\" target=\"_blank\" rel=\"noreferrer nofollow noopener\" title=\"https:\/\/elpais.com\/gente\/2023-10-26\/kris-jenner-sobre-la-infidelidad-a-robert-kardashian-con-caitlyn-jenner-es-de-lo-que-mas-me-arrepiento-en-toda-mi-vida.html\">la aventura de su mujer<\/a> con el jugador de f\u00fatbol Todd Waterman. \u201cLe ment\u00ed constantemente a Robert\u201d durante la infidelidad, escribi\u00f3 Jenner en su biograf\u00eda de 2011, Kris Jenner \u2026 And All Things Kardashian. \u201cNo pod\u00eda controlarme\u201d, confesaba. Robert Kardashian la sorprendi\u00f3 desayunando con su amante (ella cree que un detective privado les sigui\u00f3), lo que provoc\u00f3 una gran pelea. Esto continuar\u00eda durante tres meses y \u00e9l los ver\u00eda juntos hasta en tres ocasiones.<\/p>\n<p>M\u00e1s informaci\u00f3n<\/p>\n<p class=\"\">El divorcio se puso tan feo que \u00e9l incluso le cort\u00f3 el acceso a las tarjetas de cr\u00e9dito. \u201cNo ten\u00eda dinero, ni un d\u00f3lar, a mi nombre. \u00c9l controlaba todo\u201d, escribi\u00f3 Jenner en sus memorias, publicadas hace ya tantos a\u00f1os que probablemente requerir\u00edan una segunda parte. \u201cNunca antes de ese momento en esta \u00e9poca oscura se me ocurri\u00f3 que no ten\u00eda poder. M\u00e1s adelante, decidir\u00eda que era una situaci\u00f3n en la que nunca volver\u00eda a estar durante el resto de mi vida\u201d, a\u00f1ad\u00eda. El divorcio finaliz\u00f3 en marzo de 1991, despu\u00e9s de que la nueva pareja de Jenner fuera a ver a Kardashian para asegurarle que no quer\u00edan dinero. Kris y entonces Bruce \u2014hoy Caitlyn\u2014 Jenner se casaban un mes despu\u00e9s; no hab\u00eda pasado ni un a\u00f1o desde que les presentaron en una cita a ciegas.<\/p>\n<p><img decoding=\"auto\" class=\"_re lazyload a_m-v\" height=\"616\"  width=\"414\"  src=\"https:\/\/www.europesays.com\/es\/wp-content\/uploads\/2025\/11\/4GBWGFOZPJCYFAWRKTWRCHLPCY.jpg\" loading=\"lazy\"\/>Kris Jenner y su entonces marido Bruce Jenner, en una sesi\u00f3n de fotos realizada en Los \u00c1ngeles en 1991.Donaldson Collection (Getty Images)<\/p>\n<p class=\"\"><a href=\"https:\/\/elpais.com\/gente\/2020-06-11\/caitlyn-jenner-cinco-anos-de-un-cambio-de-genero-y-de-vida.html\" target=\"_blank\" rel=\"noreferrer nofollow noopener\" title=\"https:\/\/elpais.com\/gente\/2020-06-11\/caitlyn-jenner-cinco-anos-de-un-cambio-de-genero-y-de-vida.html\">Caitlyn Jenner<\/a> era por entonces conocido como Bruce, medallista ol\u00edmpico de decatl\u00f3n. \u00c9l fue el primer proyecto de Kris Jenner. Eran familia numerosa (cuatro hijos de ella, cuatro de \u00e9l; y luego llegar\u00edan dos hijas en com\u00fan, Kendall y Kylie), y necesitaban dinero. A Kris se le ocurri\u00f3 rentabilizar el \u00e9xito deportivo de su pareja. Lo prepar\u00f3 para comercializar su discurso motivacional, Finding the Champion Within, a una audiencia m\u00e1s amplia, y lo ayud\u00f3 a crear una serie de v\u00eddeos de ejercicios (Kris aparec\u00eda en los anuncios entrenando). El \u00e9xito del negocio de conferencias fue la primera vez en la que se dio cuenta del talento que ten\u00eda en su propia casa, as\u00ed como de su potencial para la seguridad financiera.<\/p>\n<p class=\"\">El giro definitivo llegar\u00eda cuando un amigo que trabajaba como director de casting fue de visita a su casa de Hidden Hills (California) y observ\u00f3 el caos. Les sugiri\u00f3 que deb\u00edan presentar a su familia para protagonizar un reality. Qui\u00e9n sabe si lo hizo en broma o no, pero al d\u00eda siguiente Kris Jenner se lo present\u00f3 a Ryan Seacrest, productor del canal de programas de telerrealidad E! Con solo una primera grabaci\u00f3n casera durante una barbacoa familiar le compraron el show, que empez\u00f3 a emitirse en 2007. \u201cNo ten\u00edamos idea de que se convertir\u00eda en el monstruoso negocio de la cultura pop que es\u201d, ha comentado alguna vez Seacrest.<\/p>\n<p><img decoding=\"auto\" class=\"_re lazyload a_m-v\" height=\"517\"  width=\"414\"  src=\"https:\/\/www.europesays.com\/es\/wp-content\/uploads\/2025\/11\/MQMCBPUMGRDVBH2VOUHXCWO7HQ.jpg\" loading=\"lazy\"\/>Foto de la familia Kardashian-Jenner de 1991.Donaldson Collection (Getty Images)<\/p>\n<p class=\"\">As\u00ed es como Kris Jenner empez\u00f3 a labrarse una carrera como personaje televisivo a los 51 a\u00f1os. \u201cEst\u00e1bamos trabajando en nuestras tiendas en Calabasas [Los \u00c1ngeles] y pens\u00e9 que esta ser\u00eda una excelente manera de dar visibilidad a nuestro negocio, ya que era como un grupo focal instant\u00e1neo. Esta fue una herramienta de marketing inmediata y algo que podr\u00eda resultar \u00fatil para otras cosas\u201d, recordaba Jenner en una <a href=\"https:\/\/www.voguearabia.com\/article\/our-september-cover-star-kris-jenner-on-aging-power-and-reinventing-pop-culture\" rel=\"nofollow noopener\" target=\"_blank\">entrevista con Vogue Arabia publicada el pasado mes de agosto.<\/a> Probablemente, en esos momentos ni ella se pod\u00eda imaginar hasta qu\u00e9 punto le iba a ser rentable exponer su vida familiar.<\/p>\n<p class=\"\">Era 2015 cuando <a href=\"https:\/\/www.nytimes.com\/2015\/05\/10\/magazine\/where-would-the-kardashians-be-without-kris-jenner.html\" rel=\"nofollow noopener\" target=\"_blank\">un art\u00edculo publicado en The New York Times<\/a> dec\u00eda: \u201cTodav\u00eda hay personas que desestiman a Kris Jenner y su familia como \u2018famosas por ser famosas\u2019, una tonta familia de reality show que crea un espect\u00e1culo artificial. Pero hemos llegado al punto en el que las Jenner y las Kardashian no son famosas por ser famosas: son famosas por la industria que han creado, el megacomplejo Kardashian\/Jenner, que no solo ha invadido la cultura, sino que ha hecho met\u00e1stasis en ella, con los miembros de la familia emergiendo como empresarios leg\u00edtimos y Kris como la madre l\u00edder de todos ellos\u201d. Y eso que por aquel entonces la influencia de las redes sociales a\u00fan no era lo que es hoy y sus hijas \u2014las cinco acumulan 1.547 millones de seguidores; siendo Kylie, la peque\u00f1a, la que m\u00e1s tiene\u2014 a\u00fan no hab\u00edan lanzado todas sus exitosas marcas de moda y belleza. \u201cMe gusta todo de cierta manera\u201d, declaraba Kris Jenner al peri\u00f3dico neoyorquino. \u201cNo soy alguien que simplemente pueda relajarse y dejar que ocurra. Eso nunca me va a suceder. Y creo que eso es lo que me ha llevado a donde estoy en la vida. No puedo encender y apagar\u201d.<\/p>\n<p><img decoding=\"auto\" class=\"_re lazyload a_m-h\" height=\"287\"  width=\"414\"  src=\"https:\/\/www.europesays.com\/es\/wp-content\/uploads\/2025\/11\/UR2E4Z7PJNFC7KRBD7P4JNHJGQ.jpg\" loading=\"lazy\"\/>Kris Jenner, entre sus hijas Khlo\u00e9, Kendall, Kim y Kourtney, en los premios People&#8217;s Choice Awards, en noviembre de 2018.Christopher Polk\/E! Entertainment (NBCU Photo Bank\/NBCUniversal via Getty Images)<\/p>\n<p class=\"\">Le gusten a uno o no le gusten los reality shows, no se puede negar el atractivo global de Kris Jenner. En televisi\u00f3n durante los \u00faltimos 18 a\u00f1os, desde el estreno de Keeping Up With the Kardashian el 14 de octubre de 2007 en E!, hoy equilibra sus roles como madre y manager de seis hijos, abuela de 13 nietos, pareja de<a href=\"https:\/\/elpais.com\/elpais\/2019\/05\/27\/gente\/1558976903_118918.html\" target=\"_blank\" rel=\"noreferrer nofollow noopener\" title=\"https:\/\/elpais.com\/elpais\/2019\/05\/27\/gente\/1558976903_118918.html\"> Corey Gamble<\/a> (Atlanta, 44 a\u00f1os) \u2014con quien mantiene una relaci\u00f3n desde 2014\u2014 y directora ejecutiva de las nueve empresas de la familia Kardashian-Jenner, valoradas en miles de millones (incluidas <a href=\"https:\/\/elpais.com\/gente\/2025-10-15\/kim-kardashian-lanza-una-linea-de-tangas-de-vello-pubico-de-colores-falso-y-las-reacciones-dividen-internet.html\" target=\"_blank\" rel=\"noreferrer nofollow noopener\" title=\"https:\/\/elpais.com\/gente\/2025-10-15\/kim-kardashian-lanza-una-linea-de-tangas-de-vello-pubico-de-colores-falso-y-las-reacciones-dividen-internet.html\">Skims<\/a>, <a href=\"https:\/\/elpais.com\/elpais\/2019\/11\/19\/gente\/1574154652_781467.html\" target=\"_blank\" rel=\"noreferrer nofollow noopener\" title=\"https:\/\/elpais.com\/elpais\/2019\/11\/19\/gente\/1574154652_781467.html\">Kylie Cosmetics <\/a>y <a href=\"https:\/\/elpais.com\/gente\/2023-11-25\/jens-y-emma-grede-el-matrimonio-detras-del-millonario-exito-de-las-empresas-de-las-kardashian.html\" target=\"_blank\" rel=\"noreferrer nofollow noopener\" title=\"https:\/\/elpais.com\/gente\/2023-11-25\/jens-y-emma-grede-el-matrimonio-detras-del-millonario-exito-de-las-empresas-de-las-kardashian.html\">Good American<\/a>).<\/p>\n<p class=\"\">En el reality familiar han dejado ver muchas victorias y momentos de alegr\u00eda, pero tambi\u00e9n las peleas f\u00edsicas entre las hermanas o los m\u00e1s agrios divorcios. Como la muy p\u00fablica separaci\u00f3n del matrimonio Jenner tras 22 a\u00f1os, que culmin\u00f3 con la transici\u00f3n de g\u00e9nero del padre de sus dos hijas menores,<a href=\"https:\/\/elpais.com\/elpais\/2015\/06\/01\/estilo\/1433180076_806471.html\" target=\"_blank\" rel=\"noreferrer nofollow noopener\" title=\"https:\/\/elpais.com\/elpais\/2015\/06\/01\/estilo\/1433180076_806471.html\"> anunciada ante el mundo entero en la portada de la revista Vanity Fair en 2015<\/a>. Casi 17 millones de personas encendieron la televisi\u00f3n para escuchar a <a href=\"https:\/\/elpais.com\/gente\/2021-05-01\/caitlyn-jenner-de-la-fama-del-clan-kardashian-al-poder.html\" target=\"_blank\" rel=\"noreferrer nofollow noopener\" title=\"https:\/\/elpais.com\/gente\/2021-05-01\/caitlyn-jenner-de-la-fama-del-clan-kardashian-al-poder.html\">Caitlyn Jenner<\/a> contarle su proceso de transici\u00f3n a la periodista Diane Sawyer. \u201cPasar por esto fue hacerlo d\u00eda tras d\u00eda, de verdad. No ten\u00eda experiencia en nada de eso, as\u00ed que solo est\u00e1s tratando de entenderlo todo. Soy la madre de los ni\u00f1os y trato de navegar en ello; honestamente, fue dif\u00edcil porque quer\u00eda ser la mejor madre posible y no siempre supe lo que eso significaba\u201d, recordaba Kris en <a href=\"https:\/\/www.hollywoodreporter.com\/news\/general-news\/kris-jenner-talks-kim-kardashians-schedule-caitlyn-jenner-familys-hulu-deal-4165668\/\" rel=\"nofollow noopener\" target=\"_blank\">una entrevista con la revista de The Wall Street Journal<\/a> en 2021. <\/p>\n<p><img decoding=\"auto\" class=\"_re lazyload a_m-h\" height=\"276\"  width=\"414\"  src=\"https:\/\/www.europesays.com\/es\/wp-content\/uploads\/2025\/11\/BPKQBMPLEJAAXAHYCKHIXET6TY.jpg\" loading=\"lazy\"\/>De izquierda a derecha, Kris Jenner, Khlo\u00e9 Kardashian, Kendall Jenner, Kourtney y Kim  Kardashian, Caitlyn y Kylie Jenner, con North West, la primog\u00e9nita de Kim, en un desfile de Kanye West en el Madison Square Garden de Nueva York, en febrero de 2016.Kevin Mazur<\/p>\n<p class=\"\">Actualmente se emite la s\u00e9ptima temporada de Las Kardashian en Hulu\/Disney +, plataforma a la que <a href=\"https:\/\/elpais.com\/gente\/2020-12-11\/el-negocio-de-la-familia-kardashian-se-reinventa-en-disney.html\" target=\"_blank\" rel=\"noreferrer nofollow noopener\" title=\"https:\/\/elpais.com\/gente\/2020-12-11\/el-negocio-de-la-familia-kardashian-se-reinventa-en-disney.html\">dieron el salto en 2020,<\/a> y se emite en dos centenares de pa\u00edses. La familia, en su eterno control de la narrativa, posee los derechos de edici\u00f3n del programa. \u201cSiempre tuvimos estos derechos, as\u00ed es como negoci\u00e9 el trato\u201d, explicaba Jenner en su entrevista con Vogue Arabia. \u201cNo iba a poner a mi familia en una situaci\u00f3n vulnerable firmando un papel diciendo que pod\u00edan hacer lo que quisieran con nuestra imagen, y que solo la ver\u00edamos en la televisi\u00f3n. Pero r\u00e1pidamente nos dimos cuenta de que los momentos crudos, las l\u00e1grimas y mostrar nuestras vidas reales ten\u00edan un valor real. Solo quitamos algo cuando nos ve\u00edamos mal o hab\u00eda un \u00e1ngulo mejor\u201d, aseguraba.<\/p>\n<p class=\"\">\u201cKris Jenner es una fuerza imparable\u201d, recordaba Seacrest <a href=\"https:\/\/www.forbes.com\/sites\/lisettevoytko\/2022\/10\/14\/how-kris-jenner-made-the-kardashians-famous-rich-and-insanely-influential\/\" rel=\"nofollow noopener\" target=\"_blank\">en Forbes<\/a> en octubre de 2022. \u201cLogr\u00f3 llevar a su familia a crear un imperio m\u00e1s grande que cualquier cosa que hubi\u00e9ramos imaginado cuando se nos ocurri\u00f3 el concepto del programa hace 15 a\u00f1os\u201d. Entonces fue cuando la publicaci\u00f3n decidi\u00f3 incluirla en su lista 50 Over 50, 50 personajes poderosos con m\u00e1s de medio siglo de vida. \u201cEl hecho de que haya convertido a la familia en un nombre familiar y a sus hijos en emprendedores, todo despu\u00e9s de cumplir 50 a\u00f1os, le otorga un lugar en esta segunda lista anual\u201d, justificaba la publicaci\u00f3n. Famosa por recibir un 10% de cada d\u00f3lar que sus hijos obtienen en sus trabajos como modelos, en acuerdos de licencias y en sus compa\u00f1\u00edas, Forbes entonces le calculaba a Kris Jenner una fortuna de 200 millones de d\u00f3lares. \u201cNo tanto como los 1.400 millones de d\u00f3lares de Kim o los 600 millones de d\u00f3lares de Kylie, pero s\u00ed bastante impresionante dado su origen hace 15 a\u00f1os\u201d, dec\u00eda el art\u00edculo.<\/p>\n<p><img decoding=\"auto\" class=\"_re lazyload a_m-h\" height=\"276\"  width=\"414\"  src=\"https:\/\/www.europesays.com\/es\/wp-content\/uploads\/2025\/11\/LFZJTKMBZBF63MW52K6N7STXC4.jpg\" loading=\"lazy\"\/>Kris Jenner y su pareja, Corey Gamble, en Venecia para la boda de Jeff Bezos y Lauren S\u00e1nchez, en junio de 2025.Ernesto Ruscio (GC Images)<\/p>\n<p class=\"\">A sus 70 a\u00f1os, lejos de pensar en la jubilaci\u00f3n, sigue ejerciendo de momager (combinaci\u00f3n de \u00abmom\u00bb \u2014madre\u2014 y manager, t\u00e9rmino que la propia Jenner populariz\u00f3) de sus hijas, aunque se ha convertido en una estrella por derecho propio. Hoy acumula casi 52 millones de seguidores en <a href=\"https:\/\/www.instagram.com\/krisjenner\/\" target=\"_blank\" rel=\"noreferrer nofollow noopener\" title=\"https:\/\/www.instagram.com\/krisjenner\/\">su cuenta de Instagram,<\/a> tiene su propia empresa (Safely, una l\u00ednea de productos de limpieza que lanz\u00f3 en 2021), protagoniza campa\u00f1as de importantes marcas (<a href=\"https:\/\/www.instagram.com\/p\/DPYvVK4iqVg\/\" target=\"_blank\" rel=\"noreferrer nofollow noopener\" title=\"https:\/\/www.instagram.com\/p\/DPYvVK4iqVg\/\">la \u00faltima, para la firma de maquillaje MAC<\/a>) o portadas de revista, como la de Vogue Arabia del pasado septiembre, el mes que siempre se considera m\u00e1s jugoso en las cabeceras de moda. <\/p>\n<p class=\"\">\u201cNo s\u00e9 c\u00f3mo se supone que hay que estar con 70 a\u00f1os, pero me siento genial y feliz de estar all\u00ed. Mi madre trabaj\u00f3 hasta los 82 y yo planeo hacer lo mismo. \u00bfTal vez los 85?\u201d, dijo a la publicaci\u00f3n, en la que tambi\u00e9n hablaba de por qu\u00e9 este a\u00f1o hab\u00eda decidido someterse a su segundo lifting,<a href=\"https:\/\/elpais.com\/gente\/2025-06-09\/kris-jenner-convierte-su-cirugia-estetica-en-un-negocio-saca-a-la-venta-camisetas-y-gorras.html\" target=\"_blank\" rel=\"noreferrer nofollow noopener\" title=\"https:\/\/elpais.com\/gente\/2025-06-09\/kris-jenner-convierte-su-cirugia-estetica-en-un-negocio-saca-a-la-venta-camisetas-y-gorras.html\"> cuyo resultado se hizo viral el pasado mayo<\/a>. \u201cEl hecho de que envejezcas no significa que debas renunciar a ti mismo. Si te sientes c\u00f3modo con tu piel y quieres envejecer con gracia, es decir, que no quieres hacer nada, entonces no hagas nada. Pero para m\u00ed, esto es envejecer con gracia. Es mi versi\u00f3n\u201d, explicaba en Vogue. Desde hace dos d\u00e9cadas, Kris Jenner, que en los \u00faltimos a\u00f1os tambi\u00e9n ha amenazado con lanzar su propia marca de skin care, vive en mundo altamente calibrado del que deja ver la mayor, y mejor, parte.<\/p>\n<p><script async src=\"\/\/www.instagram.com\/embed.js\"><\/script><\/p>\n","protected":false},"excerpt":{"rendered":"Kris Jenner cumple este 5 de noviembre 70 a\u00f1os coronada como la art\u00edfice de uno de los fen\u00f3menos&hellip;\n","protected":false},"author":2,"featured_media":219301,"comment_status":"","ping_status":"","sticky":false,"template":"","format":"standard","meta":{"footnotes":""},"categories":[171],"tags":[58577,146,147,25,24,256,260,58047,8780,7903,58576,27512,27511,18070,23,214],"class_list":{"0":"post-219300","1":"post","2":"type-post","3":"status-publish","4":"format-standard","5":"has-post-thumbnail","7":"category-tv","8":"tag-caitlyn-jenner","9":"tag-entertainment","10":"tag-entretenimiento","11":"tag-es","12":"tag-espana","13":"tag-famosos","14":"tag-gente","15":"tag-kendall-jenner","16":"tag-khloe-kardashian","17":"tag-kim-kardashian","18":"tag-kourtney-kardashian","19":"tag-kris-jenner","20":"tag-kylie-jenner","21":"tag-reality-show","22":"tag-spain","23":"tag-tv"},"share_on_mastodon":{"url":"https:\/\/pubeurope.com\/@es\/115495549393796858","error":""},"_links":{"self":[{"href":"https:\/\/www.europesays.com\/es\/wp-json\/wp\/v2\/posts\/219300","targetHints":{"allow":["GET"]}}],"collection":[{"href":"https:\/\/www.europesays.com\/es\/wp-json\/wp\/v2\/posts"}],"about":[{"href":"https:\/\/www.europesays.com\/es\/wp-json\/wp\/v2\/types\/post"}],"author":[{"embeddable":true,"href":"https:\/\/www.europesays.com\/es\/wp-json\/wp\/v2\/users\/2"}],"replies":[{"embeddable":true,"href":"https:\/\/www.europesays.com\/es\/wp-json\/wp\/v2\/comments?post=219300"}],"version-history":[{"count":0,"href":"https:\/\/www.europesays.com\/es\/wp-json\/wp\/v2\/posts\/219300\/revisions"}],"wp:featuredmedia":[{"embeddable":true,"href":"https:\/\/www.europesays.com\/es\/wp-json\/wp\/v2\/media\/219301"}],"wp:attachment":[{"href":"https:\/\/www.europesays.com\/es\/wp-json\/wp\/v2\/media?parent=219300"}],"wp:term":[{"taxonomy":"category","embeddable":true,"href":"https:\/\/www.europesays.com\/es\/wp-json\/wp\/v2\/categories?post=219300"},{"taxonomy":"post_tag","embeddable":true,"href":"https:\/\/www.europesays.com\/es\/wp-json\/wp\/v2\/tags?post=219300"}],"curies":[{"name":"wp","href":"https:\/\/api.w.org\/{rel}","templated":true}]}}