{"id":219304,"date":"2025-11-05T06:00:21","date_gmt":"2025-11-05T06:00:21","guid":{"rendered":"https:\/\/www.europesays.com\/es\/219304\/"},"modified":"2025-11-05T06:00:21","modified_gmt":"2025-11-05T06:00:21","slug":"el-premio-a-sus-exitos-en-telecinco-y-cuatro","status":"publish","type":"post","link":"https:\/\/www.europesays.com\/es\/219304\/","title":{"rendered":"el premio a sus \u00e9xitos en Telecinco y Cuatro"},"content":{"rendered":"<p class=\"paragraph\" id=\"paragraph_1\"><a href=\"https:\/\/www.elespanol.com\/bluper\/20251103\/gran-hermano-isla-tentaciones-rescate-telecinco-artilleria-pesada-relanzar-datos-audiencia\/1003743997001_0.html?utm_cmp_rs=linksinline\" rel=\"nofollow noopener\" target=\"_blank\">Mediaset Espa\u00f1a<\/a> ha anunciado este martes, 4 de noviembre, la pareja encargada de presentar las Campanadas 2025. El grupo ha elegido a dos rostros que han despuntado este a\u00f1o con sus respectivos programas: <strong>Sandra Barneda y Xuso Jones.<\/strong><\/p>\n<p class=\"paragraph\" id=\"paragraph_2\">Los presentadores de La isla de las tentaciones y de Lo sabe no lo sabe capitanear\u00e1n la emisi\u00f3n de las campanadas que, una vez m\u00e1s, ser\u00e1 la misma para Telecinco y Cuatro. Se trata de la misma estrategia que llevar\u00e1 a cabo, por primera vez, Atresmedia, con <a href=\"https:\/\/www.elespanol.com\/bluper\/20251023\/cristina-pedroche-alberto-chicote-duplican-atresmedia-unifica-campanadas-antena-lasexta\/1003743983348_0.html?utm_cmp_rs=linksinline\" rel=\"nofollow noopener\" target=\"_blank\">Cristina Pedroche y Alberto Chicote.<\/a><\/p>\n<p class=\"paragraph\" id=\"paragraph_3\">Una dupla inesperada y llena de energ\u00eda, que <strong>une a dos<\/strong><strong> perfiles muy distintos, pero complementarios. <\/strong>Xuso Jones, conductor de <strong>Lo sabe o no lo sabe<\/strong>, en Cuatro, destaca por su simpat\u00eda y su capacidad para hacer re\u00edr, lo que dotar\u00e1 al evento de un aire fresco, desenfadado y cercano al p\u00fablico joven. <\/p>\n<p><img loading=\"lazy\" decoding=\"async\" alt=\"Silvia Charro y Sim\u00f3n P\u00e9rez, durante el v\u00eddeo '\u00bfPor qu\u00e9 las hipotecas fijas son tan convenientes?'.\" height=\"180\" src=\"https:\/\/www.europesays.com\/es\/wp-content\/uploads\/2025\/11\/1003743993351_259673037_320x180.jpg\" width=\"320\" data-lazy-status=\"processed\" data-lazy-info=\"remove loading item 1\"\/><\/p>\n<p class=\"paragraph\" id=\"paragraph_4\">Lo sabe o no lo sabe es un programa que ha conseguido calar entre el p\u00fablico, y suele superar el 5% de cuota de pantalla (la media de Cuatro en octubre fue de 5,8 puntos). En \u00e9l, Xuso hace alarde de su espontaneidad, eligiendo concursantes a pie de calle, en lo que supon\u00eda<strong> su primer programa como presentador en la televisi\u00f3n<\/strong> en abierto, tras su paso por los res\u00famenes de Operaci\u00f3n Triunfo en Prime Video.<\/p>\n<p class=\"paragraph\" id=\"paragraph_5\">Sandra Barneda, por su parte, aportar\u00e1 la experiencia de a\u00f1os<strong> al frente de formatos en directo,<\/strong> y una elegancia reconocida por la audiencia del grupo. Estrella incontestable de la casa, ella est\u00e1 al frente en la actualidad de la nueva edici\u00f3n de <strong>La isla de las tentaciones,<\/strong> que se ha estrenado como l\u00edder de su franja.<\/p>\n<p class=\"paragraph\" id=\"paragraph_6\">Poco hay que decir sobre Barneda que no se sepa. En Mediaset ha hecho pr\u00e1cticamente de todo, desde conducir magacines a realities, pasando por informativos. De sus proyectos m\u00e1s recientes se puede destacar su paso por <strong>Supervivientes.<\/strong><\/p>\n<p><img decoding=\"async\" alt=\"Ion Aramendi y Blanca Romero\" data-imgm=\"true\" height=\"180\" loading=\"lazy\"  src=\"https:\/\/www.europesays.com\/es\/wp-content\/uploads\/2025\/11\/913168754_252046470_1024x576.jpg\"  width=\"320\"\/><\/p>\n<p>                                                            Ion Aramendi y Blanca Romero<\/p>\n<p>                    Mediaset Espa\u00f1a<\/p>\n<p class=\"paragraph\" id=\"paragraph_7\"><a href=\"https:\/\/www.elespanol.com\/bluper\/20251104\/isla-tentaciones-llega-lider-telecinco-celos-traicion-tiempo-record-gritos-estreno\/1003743998224_0.html?utm_cmp_rs=linksinline\" rel=\"nofollow noopener\" target=\"_blank\">En una reciente entrevista en BLUPER<\/a>, preguntamos a Sandra si se ver\u00eda dando las uvas junto a Anita y Montoya, de La isla de las tentaciones. \u00abPues, mira, no me lo hab\u00eda planteado. Recuerdo las Campanadas que hice, las de la pandemia, unas Campanadas donde no hab\u00eda gente<strong>. Las Campanadas son como un premio, un agradecimiento que te da la cadena<\/strong>. \u00bfCon Montoya y Anita? No creo. Pero si lo lograran, ser\u00eda la pera. Yo sobrar\u00eda. Ser\u00eda hist\u00f3rico, a ver c\u00f3mo acabar\u00edan. Tir\u00e1ndose las uvas o bes\u00e1ndose para celebrar el 2026&#8243;, respondi\u00f3.<\/p>\n<p class=\"paragraph\" id=\"paragraph_8\">De momento,<strong> el grupo audiovisual no ha avanzado desde qu\u00e9 lugar recibir\u00e1n el nuevo a\u00f1o.<\/strong> Y es que es tradici\u00f3n que sus presentadores retransmitan las doce campanadas desde un lugar diferente a la tradicional Puerta del Sol de Madrid.<\/p>\n<p><img decoding=\"async\" alt=\"David Broncano y Lalach\u00fas este mi\u00e9rcoles en 'La Revuelta'.\" height=\"180\" loading=\"lazy\" width=\"320\" data-lazy-status=\"processed\" id=\"effb2baf2d\" src=\"https:\/\/www.elespanol.com\/bluper\/20251104\/sandra-barneda-xuso-jones-daran-campanadas-mediaset-novedosa-apuesta-nochevieja\/[\" https:=\"\" data-lazy-info=\"changed src\"\/><\/p>\n<p class=\"paragraph\" id=\"paragraph_9\">En ese sentido, hay que destacar que el a\u00f1o pasado<strong> Blanca Romero junto a Ion Aramendi <\/strong>recibieron al 2025 desde Lanzarote, tomando el testigo a <strong>Marta Flich y Jes\u00fas Calleja<\/strong>, que dieron las uvas en Sevilla.<\/p>\n<p class=\"paragraph\" id=\"paragraph_10\">A falta de confirmaci\u00f3n, se espera que, al igual que otros a\u00f1os, el evento<strong> <\/strong><strong>se emita<\/strong><strong> simult\u00e1neamente en Telecinco y Cuatro,<\/strong> dentro de un programa especial que arranque alrededor de las 23:45 horas del 31 de diciembre. <\/p>\n<p class=\"paragraph\" id=\"paragraph_11\">Con la elecci\u00f3n de Barneda y Jones, Mediaset lleva a cabo una apuesta din\u00e1mica, que promete momentos divertidos y emotivos. Con esta combinaci\u00f3n de frescura y profesionalidad, el grupo busca<strong> <\/strong><strong>competir contra Antena 3 y RTVE,<\/strong> quienes lideraron con diferencia la retransmisi\u00f3n de las Campanadas pasadas.<\/p>\n","protected":false},"excerpt":{"rendered":"Mediaset Espa\u00f1a ha anunciado este martes, 4 de noviembre, la pareja encargada de presentar las Campanadas 2025. El&hellip;\n","protected":false},"author":2,"featured_media":219305,"comment_status":"","ping_status":"","sticky":false,"template":"","format":"standard","meta":{"footnotes":""},"categories":[91],"tags":[1535,48603,146,147,25,24,4253,23,807],"class_list":{"0":"post-219304","1":"post","2":"type-post","3":"status-publish","4":"format-standard","5":"has-post-thumbnail","7":"category-entretenimiento","8":"tag-bluper","9":"tag-campanadas","10":"tag-entertainment","11":"tag-entretenimiento","12":"tag-es","13":"tag-espana","14":"tag-sandra-barneda","15":"tag-spain","16":"tag-television"},"share_on_mastodon":{"url":"https:\/\/pubeurope.com\/@es\/115495569593412323","error":""},"_links":{"self":[{"href":"https:\/\/www.europesays.com\/es\/wp-json\/wp\/v2\/posts\/219304","targetHints":{"allow":["GET"]}}],"collection":[{"href":"https:\/\/www.europesays.com\/es\/wp-json\/wp\/v2\/posts"}],"about":[{"href":"https:\/\/www.europesays.com\/es\/wp-json\/wp\/v2\/types\/post"}],"author":[{"embeddable":true,"href":"https:\/\/www.europesays.com\/es\/wp-json\/wp\/v2\/users\/2"}],"replies":[{"embeddable":true,"href":"https:\/\/www.europesays.com\/es\/wp-json\/wp\/v2\/comments?post=219304"}],"version-history":[{"count":0,"href":"https:\/\/www.europesays.com\/es\/wp-json\/wp\/v2\/posts\/219304\/revisions"}],"wp:featuredmedia":[{"embeddable":true,"href":"https:\/\/www.europesays.com\/es\/wp-json\/wp\/v2\/media\/219305"}],"wp:attachment":[{"href":"https:\/\/www.europesays.com\/es\/wp-json\/wp\/v2\/media?parent=219304"}],"wp:term":[{"taxonomy":"category","embeddable":true,"href":"https:\/\/www.europesays.com\/es\/wp-json\/wp\/v2\/categories?post=219304"},{"taxonomy":"post_tag","embeddable":true,"href":"https:\/\/www.europesays.com\/es\/wp-json\/wp\/v2\/tags?post=219304"}],"curies":[{"name":"wp","href":"https:\/\/api.w.org\/{rel}","templated":true}]}}