{"id":219306,"date":"2025-11-05T06:02:08","date_gmt":"2025-11-05T06:02:08","guid":{"rendered":"https:\/\/www.europesays.com\/es\/219306\/"},"modified":"2025-11-05T06:02:08","modified_gmt":"2025-11-05T06:02:08","slug":"el-bbva-cuenta-con-mas-de-5-000-millones-para-endulzar-el-fracaso-de-la-opa-con-pagos-a-los-accionistas-empresas","status":"publish","type":"post","link":"https:\/\/www.europesays.com\/es\/219306\/","title":{"rendered":"El BBVA cuenta con m\u00e1s de 5.000 millones para endulzar el fracaso de la opa con pagos a los accionistas | Empresas"},"content":{"rendered":"<p class=\"\">El BBVA ultima el gran anuncio con el que pretende dejar atr\u00e1s <a href=\"https:\/\/elpais.com\/economia\/2025-10-16\/el-sabadell-vence-al-bbva-y-consigue-el-apoyo-de-los-inversores-para-seguir-en-solitario.html\" target=\"_blank\" rel=\"nofollow noopener\" title=\"https:\/\/elpais.com\/economia\/2025-10-16\/el-sabadell-vence-al-bbva-y-consigue-el-apoyo-de-los-inversores-para-seguir-en-solitario.html\">el pinchazo de la opa hostil al Sabadell<\/a>. Ya el d\u00eda en que se conoci\u00f3 el resultado \u2014una aceptaci\u00f3n del 25%, por debajo incluso del 30% que le permit\u00eda seguir adelante con la operaci\u00f3n con una segunda opa\u2014 el banco anunci\u00f3 que ejecutar\u00eda <a href=\"https:\/\/elpais.com\/economia\/2025-10-18\/torres-se-blinda-con-una-lluvia-de-millones-a-los-accionistas-tras-el-fracaso-de-la-opa.html\" target=\"_blank\" rel=\"noreferrer nofollow noopener\" title=\"https:\/\/elpais.com\/economia\/2025-10-18\/torres-se-blinda-con-una-lluvia-de-millones-a-los-accionistas-tras-el-fracaso-de-la-opa.html\">una recompra de acciones \u201cde tama\u00f1o significativo\u201d<\/a>, de la que a\u00fan no se conocen detalles. De acuerdo a las cuentas del tercer trimestre que present\u00f3 la semana pasada, la entidad dispone de un exceso de capital de 5.000 millones con los que poder engrosar esta macro recompra.<\/p>\n<p class=\"\">Por el momento, el banco de origen vasco ha indicado que ya ha remitido al Banco Central Europeo (BCE) la petici\u00f3n de autorizaci\u00f3n para activar esta recompra de acciones. El regulador puede demorarse hasta cuatro meses en decidir, pero las fuentes consultadas esperan una resoluci\u00f3n m\u00e1s temprana, en torno a finales de este mes o inicios del siguiente. Hasta ese momento el BBVA no puede desvelar los detalles de esta recompra y fue precisamente la escasez de informaci\u00f3n al respecto lo que le provoc\u00f3 un castigo en Bolsa el d\u00eda present\u00f3 los resultados.<\/p>\n<p class=\"\">El banco s\u00ed da algunos detalles que permiten calcular por d\u00f3nde puede estar esta cifra. <a href=\"https:\/\/elpais.com\/economia\/2025-10-30\/el-bbva-se-sacude-el-fracaso-de-la-opa-con-un-beneficio-historico-entre-enero-y-septiembre.html\" target=\"_blank\" rel=\"noreferrer nofollow noopener\" title=\"https:\/\/elpais.com\/economia\/2025-10-30\/el-bbva-se-sacude-el-fracaso-de-la-opa-con-un-beneficio-historico-entre-enero-y-septiembre.html\">Al cierre del tercer trimestre<\/a> contaba con una ratio de capital CET 1 fully loaded del 13,42%, tras haber generado ocho puntos b\u00e1sicos durante el pasado trimestre. Paralelamente la entidad afirma que su intenci\u00f3n es distribuir a sus accionistas todo el exceso de capital que supere una horquilla entre el 11,5% y el 12%. De acuerdo a las cifras divulgadas la semana pasada, esto suma 5.000 millones.<\/p>\n<p class=\"\">En <a href=\"https:\/\/elpais.com\/economia\/2025-07-31\/el-bbva-gana-un-9-mas-en-el-primer-semestre-y-responde-al-sabadell-con-36000-millones-en-pagos-a-los-accionistas-para-2028.html\" target=\"_blank\" rel=\"noreferrer nofollow noopener\" title=\"https:\/\/elpais.com\/economia\/2025-07-31\/el-bbva-gana-un-9-mas-en-el-primer-semestre-y-responde-al-sabadell-con-36000-millones-en-pagos-a-los-accionistas-para-2028.html\">el plan estrat\u00e9gico que public\u00f3 en verano<\/a>, el banco afirmaba que contaba con 13.000 millones para devolver a sus accionistas en el corto plazo, entre dividendos y recompras. Para el plazo total de esta hoja de ruta, a cumplir hasta 2028, esta cifra se eleva a los 36.000 millones.<\/p>\n<p class=\"\">La entidad apuntaba entonces a una fuerte capacidad de generaci\u00f3n de capital para los pr\u00f3ximos a\u00f1os, en la que se basaban los pagos a los accionistas. Detalla que alcanzar\u00e1 unos 49.000 millones de capital CET 1, con 39.000 millones de generaci\u00f3n de capital. De este modo, espera dedicar 13.000 millones de ese capital a crecimiento, a los que se suman esos 36.000 millones disponibles en retribuir a los accionistas, divididos en 24.000 millones por los resultados ordinarios y 12.000 millones de exceso de capital.<\/p>\n<p class=\"\">El banco ya ha dado algunos pasos en reactivar su ritmo de retribuci\u00f3n a sus accionistas. Ya ha reactivado el programa de recompras que congel\u00f3 por el lanzamiento de la opa, por 1.000 millones. Tambi\u00e9n <a href=\"https:\/\/elpais.com\/economia\/2025-09-29\/el-bbva-tienta-a-los-accionistas-del-sabadell-y-anuncia-el-mayor-dividendo-de-su-historia.html\" target=\"_blank\" rel=\"noreferrer nofollow noopener\" title=\"https:\/\/elpais.com\/economia\/2025-09-29\/el-bbva-tienta-a-los-accionistas-del-sabadell-y-anuncia-el-mayor-dividendo-de-su-historia.html\">ha aprobado el pago del dividendo a cuenta del a\u00f1o<\/a>, por importe de 32 c\u00e9ntimos de euro brutos por acci\u00f3n, un 10% m\u00e1s que el abono del a\u00f1o pasado. En total, el banco entregar\u00e1 1.842 millones de euros en efectivo a sus accionistas, con cargo a los resultados de 2025, un porcentaje de entre el 40% y el 50% del beneficio neto. Realizar\u00e1 el pago el 7 de noviembre.<\/p>\n<p class=\"\">Este pago se complementar\u00e1 con un segundo, un dividendo complementario. El banco suele realizar este abono a principios del a\u00f1o siguiente, despu\u00e9s de que lo apruebe la junta de accionistas. En el pasado ejercicio pag\u00f3 por este medio 41 c\u00e9ntimos y 29 en el dividendo a cuenta, que dispar\u00f3 un 27%. En 2023, desembols\u00f3 16 c\u00e9ntimos a cuenta y 39 en el extraordinario; en 2022, 12 y 31 c\u00e9ntimos; y en 2021, 8 y 23.<\/p>\n<p class=\"\">El mercado est\u00e1 reconociendo la estrategia elegida por el BBVA desde el fracaso de la opa. Sus t\u00edtulos suben en Bolsa m\u00e1s del 11% desde que se conoci\u00f3 el resultado de la oferta. Un informe de Bank of America publicado este martes apuntala estas alzas burs\u00e1tiles al elevar un 8% su precio objetivo y pondera que tiene una hoja de ruta centrada en el crecimiento y las distribuciones a los accionistas. Considera que, teniendo en cuenta su rentabilidad del 22% (medida como ROTE, rentabilidad sobre capital tangible), cotiza con descuento frente a sus competidores, as\u00ed como apunta a sus buenas perspectivas en los tres mercados en los que est\u00e1 presente, Espa\u00f1a, M\u00e9xico y Turqu\u00eda.<\/p>\n","protected":false},"excerpt":{"rendered":"El BBVA ultima el gran anuncio con el que pretende dejar atr\u00e1s el pinchazo de la opa hostil&hellip;\n","protected":false},"author":2,"featured_media":219307,"comment_status":"","ping_status":"","sticky":false,"template":"","format":"standard","meta":{"footnotes":""},"categories":[80],"tags":[5219,3287,3285,82,10654,95,94,2308,25,24,2731,10655,3284,6558,23],"class_list":{"0":"post-219306","1":"post","2":"type-post","3":"status-publish","4":"format-standard","5":"has-post-thumbnail","7":"category-economia","8":"tag-banca","9":"tag-banco-sabadell","10":"tag-bbva","11":"tag-business","12":"tag-carlos-torres-vila","13":"tag-economia","14":"tag-economy","15":"tag-empresas","16":"tag-es","17":"tag-espana","18":"tag-finanzas","19":"tag-onur-genc","20":"tag-opa","21":"tag-opa-hostil","22":"tag-spain"},"share_on_mastodon":{"url":"","error":""},"_links":{"self":[{"href":"https:\/\/www.europesays.com\/es\/wp-json\/wp\/v2\/posts\/219306","targetHints":{"allow":["GET"]}}],"collection":[{"href":"https:\/\/www.europesays.com\/es\/wp-json\/wp\/v2\/posts"}],"about":[{"href":"https:\/\/www.europesays.com\/es\/wp-json\/wp\/v2\/types\/post"}],"author":[{"embeddable":true,"href":"https:\/\/www.europesays.com\/es\/wp-json\/wp\/v2\/users\/2"}],"replies":[{"embeddable":true,"href":"https:\/\/www.europesays.com\/es\/wp-json\/wp\/v2\/comments?post=219306"}],"version-history":[{"count":0,"href":"https:\/\/www.europesays.com\/es\/wp-json\/wp\/v2\/posts\/219306\/revisions"}],"wp:featuredmedia":[{"embeddable":true,"href":"https:\/\/www.europesays.com\/es\/wp-json\/wp\/v2\/media\/219307"}],"wp:attachment":[{"href":"https:\/\/www.europesays.com\/es\/wp-json\/wp\/v2\/media?parent=219306"}],"wp:term":[{"taxonomy":"category","embeddable":true,"href":"https:\/\/www.europesays.com\/es\/wp-json\/wp\/v2\/categories?post=219306"},{"taxonomy":"post_tag","embeddable":true,"href":"https:\/\/www.europesays.com\/es\/wp-json\/wp\/v2\/tags?post=219306"}],"curies":[{"name":"wp","href":"https:\/\/api.w.org\/{rel}","templated":true}]}}