{"id":219315,"date":"2025-11-05T06:11:13","date_gmt":"2025-11-05T06:11:13","guid":{"rendered":"https:\/\/www.europesays.com\/es\/219315\/"},"modified":"2025-11-05T06:11:13","modified_gmt":"2025-11-05T06:11:13","slug":"ciclismo-esteban-chaves-vuelta-a-mallorca","status":"publish","type":"post","link":"https:\/\/www.europesays.com\/es\/219315\/","title":{"rendered":"Ciclismo. Esteban Chaves. Vuelta a Mallorca"},"content":{"rendered":"<p class=\"ft-text ft-helper-closenews\">El mallorqu\u00edn <strong>Esteban Chaves<\/strong>, afincado en Suiza, cerr\u00f3 un hito desconocido hasta la fecha en la isla: completar el contorno de sa Roqueta en bicicleta de monta\u00f1a. Un recorrido dise\u00f1ado por Tracks Mallorca que suma <strong>408 kil\u00f3metros<\/strong>, con m\u00e1s de <strong>7.600 metros de desnivel positivo<\/strong>, y que complet\u00f3 el pasado 23 de octubre tras <strong>33 horas y 45 minutos<\/strong> de esfuerzo casi ininterrumpido.<\/p>\n<p class=\"ft-text\">\u00abSiento que he reescrito los l\u00edmites de la resistencia en una gesta \u00e9pica\u00bb, se\u00f1ala sobre su desaf\u00edo. Chaves es un <strong>reconocido DJ y productor, protagonista durante muchos a\u00f1os en la escena mallorquina<\/strong> (BCM, Tito\u2019s o Pach\u00e1) y que ahora tiene como gran pasi\u00f3n la bici y competir en pruebas de <a class=\"ft-link ft-link--decoration\" href=\"https:\/\/www.diariodemallorca.es\/tags\/ciclismo\/\" rel=\"nofollow noopener\" target=\"_blank\">ciclismo<\/a> ultra y extremas.<\/p>\n<p class=\"ft-text\">Su aventura comenz\u00f3 a las cuatro<strong> de la madrugada en Can Picafort<\/strong>, a\u00fan de noche. Se adentr\u00f3 en el pinar de <strong>es Capellans<\/strong>, en direcci\u00f3n a <strong>Platja de Muro<\/strong>, buscando la conexi\u00f3n con la <strong>Serra de Tramuntana<\/strong>. Con los primeros rayos de sol, seg\u00fan explica, tom\u00f3 el <strong>Cam\u00ed de la Marina<\/strong> para entrar en <strong>Pollen\u00e7a<\/strong> y afrontar la subida del <strong>Calvari<\/strong>. Enlaz\u00f3 con el antiguo camino de <strong>Pollen\u00e7a a Lluc<\/strong>, preludio de la alta monta\u00f1a.<\/p>\n<blockquote class=\"ft-mol-quote\" data-aida-quote=\"\"><p> \u00abSiento que he reescrito los l\u00edmites de la resistencia en una gesta \u00e9pica\u00bb<\/p><\/blockquote>\n<p><img decoding=\"async\" src=\"https:\/\/www.europesays.com\/es\/wp-content\/uploads\/2025\/11\/77cce10a-a173-4149-bf47-c4add822d8fa_alta-libre-aspect-ratio_default_0.jpg\" width=\"1200\" height=\"1200\" alt=\"Esteban Chaves. Ciclista aficionado mallorqu\u00edn, afincado en Suiza, que ha rodeado Mallorca con una bicicleta de monta\u00f1a (finde 23 octubre 2025). Antes fue DJ en BCM, Pacha, etc. (La foto en la que sale rodando no estoy seguro que sea de ese fin de semana)\" class=\"ft-helper-img-rd\" loading=\"lazy\"\/><\/p>\n<p class=\"ft-helper-fontColor-quaternary ft-helper-fontSize-body-S ft-helper-spacer-t-xxs\">Esteban Chaves, euf\u00f3rico nada m\u00e1s acabar su desaf\u00edo  \/ @stevanchaves (Instagram)<\/p>\n<p class=\"ft-text\">Tras conectar con la <strong>GR-221 (Ruta de Pedra en Sec)<\/strong>, el trazado de grava y asfalto le llev\u00f3 al <strong>Gorg Blau<\/strong> y <strong>C\u00faber<\/strong>, hasta coronar el <strong>T\u00fanel de Monn\u00e0ber<\/strong>, la cota m\u00e1s alta de su recorrido. Breve descenso por asfalto y un nuevo ascenso hacia el <strong>Puig de sa Bassa<\/strong>, tambi\u00e9n por la GR-221. Y una bajada llena de \u00abflow y diversi\u00f3n\u00bb, confiesa, hasta el <strong>Mirador de ses Barques<\/strong>, donde <strong>Miguel \u00c1ngel Esteller, <\/strong>Tracks Mallorca<strong>,<\/strong> le esperaba para reponer agua y comida.<\/p>\n<p class=\"ft-text\">Desde all\u00ed, a <strong>S\u00f3ller<\/strong> y camino a <strong>Dei\u00e0 <\/strong>por la costa. \u00abEsta parte es t\u00e9cnica y entretenida. Mucho flow\u00bb, destaca. Continu\u00f3 hasta <strong>Valldemossa<\/strong>, descendiendo despu\u00e9s hacia el <strong>Port des Canonge<\/strong>.<\/p>\n<p class=\"ft-text\">Despu\u00e9s lleg\u00f3 uno de sus senderos favoritos, <strong>sa Volta des General<\/strong>, antes de afrontar una exigente subida. Los pasos por <strong>es Grau<\/strong> y <strong>sa Trapa<\/strong> fueron agotadores. \u00abNo hab\u00eda descansado ni subiendo ni bajando. Muy roto todo. Pero tuvo su recompensa. En <strong>Sant Elm<\/strong> el sol empez\u00f3 a caer\u2026 es un privilegio para los sentidos\u00bb, relata.<\/p>\n<p><img decoding=\"async\" src=\"https:\/\/www.europesays.com\/es\/wp-content\/uploads\/2025\/11\/81e09ab5-e8de-4027-a211-5e0b04b31094_alta-libre-aspect-ratio_default_0_x1149y832.jpg\" width=\"1200\" height=\"1200\" alt=\"Esteban Chaves, en uno de los parones para el avituallamiento\" class=\"ft-helper-img-rd\" loading=\"lazy\"\/><\/p>\n<p class=\"ft-helper-fontColor-quaternary ft-helper-fontSize-body-S ft-helper-spacer-t-xxs\">Esteban Chaves, en uno de los parones para el avituallamiento  \/ @stevanchaves<\/p>\n<p>El desaf\u00edo de la noche y la niebla<\/p>\n<p class=\"ft-text\">Chaves apret\u00f3 el ritmo hacia <strong>Andratx<\/strong> y <strong>Calvi\u00e0<\/strong> para alcanzar <strong>na Burguesa<\/strong> con la \u00faltima luz del d\u00eda. \u00abCoron\u00e9 en pleno atardecer. Incre\u00edbles las vistas de la <strong>bah\u00eda de Palma<\/strong>. Fue un momento m\u00e1gico\u00bb, asegura.<\/p>\n<p class=\"ft-text\">Atraves\u00f3 el <strong>passeig Mar\u00edtim de Palma<\/strong>, con la <strong>Catedral<\/strong> \u00abincre\u00edble de noche\u00bb. El tramo hacia <strong>s\u2019Arenal<\/strong> se complic\u00f3 por un viento fort\u00edsimo que dificultaba mantener el equilibrio.<\/p>\n<p class=\"ft-text\">La parte m\u00e1s t\u00e9cnica y desolada lleg\u00f3 en la zona militar de <strong>Cap Blanc<\/strong> y su faro. \u00abFue muy duro por el viento y el terreno&#8230; muy marciano\u00bb, explica. La navegaci\u00f3n en <strong>Cala Pi<\/strong> tampoco fue sencilla: orientarse entre calas y espigones se complic\u00f3. \u00abY por mojarme por el fuerte oleaje\u00bb, a\u00f1ade.<\/p>\n<blockquote class=\"ft-mol-quote\" data-aida-quote=\"\"><p> \u00abHab\u00eda una niebla muy espesa que no me dejaba ver a un metro. En ese tramo tuve mucho fr\u00edo, estaba totalmente calado y hab\u00eda mucha humedad\u00bb<\/p><\/blockquote>\n<p class=\"ft-text\">Desde <strong>Santany\u00ed<\/strong>, la ruta se hizo m\u00e1s amigable hasta <strong>Mondrag\u00f3<\/strong>, donde la climatolog\u00eda volvi\u00f3 a jugar en su contra.<strong> <\/strong>\u00abHab\u00eda una niebla muy espesa que no me dejaba ver a un metro. En ese tramo tuve mucho fr\u00edo, estaba totalmente calado y hab\u00eda mucha humedad\u00bb, recuerda. Los kil\u00f3metros se hicieron eternos hasta que, en <strong>Portocolom<\/strong>, lleg\u00f3 la ayuda de <strong>Estelle<\/strong>, de Tracks Mallorca. Fue providencial. Tras su llamada de socorro, pudo reponer fuerzas y entrar en calor: \u00abTras diez minutos con la calefacci\u00f3n a tope e la furgoneta, pude seguir y llegar a <strong>Cala Magraner<\/strong> con un ritmo muy alto\u00bb.<\/p>\n<p class=\"ft-text\">La luz regres\u00f3 subiendo <strong>els Presos<\/strong>: \u00abOtro momento m\u00e1gico. A m\u00ed los amaneceres me dan energ\u00eda mental\u00bb. Con el nuevo d\u00eda, mantuvo vivo el ritmo hasta <strong>Porto Cristo<\/strong> y <strong>Son Servera<\/strong>. En <strong>Art\u00e0<\/strong>, tras recorrer la <strong>Via Verda<\/strong>, el viento le dio una tregua. Pero la calma termin\u00f3 al coronar <strong>Betlem<\/strong>, donde el descenso fue complicado. La fatiga hizo dif\u00edcil \u00abbajar hasta la <strong>Col\u00f2nia de Sant Pere<\/strong>\u00bb.<\/p>\n<p class=\"ft-text\">\u00abEra un torrente en vertical. Tocaba hacer la \u00faltima parte de la costa por la playa\u00bb, explica Chaves, quien ya est\u00e1 de nuevo en Suiza. Los \u00faltimos kil\u00f3metros fueron un \u00abcalvario sobre arena suelta\u00bb que exigi\u00f3 \u00abmucha concentraci\u00f3n y t\u00e9cnica para poder avanzar\u00bb. El broche final lo puso otra vez el viento, que volvi\u00f3 a soplar de cara.<\/p>\n<p class=\"ft-text\">Finalmente, <strong>Esteban Chaves<\/strong> complet\u00f3 su gesta regresando a <strong>Can Picafort<\/strong>, <strong>408 kil\u00f3metros y 7.600 metros de desnivel despu\u00e9s<\/strong>, tras <strong>33 horas y 45 minutos de pedaleo casi ininterrumpido<\/strong>. \u00abSin duda, una locura que se ha convertido en una aventura inolvidable\u00bb, concluye.<\/p>\n<p data-close=\"closedContent\" class=\"subscribeHideForDisplay\">Suscr\u00edbete para seguir leyendo<\/p>\n","protected":false},"excerpt":{"rendered":"El mallorqu\u00edn Esteban Chaves, afincado en Suiza, cerr\u00f3 un hito desconocido hasta la fecha en la isla: completar&hellip;\n","protected":false},"author":2,"featured_media":219316,"comment_status":"","ping_status":"","sticky":false,"template":"","format":"standard","meta":{"footnotes":""},"categories":[273],"tags":[58578,313,312,168,3973,25,24,5215,1491,2457,24500,23,167],"class_list":{"0":"post-219315","1":"post","2":"type-post","3":"status-publish","4":"format-standard","5":"has-post-thumbnail","7":"category-ciclismo","8":"tag-58578","9":"tag-ciclismo","10":"tag-cycling","11":"tag-deportes","12":"tag-dj","13":"tag-es","14":"tag-espana","15":"tag-kilometros","16":"tag-locura","17":"tag-mallorca","18":"tag-prestigio","19":"tag-spain","20":"tag-sports"},"share_on_mastodon":{"url":"https:\/\/pubeurope.com\/@es\/115495612442694047","error":""},"_links":{"self":[{"href":"https:\/\/www.europesays.com\/es\/wp-json\/wp\/v2\/posts\/219315","targetHints":{"allow":["GET"]}}],"collection":[{"href":"https:\/\/www.europesays.com\/es\/wp-json\/wp\/v2\/posts"}],"about":[{"href":"https:\/\/www.europesays.com\/es\/wp-json\/wp\/v2\/types\/post"}],"author":[{"embeddable":true,"href":"https:\/\/www.europesays.com\/es\/wp-json\/wp\/v2\/users\/2"}],"replies":[{"embeddable":true,"href":"https:\/\/www.europesays.com\/es\/wp-json\/wp\/v2\/comments?post=219315"}],"version-history":[{"count":0,"href":"https:\/\/www.europesays.com\/es\/wp-json\/wp\/v2\/posts\/219315\/revisions"}],"wp:featuredmedia":[{"embeddable":true,"href":"https:\/\/www.europesays.com\/es\/wp-json\/wp\/v2\/media\/219316"}],"wp:attachment":[{"href":"https:\/\/www.europesays.com\/es\/wp-json\/wp\/v2\/media?parent=219315"}],"wp:term":[{"taxonomy":"category","embeddable":true,"href":"https:\/\/www.europesays.com\/es\/wp-json\/wp\/v2\/categories?post=219315"},{"taxonomy":"post_tag","embeddable":true,"href":"https:\/\/www.europesays.com\/es\/wp-json\/wp\/v2\/tags?post=219315"}],"curies":[{"name":"wp","href":"https:\/\/api.w.org\/{rel}","templated":true}]}}