{"id":219321,"date":"2025-11-05T06:15:10","date_gmt":"2025-11-05T06:15:10","guid":{"rendered":"https:\/\/www.europesays.com\/es\/219321\/"},"modified":"2025-11-05T06:15:10","modified_gmt":"2025-11-05T06:15:10","slug":"rosalia-publica-durante-unos-minutos-reliquia-el-segundo-tema-de-su-nuevo-disco","status":"publish","type":"post","link":"https:\/\/www.europesays.com\/es\/219321\/","title":{"rendered":"Rosal\u00eda publica durante unos minutos &#8216;Reliquia&#8217;, el segundo tema de su nuevo disco"},"content":{"rendered":"<p style=\"\">Rosal\u00eda ha publicado este martes por la tarde <strong>la canci\u00f3n &#8216;Reliquia&#8217;<\/strong>, el segundo avance de su nuevo disco, &#8216;Lux&#8217;, cuya salida estaba prevista para antes de este viernes (cuando se lanza el \u00e1lbum), pero debido a <strong>un error cometido por la discogr\u00e1fica de la <\/strong> &#8230; <strong>artista, Columbia Records<\/strong>, cuya matriz est\u00e1 en Estados Unidos, ha visto la luz antes de tiempo. El tema ha permanecido durante unos minutos en la plataforma Spotify para desaparecer despu\u00e9s.<\/p>\n<p class=\"voc-p\" style=\"\">Esta publicaci\u00f3n se produce <strong>tres d\u00edas antes de la fecha oficial se publicaci\u00f3n del \u00e1lbum<\/strong>. Llega despu\u00e9s del lanzamiento del primer avance del nuevo disco, &#8216;Berghain&#8217;, junto a Bj\u00f6rk e Yves Tumor, el pasado 27 de octubre.<\/p>\n<p class=\"voc-p\" style=\"\">Debido a lo ef\u00edmero de la presencia del tema en Spotify, muchos fans han comentado lo extra\u00f1o del incidente. \u00abVi que estaba Reliquia de Rosal\u00eda ya disponible en Spotify y en lo que me puse los audifonos desapareci\u00f3\u00bb, ha escrito un usuario en Twitter, donde otro bromeaba: \u00abEl concepto de Reliquia es que fue para los que estuvieron en el momento, si no llegaste morir\u00e1s con la duda\u00bb.<\/p>\n<p class=\"voc-p\" style=\"\">Otros incluso pon\u00edan en cuuesti\u00f3n que se tratase de un error: \u00abDudo que lo de Reliquia haya sido un error cuando la letra versa sobre llevar su recuerdo. Nada en esta promo es accidental\u00bb, dec\u00eda otra persona en la misma red social. En cualquier caso, la filtraci\u00f3n de &#8216;Reliquia&#8217; dur\u00f3 alrededor de una hora, pero fue tiempo m\u00e1s que suficiente para que varios fans grabaran el tema para despu\u00e9s compartirlo en las redes sociales.<\/p>\n<p class=\"voc-p\" style=\"\">Los seguidores de Rosal\u00eda tambi\u00e9n han podido ver los cr\u00e9ditos de composici\u00f3n de la canci\u00f3n, donde figuran siete autores incluyendo al estadounidense Ryan Tedder, miembro de OneRepublic y uno de los grandes &#8216;hitmakers&#8217; de la industria musical actual.<\/p>\n<p class=\"voc-p\" style=\"\"><strong>La letra de &#8216;Reliquia&#8217; tambi\u00e9n ha sido ya capturada por los fans<\/strong>, y parece ser un homenaje a todos los lugares que han cambiado personalmente a Rosal\u00eda: \u00abYo que perd\u00ed mis manos en Jerez y mis ojos en Roma \/ Crec\u00ed y el descaro lo aprend\u00ed por ah\u00ed por Barcelona \/ Perd\u00ed mi lengua en Par\u00eds, mi tiempo en LA \/ Los heels en Mil\u00e1n, la sonrisa en UK \/ Pero mi coraz\u00f3n nunca ha sido m\u00edo, yo siempre lo doy\u00bb, arranca el tema. <\/p>\n<p class=\"voc-p\" style=\"\">La canci\u00f3n contin\u00faa: \u00abCoge un trozo de m\u00ed, qu\u00e9datelo pa&#8217; cuando no est\u00e9 \/ Ser\u00e9 tu reliquia \/ Soy tu reliquia \/ Ser\u00e9 tu reliquia \/ Perd\u00ed la fe en DC, y la amiga en Bangkok \/ Un mal amor en Madrid, y en Mexico el blunt \/ La mala hostia en Berl\u00edn y el arte \u0435n Gran\u00e1&#8217; \/ En PR naci\u00f3 el coraje, pero \u0435l cielo naci\u00f3 en Buenos Aires \/ En Jap\u00f3n llor\u00e9 y mis pesta\u00f1as deshil\u00e9 \/ Y en la ciudad de Cristal fue que me trasquil\u00e9\u00bb.<\/p>\n<p class=\"voc-p\" style=\"\">Entonces la letra da un giro y parece que la protagonista vuelve a renacer: \u00abPero el pelo vuelve a crecer, la pureza tambi\u00e9n \/ La pureza est\u00e1 en m\u00ed y est\u00e1 en Marrakech \/ No, no, no soy una santa pero estoy blessed \/ Pero mi coraz\u00f3n nunca ha sido m\u00edo, yo siempre lo doy, ooh \/ Coge un trozo de m\u00ed, qu\u00e9datelo pa&#8217; cuando no est\u00e9 \/ Ser\u00e9 tu reliquia \/ Soy tu reliquia \/ Ser\u00e9 tu reliquia \/ Huyendo de aqu\u00ed, como hu\u00ed de Florida \/ Somos delfines saltando, saliendo y entrando \/ En el aro escarlata y brillante del tiempo \/ Es solo un momento, es solo un momento \/ Mar eterno y bravo, la eterna canci\u00f3n \/ Ni tiene salida ni tiene mi perd\u00f3n\u00bb.<\/p>\n<p class=\"voc-p\" style=\"\">Mientras tanto, el primer adelanto de &#8216;Lux&#8217;, la oper\u00edstica &#8216;Berghain&#8217;, ya ha alcanzado m\u00e1s de diecisiete millones de visualizaciones en YouTube desde su estreno y ha llegado a las <strong>23 millones de reproducciones en Spotify<\/strong>.<\/p>\n<p class=\"voc-p\" style=\"\">La prensa espa\u00f1ola todav\u00eda no puede opinar sobre &#8216;Lux&#8217; hasta el viernes, pero la cr\u00edtica extranjera <strong>se ha rendido a los pies de la cantante catalana<\/strong>. Tanto &#8216;Rolling Stone Brasil&#8217; como &#8216;The Guardian&#8217; le han otorgado un 5 de 5.<\/p>\n<p class=\"voc-p\" style=\"\">Los temas que lo componen se titulan Sexo, Violencia y Llantas, la reci\u00e9n publicada Reliquia, Divinize, Porcelana, Mio Cristo Piange Diamante, la ya escuchada Berghain, La Perla, Mundo Nuevo, De Madrug\u00e1, Dios Es Un Stalker, La Yugular, Sauvignon Blanc, La Rumba Del Perd\u00f3n, Mem\u00f3ria y Magnolias. Ha sido grabado con la Orquesta Sinf\u00f3nica de Londres, dirigida por Dan\u00edel Bjarnason, y, adem\u00e1s de Bj\u00f6rk e Yves Tumor, cuenta con voces femeninas como Carminho, Estrella Morente, Silvia P\u00e9rez Cruz, la Escolania de Montserrat, el Cor de Cambra del Palau de la M\u00fasica Catalana y Yahritza.<\/p>\n<p class=\"voc-p\" style=\"\">La cantante catalana estar\u00e1 presente este jueves en Barcelona en un evento privado para promover su nuevo disco. El viernes, en la misma noche del lanzamiento, actuar\u00e1 en la gala de LOS40 Music Awards Santander 2025, que se celebrar\u00e1 por primera vez en Valencia.<\/p>\n","protected":false},"excerpt":{"rendered":"Rosal\u00eda ha publicado este martes por la tarde la canci\u00f3n &#8216;Reliquia&#8217;, el segundo avance de su nuevo disco,&hellip;\n","protected":false},"author":2,"featured_media":219322,"comment_status":"","ping_status":"","sticky":false,"template":"","format":"standard","meta":{"footnotes":""},"categories":[174],"tags":[255,12019,146,147,25,24,256,1264,524,4500,58581,4147,1566,23,9732],"class_list":{"0":"post-219321","1":"post","2":"type-post","3":"status-publish","4":"format-standard","5":"has-post-thumbnail","7":"category-famosos","8":"tag-celebrities","9":"tag-disco","10":"tag-entertainment","11":"tag-entretenimiento","12":"tag-es","13":"tag-espana","14":"tag-famosos","15":"tag-minutos","16":"tag-nuevo","17":"tag-publica","18":"tag-reliquia","19":"tag-rosalia","20":"tag-segundo","21":"tag-spain","22":"tag-tema"},"share_on_mastodon":{"url":"https:\/\/pubeurope.com\/@es\/115495627820504177","error":""},"_links":{"self":[{"href":"https:\/\/www.europesays.com\/es\/wp-json\/wp\/v2\/posts\/219321","targetHints":{"allow":["GET"]}}],"collection":[{"href":"https:\/\/www.europesays.com\/es\/wp-json\/wp\/v2\/posts"}],"about":[{"href":"https:\/\/www.europesays.com\/es\/wp-json\/wp\/v2\/types\/post"}],"author":[{"embeddable":true,"href":"https:\/\/www.europesays.com\/es\/wp-json\/wp\/v2\/users\/2"}],"replies":[{"embeddable":true,"href":"https:\/\/www.europesays.com\/es\/wp-json\/wp\/v2\/comments?post=219321"}],"version-history":[{"count":0,"href":"https:\/\/www.europesays.com\/es\/wp-json\/wp\/v2\/posts\/219321\/revisions"}],"wp:featuredmedia":[{"embeddable":true,"href":"https:\/\/www.europesays.com\/es\/wp-json\/wp\/v2\/media\/219322"}],"wp:attachment":[{"href":"https:\/\/www.europesays.com\/es\/wp-json\/wp\/v2\/media?parent=219321"}],"wp:term":[{"taxonomy":"category","embeddable":true,"href":"https:\/\/www.europesays.com\/es\/wp-json\/wp\/v2\/categories?post=219321"},{"taxonomy":"post_tag","embeddable":true,"href":"https:\/\/www.europesays.com\/es\/wp-json\/wp\/v2\/tags?post=219321"}],"curies":[{"name":"wp","href":"https:\/\/api.w.org\/{rel}","templated":true}]}}