{"id":219350,"date":"2025-11-05T06:46:10","date_gmt":"2025-11-05T06:46:10","guid":{"rendered":"https:\/\/www.europesays.com\/es\/219350\/"},"modified":"2025-11-05T06:46:10","modified_gmt":"2025-11-05T06:46:10","slug":"una-finca-dos-aticos-y-una-empresa-con-activos-de-2-millones-de-euros","status":"publish","type":"post","link":"https:\/\/www.europesays.com\/es\/219350\/","title":{"rendered":"una finca, dos \u00e1ticos y una empresa con activos de 2 millones de euros"},"content":{"rendered":"<p class=\"paragraph\" data-end=\"312\" data-start=\"0\" id=\"paragraph_1\">Este mi\u00e9rcoles, 5 de noviembre, es un d\u00eda muy especial en la vida de\u00a0<a href=\"https:\/\/www.elespanol.com\/corazon\/famosos\/20251029\/eva-gonzalez-enamorada-romantico-beso-confirma-romance-nacho-trabajador-hosteleria\/1003743990449_0.html?utm_cmp_rs=linksinline\" rel=\"nofollow noopener\" target=\"_blank\"><strong>Eva Gonz\u00e1lez<\/strong><\/a>: la presentadora cumple 45 espl\u00e9ndidos a\u00f1os.\u00a0<\/p>\n<p class=\"paragraph\" data-end=\"312\" data-start=\"0\" id=\"paragraph_2\">La sevillana alcanza un a\u00f1o m\u00e1s de vida en uno de los momentos m\u00e1s plenos: con una <strong>carrera profesional consolidada<\/strong> y una faceta personal equilibrada tras su ruptura con <a href=\"https:\/\/www.elespanol.com\/corazon\/famosos\/20250817\/cayetano-rivera-auge-caida-torero-modelico-vive-peor-etapa-lios-policiales-sin-poder-decir-adios-ruedo\/1003743876812_0.html?utm_cmp_rs=linksinline\" rel=\"nofollow noopener\" target=\"_blank\"><strong data-end=\"309\" data-start=\"290\">Cayetano Rivera<\/strong><\/a> (48 a\u00f1os). La vida de Eva cambi\u00f3 para siempre tras ganar Miss Espa\u00f1a en 2003.<\/p>\n<p class=\"paragraph\" data-end=\"599\" data-start=\"314\" id=\"paragraph_3\">Desde entonces, su carrera no ha dejado de crecer y, en consecuencia, tambi\u00e9n lo ha hecho su <strong data-end=\"922\" data-start=\"881\">patrimonio inmobiliario y empresarial<\/strong>.\u00a0<\/p>\n<p><img loading=\"lazy\" decoding=\"async\" alt=\"Eva Gonz\u00e1lez y Nacho en un montaje de JALEOS.\" height=\"180\" src=\"https:\/\/www.europesays.com\/es\/wp-content\/uploads\/2025\/11\/1003743990557_259636566_320x180.jpg\" width=\"320\" data-lazy-status=\"processed\" data-lazy-info=\"remove loading item 1\"\/><\/p>\n<p><img decoding=\"async\" alt=\"Eva Gonz\u00e1lez en un acto p\u00fablico en Madrid.\" data-imgm=\"true\" height=\"180\" loading=\"lazy\"  src=\"https:\/\/www.europesays.com\/es\/wp-content\/uploads\/2025\/11\/1003743999400_259749447_1024x576.jpg\"  width=\"320\"\/><\/p>\n<p>                                                            Eva Gonz\u00e1lez en un acto p\u00fablico en Madrid.<\/p>\n<p>                    Gtres<\/p>\n<p class=\"paragraph\" data-end=\"874\" data-start=\"555\" id=\"paragraph_4\">La presentadora cuenta con un <strong data-end=\"707\" data-start=\"667\">patrimonio inmobiliario considerable<\/strong>, repartido principalmente entre Sevilla y la capital de Espa\u00f1a, al que se suma una serie de terrenos heredados y comprados a lo largo de su trayectoria profesional.<\/p>\n<p class=\"paragraph\" data-end=\"1229\" data-start=\"876\" id=\"paragraph_5\">En el a\u00f1o 2003, durante su reinado como <strong data-end=\"931\" data-start=\"916\">Miss Espa\u00f1a<\/strong>, adquiri\u00f3 un \u00e1tico de 61 metros cuadrados en Madrid.<\/p>\n<p class=\"paragraph\" data-end=\"1229\" data-start=\"876\" id=\"paragraph_6\">Se trata de una vivienda a la que le ha sacado rentabilidad con el paso del tiempo, ya que, a d\u00eda de hoy, est\u00e1 valorada en cerca de <strong data-end=\"1142\" data-start=\"1117\">medio mill\u00f3n de euros<\/strong>, siendo su residencia habitual cuando tiene compromisos profesionales en la capital.<\/p>\n<p class=\"paragraph\" data-end=\"1639\" data-start=\"1231\" id=\"paragraph_7\">A\u00f1os m\u00e1s tarde, durante su relaci\u00f3n con el que fuese padre de su hijo, la pareja compr\u00f3 una <strong data-end=\"1379\" data-start=\"1323\">finca de 1<\/strong>.<strong data-end=\"1379\" data-start=\"1323\">075 metros cuadrados en Mairena del Alcor<\/strong>, donde resid\u00edan a las afueras de Sevilla, concretamente en el Residencial Azucena.\u00a0<\/p>\n<p><img decoding=\"async\" alt=\"La entrada a la urbanizaci\u00f3n donde vive Eva Gonz\u00e1lez en Mairena de Alcor.\" data-imgm=\"true\" height=\"180\" loading=\"lazy\"  src=\"https:\/\/www.europesays.com\/es\/wp-content\/uploads\/2025\/11\/1003743999398_259748212_1024x576.jpg\"  width=\"320\"\/><\/p>\n<p>                                                            La entrada a la urbanizaci\u00f3n donde vive Eva Gonz\u00e1lez en Mairena de Alcor.<\/p>\n<p>                    EL ESPA\u00d1OL<\/p>\n<p class=\"paragraph\" data-end=\"1639\" data-start=\"1231\" id=\"paragraph_8\">Sin embargo, tras su ruptura, esta fue una de las propiedades por las que luch\u00f3 Gonz\u00e1lez en su divorcio, consiguiendo hacerse con el 50 % que le pertenec\u00eda a su entonces marido, compr\u00e1ndole esa parte de la vivienda.<\/p>\n<p class=\"paragraph\" data-end=\"1843\" data-start=\"1641\" id=\"paragraph_9\">De hecho, en este terreno situado en la ciudad andaluza es donde la presentadora pretende construir su <strong data-end=\"1768\" data-start=\"1744\">residencia principal<\/strong>, un proyecto que actualmente est\u00e1 parado, pero sigue en la mente de Eva.<\/p>\n<p class=\"paragraph\" data-end=\"2244\" data-start=\"1845\" id=\"paragraph_10\">Estas dos propiedades no son las \u00fanicas que forman parte del patrimonio inmobiliario de la presentadora.<\/p>\n<p class=\"paragraph\" data-end=\"2244\" data-start=\"1845\" id=\"paragraph_11\">Recientemente sali\u00f3 a la luz que Gonz\u00e1lez hab\u00eda adquirido un <strong data-end=\"2054\" data-start=\"2011\">exclusivo \u00e1tico en el centro de Sevilla<\/strong>, una vivienda que a\u00fan est\u00e1 en construcci\u00f3n, con terraza y vistas a la Giralda.<\/p>\n<p class=\"paragraph\" data-end=\"2244\" data-start=\"1845\" id=\"paragraph_12\">Este inmueble est\u00e1 valorado entre <strong data-end=\"2203\" data-start=\"2168\">700<\/strong>.<strong data-end=\"2203\" data-start=\"2168\">000 y 1<\/strong>,<strong data-end=\"2203\" data-start=\"2168\">2 millones de euros<\/strong>, dependiendo de las calidades finales.<\/p>\n<p><img decoding=\"async\" alt=\"Eva Gonz\u00e1lez en un acto p\u00fablico.\" data-imgm=\"true\" height=\"180\" loading=\"lazy\"  src=\"https:\/\/www.europesays.com\/es\/wp-content\/uploads\/2025\/11\/1003743999396_259748170_1024x576.jpg\"  width=\"320\"\/><\/p>\n<p>                                                            Eva Gonz\u00e1lez en un acto p\u00fablico.<\/p>\n<p>                    Gtres<\/p>\n<p class=\"paragraph\" data-end=\"2615\" data-start=\"2246\" id=\"paragraph_13\">La presentadora ha tenido tambi\u00e9n propiedades en la <strong data-end=\"2308\" data-start=\"2290\">costa gaditana<\/strong>, como un piso de 80 metros en <strong data-end=\"2363\" data-start=\"2339\">Conil de la Frontera<\/strong> que vendi\u00f3 recientemente, aunque se desconoce la cifra exacta.<\/p>\n<p class=\"paragraph\" data-end=\"2615\" data-start=\"2246\" id=\"paragraph_14\">Y, junto a su hermana, comparte <strong data-end=\"2508\" data-start=\"2459\">tres terrenos heredados en Alcal\u00e1 de Guada\u00edra<\/strong>: dos fincas r\u00fasticas (una de 45 hect\u00e1reas y otra de 5.700 metros) y una finca de secano de 60 hect\u00e1reas.<\/p>\n<p>Fortuna estimada<\/p>\n<p class=\"paragraph\" data-end=\"536\" data-start=\"128\" id=\"paragraph_15\">El grueso de su patrimonio se reparte entre sus <strong data-end=\"205\" data-start=\"176\">inversiones inmobiliarias<\/strong> y sus <strong data-end=\"237\" data-start=\"212\">activos empresariales<\/strong>. Eva Gonz\u00e1lez tiene una empresa, <strong data-end=\"295\" data-start=\"271\">Maviana Producciones<\/strong>, que constituy\u00f3 en el a\u00f1o 2003.<\/p>\n<p class=\"paragraph\" data-end=\"536\" data-start=\"128\" id=\"paragraph_16\">En 2019, las cifras publicadas databan su patrimonio neto en <strong data-end=\"415\" data-start=\"389\">1<\/strong>,<strong data-end=\"415\" data-start=\"389\">35 millones de euros<\/strong>, con <strong data-end=\"448\" data-start=\"421\">inversiones financieras<\/strong> por valor superior a <strong data-end=\"487\" data-start=\"470\">900<\/strong>.<strong data-end=\"487\" data-start=\"470\">000 euros<\/strong> y algo menos de <strong data-end=\"533\" data-start=\"504\">100<\/strong>.<strong data-end=\"533\" data-start=\"504\">000 euros en efectivo<\/strong>.<\/p>\n<p class=\"paragraph\" data-end=\"807\" data-start=\"538\" id=\"paragraph_17\">Sin embargo, seg\u00fan fuentes consultadas por EL ESPA\u00d1OL, la empresa, a fecha de 2024 en el Registro Mercantil, cifraba en <strong data-end=\"679\" data-start=\"660\">1<\/strong>.<strong data-end=\"679\" data-start=\"660\">577<\/strong>.<strong data-end=\"679\" data-start=\"660\">759 euros<\/strong> su activo total.<\/p>\n<p class=\"paragraph\" data-end=\"1245\" data-start=\"809\" id=\"paragraph_18\">La suma total de su fortuna, solo en propiedades e inversiones directas, <strong data-end=\"933\" data-start=\"882\">superar\u00eda ampliamente los dos millones de euros<\/strong>, especialmente tras sus adquisiciones inmobiliarias recientes y la consolidaci\u00f3n de sus activos en Andaluc\u00eda y Madrid.<\/p>\n","protected":false},"excerpt":{"rendered":"Este mi\u00e9rcoles, 5 de noviembre, es un d\u00eda muy especial en la vida de\u00a0Eva Gonz\u00e1lez: la presentadora cumple&hellip;\n","protected":false},"author":2,"featured_media":219351,"comment_status":"","ping_status":"","sticky":false,"template":"","format":"standard","meta":{"footnotes":""},"categories":[91],"tags":[146,147,25,24,2764,256,23],"class_list":{"0":"post-219350","1":"post","2":"type-post","3":"status-publish","4":"format-standard","5":"has-post-thumbnail","7":"category-entretenimiento","8":"tag-entertainment","9":"tag-entretenimiento","10":"tag-es","11":"tag-espana","12":"tag-eva-gonzalez","13":"tag-famosos","14":"tag-spain"},"share_on_mastodon":{"url":"https:\/\/pubeurope.com\/@es\/115495750165898616","error":""},"_links":{"self":[{"href":"https:\/\/www.europesays.com\/es\/wp-json\/wp\/v2\/posts\/219350","targetHints":{"allow":["GET"]}}],"collection":[{"href":"https:\/\/www.europesays.com\/es\/wp-json\/wp\/v2\/posts"}],"about":[{"href":"https:\/\/www.europesays.com\/es\/wp-json\/wp\/v2\/types\/post"}],"author":[{"embeddable":true,"href":"https:\/\/www.europesays.com\/es\/wp-json\/wp\/v2\/users\/2"}],"replies":[{"embeddable":true,"href":"https:\/\/www.europesays.com\/es\/wp-json\/wp\/v2\/comments?post=219350"}],"version-history":[{"count":0,"href":"https:\/\/www.europesays.com\/es\/wp-json\/wp\/v2\/posts\/219350\/revisions"}],"wp:featuredmedia":[{"embeddable":true,"href":"https:\/\/www.europesays.com\/es\/wp-json\/wp\/v2\/media\/219351"}],"wp:attachment":[{"href":"https:\/\/www.europesays.com\/es\/wp-json\/wp\/v2\/media?parent=219350"}],"wp:term":[{"taxonomy":"category","embeddable":true,"href":"https:\/\/www.europesays.com\/es\/wp-json\/wp\/v2\/categories?post=219350"},{"taxonomy":"post_tag","embeddable":true,"href":"https:\/\/www.europesays.com\/es\/wp-json\/wp\/v2\/tags?post=219350"}],"curies":[{"name":"wp","href":"https:\/\/api.w.org\/{rel}","templated":true}]}}