{"id":219354,"date":"2025-11-05T06:49:08","date_gmt":"2025-11-05T06:49:08","guid":{"rendered":"https:\/\/www.europesays.com\/es\/219354\/"},"modified":"2025-11-05T06:49:08","modified_gmt":"2025-11-05T06:49:08","slug":"un-nuevo-ataque-de-ee-uu-a-otro-barco-en-el-pacifico-deja-dos-muertos","status":"publish","type":"post","link":"https:\/\/www.europesays.com\/es\/219354\/","title":{"rendered":"Un nuevo ataque de EE.UU. a otro barco en el Pac\u00edfico deja dos muertos"},"content":{"rendered":"<p>      CNN<br \/>\n        \u00a0\u2014\u00a0<\/p>\n<p class=\"paragraph inline-placeholder vossi-paragraph\" data-uri=\"es.cms.cnn.com\/_components\/paragraph\/instances\/cmhl9r8ip004e26qkaq751va2@published\" data-editable=\"text\" data-component-name=\"paragraph\" data-article-gutter=\"true\">\n            Las Fuerzas Armadas de Estados Unidos llevaron a cabo este martes un ataque contra una embarcaci\u00f3n en el este del oc\u00e9ano Pac\u00edfico que dej\u00f3 dos muertos, inform\u00f3 el secretario de Defensa, Pete Hegseth.\n    <\/p>\n<p class=\"paragraph inline-placeholder vossi-paragraph\" data-uri=\"es.cms.cnn.com\/_components\/paragraph\/instances\/cmhl9twa6000a356nnl0uc8ke@published\" data-editable=\"text\" data-component-name=\"paragraph\" data-article-gutter=\"true\">\n            \u201cLa inteligencia confirm\u00f3 que la embarcaci\u00f3n estaba involucrada en el contrabando il\u00edcito de narc\u00f3ticos y transitaba por una ruta conocida de narcotr\u00e1fico transportando narc\u00f3ticos\u201d, dijo Hegseth en una publicaci\u00f3n en la red social X. Hegseth agreg\u00f3 que entre las fuerzas estadounidenses no hubo heridos y que la embarcaci\u00f3n fue atacada en aguas internacionales.\n    <\/p>\n<p class=\"paragraph inline-placeholder vossi-paragraph\" data-uri=\"es.cms.cnn.com\/_components\/paragraph\/instances\/cmhl9twa6000b356n0guwjnlg@published\" data-editable=\"text\" data-component-name=\"paragraph\" data-article-gutter=\"true\">\n            El de este martes constituye el decimosexto ataque militar conocido de Estados Unidos contra embarcaciones presuntamente dedicadas al contrabando de drogas. Las operaciones han matado a 67 personas a bordo de un total de 17 barcos.\n    <\/p>\n<p class=\"paragraph inline-placeholder vossi-paragraph\" data-uri=\"es.cms.cnn.com\/_components\/paragraph\/instances\/cmhl9twa6000c356nx7ssmobc@published\" data-editable=\"text\" data-component-name=\"paragraph\" data-article-gutter=\"true\">\n            El Gobierno de Trump ha informado al Congreso que Estados Unidos se encuentra ahora en un \u201cconflicto armado\u201d contra los c\u00e1rteles de la droga, con un primer ataque realizado el 2 de septiembre. El Gobierno califica a los muertos como \u201ccombatientes ilegales\u201d y reclama la capacidad de llevar a cabo ataques letales sin revisi\u00f3n judicial, debido a una conclusi\u00f3n clasificada del Departamento de Justicia.\n    <\/p>\n<p class=\"paragraph inline-placeholder vossi-paragraph\" data-uri=\"es.cms.cnn.com\/_components\/paragraph\/instances\/cmhl9twa6000d356nk7zs563v@published\" data-editable=\"text\" data-component-name=\"paragraph\" data-article-gutter=\"true\">\n            El Gobierno comenz\u00f3 a atacar embarcaciones en el este del oc\u00e9ano Pac\u00edfico a finales de octubre en lo que pareci\u00f3 marcar una expansi\u00f3n de su campa\u00f1a, ya que ataques anteriores hab\u00edan tenido como objetivo embarcaciones en el mar Caribe.\n    <\/p>\n","protected":false},"excerpt":{"rendered":"CNN \u00a0\u2014\u00a0 Las Fuerzas Armadas de Estados Unidos llevaron a cabo este martes un ataque contra una embarcaci\u00f3n&hellip;\n","protected":false},"author":2,"featured_media":219355,"comment_status":"","ping_status":"","sticky":false,"template":"","format":"standard","meta":{"footnotes":""},"categories":[42],"tags":[5608,17,18,629,13,14,11,61,62,63,64,19,20,9,10,15,16,56583,12,21,22,65,66,67],"class_list":{"0":"post-219354","1":"post","2":"type-post","3":"status-publish","4":"format-standard","5":"has-post-thumbnail","7":"category-internacional","8":"tag-ataques","9":"tag-breaking-news","10":"tag-breakingnews","11":"tag-estados-unidos","12":"tag-featured-news","13":"tag-featurednews","14":"tag-headlines","15":"tag-internacional","16":"tag-international","17":"tag-international-news","18":"tag-internationalnews","19":"tag-latest-news","20":"tag-latestnews","21":"tag-news","22":"tag-noticias","23":"tag-noticias-destacadas","24":"tag-noticiasdestacadas","25":"tag-oceano-pacifico","26":"tag-titulares","27":"tag-ultimas-noticias","28":"tag-ultimasnoticias","29":"tag-world","30":"tag-world-news","31":"tag-worldnews"},"share_on_mastodon":{"url":"https:\/\/pubeurope.com\/@es\/115495761594028422","error":""},"_links":{"self":[{"href":"https:\/\/www.europesays.com\/es\/wp-json\/wp\/v2\/posts\/219354","targetHints":{"allow":["GET"]}}],"collection":[{"href":"https:\/\/www.europesays.com\/es\/wp-json\/wp\/v2\/posts"}],"about":[{"href":"https:\/\/www.europesays.com\/es\/wp-json\/wp\/v2\/types\/post"}],"author":[{"embeddable":true,"href":"https:\/\/www.europesays.com\/es\/wp-json\/wp\/v2\/users\/2"}],"replies":[{"embeddable":true,"href":"https:\/\/www.europesays.com\/es\/wp-json\/wp\/v2\/comments?post=219354"}],"version-history":[{"count":0,"href":"https:\/\/www.europesays.com\/es\/wp-json\/wp\/v2\/posts\/219354\/revisions"}],"wp:featuredmedia":[{"embeddable":true,"href":"https:\/\/www.europesays.com\/es\/wp-json\/wp\/v2\/media\/219355"}],"wp:attachment":[{"href":"https:\/\/www.europesays.com\/es\/wp-json\/wp\/v2\/media?parent=219354"}],"wp:term":[{"taxonomy":"category","embeddable":true,"href":"https:\/\/www.europesays.com\/es\/wp-json\/wp\/v2\/categories?post=219354"},{"taxonomy":"post_tag","embeddable":true,"href":"https:\/\/www.europesays.com\/es\/wp-json\/wp\/v2\/tags?post=219354"}],"curies":[{"name":"wp","href":"https:\/\/api.w.org\/{rel}","templated":true}]}}