{"id":219356,"date":"2025-11-05T06:50:09","date_gmt":"2025-11-05T06:50:09","guid":{"rendered":"https:\/\/www.europesays.com\/es\/219356\/"},"modified":"2025-11-05T06:50:09","modified_gmt":"2025-11-05T06:50:09","slug":"las-memorias-del-emerito-irrumpen-en-plenos-preparativos-del-50o-aniversario-de-la-monarquia-espana","status":"publish","type":"post","link":"https:\/\/www.europesays.com\/es\/219356\/","title":{"rendered":"Las memorias del em\u00e9rito irrumpen en plenos preparativos del 50\u00ba aniversario de la monarqu\u00eda | Espa\u00f1a"},"content":{"rendered":"<p class=\"\">Las librer\u00edas en Francia levantar\u00e1n la persiana este mi\u00e9rcoles con un esperado ejemplar: Reconciliaci\u00f3n (Stock, 2025). Pese a que la semana pasada se empezaron a filtrar algunos extractos del libro de memorias de Juan Carlos I, hoy el p\u00fablico ya podr\u00e1 desgranar a lo largo de m\u00e1s de 500 p\u00e1ginas lo que fue la vida de Juan Carlos I, desde su infancia en el exilio hasta su retiro voluntario en Abu Dabi, pasando por episodios trascendentales en la historia del pa\u00eds como la Transici\u00f3n, el 23-F o su abdicaci\u00f3n. <\/p>\n<p class=\"\">Para comprar el libro en Espa\u00f1a y en espa\u00f1ol, sin embargo, habr\u00e1 que esperar hasta el 3 de diciembre, cuando la editorial Planeta lo publique dejando pasar as\u00ed la celebraci\u00f3n del 50\u00ba aniversario de la monarqu\u00eda parlamentaria. Unos fastos a los que La Zarzuela, en previsi\u00f3n del c\u00f3ctel que representa todo esto, no ha invitado al que fuera su m\u00e1ximo representante durante casi cuatro d\u00e9cadas. A lo anterior, adem\u00e1s, se suma que Juan Carlos I se encuentra de regatas en Sanxenxo (Galicia), lo cual genera una mayor expectaci\u00f3n a las posibles reacciones que desate la publicaci\u00f3n. En La Zarzuela ya avisan: no se habla del tema. <\/p>\n<p class=\"\">El libro tiene siete partes, en las primeras el em\u00e9rito aborda el primer drama que irrumpe en su vida y que le \u201cmarcar\u00e1 para siempre\u201d, <a href=\"https:\/\/elpais.com\/gente\/2023-07-18\/como-mato-juan-carlos-i-a-su-hermano-un-documental-reaviva-el-interes-por-la-misteriosa-muerte-de-alfonso-de-borbon.html\" target=\"_self\" rel=\"nofollow noopener\" title=\"https:\/\/elpais.com\/gente\/2023-07-18\/como-mato-juan-carlos-i-a-su-hermano-un-documental-reaviva-el-interes-por-la-misteriosa-muerte-de-alfonso-de-borbon.html\">la muerte de su hermano mayor, Alfonso de Borb\u00f3n, mientras ambos jugaban con un arma<\/a>. \u201cNo me gustaba hablar de ello y es la primera vez que lo hago\u201d, escribe. \u201cNo ten\u00edamos ni idea de que quedaba una bala en la rec\u00e1mara (\u2026) Muri\u00f3 en los brazos de mi padre. Hay un antes y un despu\u00e9s. Me resulta todav\u00eda dif\u00edcil hablar de ello y pienso en ello todos los d\u00edas (&#8230;) Sin su muerte, mi vida habr\u00eda sido menos oscura, menos desgraciada\u201d, escribe. <\/p>\n<p class=\"\">Los recuerdos de Juan Carlos I comienzan en Portugal, donde viv\u00eda exiliado con su familia. Franco envi\u00f3 a Lisboa su vag\u00f3n personal \u2015el mismo en el que el dictador espa\u00f1ol fue a visitar a Adolf Hitler en su famoso encuentro en Hendaya (Francia)\u2015 para que le recogiera y le llevara a Madrid, donde ingresar\u00eda en un internado. \u201cSent\u00ed un nudo en el est\u00f3mago, ya tan inquieto por ir a ese pa\u00eds que era el m\u00edo pero que no conoc\u00eda, del que apenas hablaba el idioma, sin ning\u00fan miembro de mi familia, hacia una nueva escuela que me intimidaba\u201d, recuerda el rey em\u00e9rito. Ah\u00ed comenz\u00f3 su contacto con Espa\u00f1a. Y con Franco.<\/p>\n<p class=\"\">Fue el general el que se empe\u00f1\u00f3 en que el que luego designar\u00eda como sucesor  no solo recibiera formaci\u00f3n militar en los tres ej\u00e9rcitos, sino tambi\u00e9n una educaci\u00f3n religiosa, pol\u00edtica e intelectual determinada, lo que para Juan Carlos significaba que Franco \u201cten\u00eda planes\u201d para \u00e9l. En el libro, el rey em\u00e9rito habla de su buena relaci\u00f3n con el dictador, casi paternofilial \u2015\u00e9l no ten\u00eda hijos varones\u2015, y escribe negro sobre blanco que, cuando Franco agonizaba, \u00e9l estaba \u201cconvencido\u201d de que ni sus \u201cpeores enemigos\u201d le deseaban semejante final. <\/p>\n<p class=\"\">Sin duda uno de los cap\u00edtulos m\u00e1s esperados de Reconciliaci\u00f3n es el del intento de golpe de Estado, pese a que no revele nada que ya no se sepa sobre la asonada militar del 23 de febrero de 1981. \u201cEs una de las noches de las que me acordar\u00e9 siempre. Y creo que tambi\u00e9n todos los espa\u00f1oles. Tengo a\u00fan dudas y preguntas sobre c\u00f3mo se desarrollaron los hechos y la implicaci\u00f3n de algunos. La \u00fanica certeza es que los militares intentaron, con las armas, burlar la joven democracia espa\u00f1ola, mi obra, y no pod\u00eda tolerarlo\u201d, escribe.<\/p>\n<p class=\"\">Cuenta Juan Carlos I que aquella noche un pr\u00edncipe de Asturias que ten\u00eda tan solo 13 a\u00f1os empez\u00f3 de verdad a prepararse como futuro Rey; tambi\u00e9n que el general Armada lo traicion\u00f3; o la famosa an\u00e9cdota de que cuando apareci\u00f3 en las televisiones de todos los espa\u00f1oles para frenar el golpe solo llevaba puesto la chaqueta verde militar de Capit\u00e1n de los Ej\u00e9rcitos y que el resto (pantalones, zapatos&#8230;) era vestimenta de civil. Es un dato que el propio Rey atribuye a la voluntad de no perder el tiempo en un contexto tan lleno de tensi\u00f3n. La realidad es que Juan Carlos I tard\u00f3 unas seis o siete horas en salir en la televisi\u00f3n desde que aquella tarde el teniente coronel de la Guardia Civil Antonio Tejero secuestr\u00f3 el Congreso de los Diputados hasta que se dirigi\u00f3 a la naci\u00f3n, a media noche. <\/p>\n<p class=\"\">El t\u00edtulo de sus memorias, Reconciliaci\u00f3n, no es casual. Juan Carlos I ha ido colocando el mensaje, a trav\u00e9s de la coautora Laurence Debray, de que su intenci\u00f3n es reconciliarse con su pa\u00eds. \u201cA trav\u00e9s de esas p\u00e1ginas he ido a lo esencial. He intentado que se me entienda mejor, se me conozca, y disipar los malos entendidos. Lo que m\u00e1s me importa es que la Corona me sobreviva y siga haciendo brillar a Espa\u00f1a, que el esp\u00edritu de la Transici\u00f3n que nos ha unido persista por el bien del pa\u00eds, donde querr\u00eda encontrar mi lugar\u201d, se lee en el libro.<\/p>\n<p class=\"\">Que permanezca su legado como jefe del Estado y mu\u00f1idor de una democracia avanzada frente a los esc\u00e1ndalos personales y financieros que acabaron con su reinado en 2014, cuando abdic\u00f3 en su hijo Felipe VI, es una de sus obsesiones. \u201cMedit\u00e9 esta decisi\u00f3n durante mucho tiempo sin confiarla a nadie. Una vez tomada, fue irrevocable\u201d, confiesa. \u201cLa Espa\u00f1a que dejaba (&#8230;) no ten\u00eda nada que ver con la Espa\u00f1a que hered\u00e9 en 1975\u2033, presume. As\u00ed que, ya con la \u201cconciencia tranquila\u201d y la instituci\u00f3n en manos del \u201cpr\u00edncipe heredero mejor preparado de Europa\u201d, dice, Juan Carlos I comenzaba una \u201cnueva etapa\u201d de su vida con el \u201cesp\u00edritu sereno\u201d.<\/p>\n<p class=\"\">Una tranquilidad que, sin embargo, explosion\u00f3 con el cap\u00edtulo de su vida personal: amantes, amigas \u00edntimas, regalos millonarios de las monarqu\u00edas del Golfo, donativos, una infanta en el banquillo, un yerno en prisi\u00f3n&#8230; Y as\u00ed, hasta que en verano de 2020, cuando el mundo estaba inmerso en plena pandemia de coronavirus, anunci\u00f3 que se marchaba de Espa\u00f1a.<\/p>\n<p class=\"\">El rey em\u00e9rito dice sentirse abandonado, herido, pero resignado en su retiro en soledad en la capital de Emiratos \u00c1rabes Unidos y critica la actitud personal como hijo, no como Rey, que tom\u00f3 Felipe VI al respecto.<\/p>\n<p class=\"\">\u2014\u00bfA d\u00f3nde vas, jefe? \u00bfA Londres? \u2014le pregunto Felipe VI.<\/p>\n<p class=\"\">\u2014No, a Abu Dabi.<\/p>\n<p class=\"\">\u2014Cu\u00eddate.<\/p>\n<p class=\"\">El rey em\u00e9rito lleva cinco a\u00f1os en Emiratos, aunque visita Espa\u00f1a de manera intermitente \u2015y cada vez con m\u00e1s frecuencia\u2015 para hacerse chequeos m\u00e9dicos en Vitoria y participar en regatas, fundamentalmente en Sanxenxo, desde donde hoy espera si, pese a todo, se consigue reconciliar, o no.<\/p>\n<p class=\"\">\u201cS\u00e9 que he podido decepcionar a algunos (\u2026) Lo he reconocido en estas p\u00e1ginas. No soy un santo\u00bb, concluye.<\/p>\n","protected":false},"excerpt":{"rendered":"Las librer\u00edas en Francia levantar\u00e1n la persiana este mi\u00e9rcoles con un esperado ejemplar: Reconciliaci\u00f3n (Stock, 2025). Pese a&hellip;\n","protected":false},"author":2,"featured_media":219357,"comment_status":"","ping_status":"","sticky":false,"template":"","format":"standard","meta":{"footnotes":""},"categories":[8],"tags":[17,18,6042,25,24,13,14,11,23487,19,20,225,16683,6041,9,10,15,16,23,12,21,22],"class_list":{"0":"post-219356","1":"post","2":"type-post","3":"status-publish","4":"format-standard","5":"has-post-thumbnail","7":"category-espana","8":"tag-breaking-news","9":"tag-breakingnews","10":"tag-casa-real","11":"tag-es","12":"tag-espana","13":"tag-featured-news","14":"tag-featurednews","15":"tag-headlines","16":"tag-juan-carlos-i","17":"tag-latest-news","18":"tag-latestnews","19":"tag-libros","20":"tag-memorias","21":"tag-monarquia","22":"tag-news","23":"tag-noticias","24":"tag-noticias-destacadas","25":"tag-noticiasdestacadas","26":"tag-spain","27":"tag-titulares","28":"tag-ultimas-noticias","29":"tag-ultimasnoticias"},"share_on_mastodon":{"url":"https:\/\/pubeurope.com\/@es\/115495765539509089","error":""},"_links":{"self":[{"href":"https:\/\/www.europesays.com\/es\/wp-json\/wp\/v2\/posts\/219356","targetHints":{"allow":["GET"]}}],"collection":[{"href":"https:\/\/www.europesays.com\/es\/wp-json\/wp\/v2\/posts"}],"about":[{"href":"https:\/\/www.europesays.com\/es\/wp-json\/wp\/v2\/types\/post"}],"author":[{"embeddable":true,"href":"https:\/\/www.europesays.com\/es\/wp-json\/wp\/v2\/users\/2"}],"replies":[{"embeddable":true,"href":"https:\/\/www.europesays.com\/es\/wp-json\/wp\/v2\/comments?post=219356"}],"version-history":[{"count":0,"href":"https:\/\/www.europesays.com\/es\/wp-json\/wp\/v2\/posts\/219356\/revisions"}],"wp:featuredmedia":[{"embeddable":true,"href":"https:\/\/www.europesays.com\/es\/wp-json\/wp\/v2\/media\/219357"}],"wp:attachment":[{"href":"https:\/\/www.europesays.com\/es\/wp-json\/wp\/v2\/media?parent=219356"}],"wp:term":[{"taxonomy":"category","embeddable":true,"href":"https:\/\/www.europesays.com\/es\/wp-json\/wp\/v2\/categories?post=219356"},{"taxonomy":"post_tag","embeddable":true,"href":"https:\/\/www.europesays.com\/es\/wp-json\/wp\/v2\/tags?post=219356"}],"curies":[{"name":"wp","href":"https:\/\/api.w.org\/{rel}","templated":true}]}}