{"id":219390,"date":"2025-11-05T07:27:08","date_gmt":"2025-11-05T07:27:08","guid":{"rendered":"https:\/\/www.europesays.com\/es\/219390\/"},"modified":"2025-11-05T07:27:08","modified_gmt":"2025-11-05T07:27:08","slug":"maria-del-monte-se-come-a-david-broncano-el-mundo","status":"publish","type":"post","link":"https:\/\/www.europesays.com\/es\/219390\/","title":{"rendered":"Mar\u00eda del Monte se come a David Broncano &#8211; El Mundo"},"content":{"rendered":"<ol>\n<li><a href=\"https:\/\/news.google.com\/rss\/articles\/CBMiiwFBVV95cUxNSGoweklxWFVDZGFfQWlxbmUtTDA2T1htRGk4VElUMFZmT1hiY0VodTB6X1Rzcm03WHhlZDdRZEtGQ1ZZeEFoWHNFWGtwMklMMjltOVcwa0NBV3p5dHQydUFxWDJtNlRkX2lmUVdFLTQ4VDduUHhFbGl1VXBXX09lTkgzaDNuQXctRXpR0gGLAUFVX3lxTE8xOHdNRWhnYkxwTE1nSVJDRDlQQlN6RGpaNEhyUHJjQ2t6SXJiR3V6WGNuM0I4U0hLVXZEeUpzWnoxXy1KRkZIdkIwaFd3UHpZRTJnd0o5d0dDRjNBWDVLTEFoeTV6ajlWVWFHOF9wcFJiZzhvaTF1UTM3NHphQV9xQ0doR3hkbUczU1k?oc=5\" target=\"_blank\" rel=\"nofollow noopener\">Mar\u00eda del Monte se come a David Broncano<\/a>&nbsp;&nbsp;El Mundo<\/li>\n<li><a href=\"https:\/\/news.google.com\/rss\/articles\/CBMihAFBVV95cUxPNzhDTUFDT0d1RkdqQXE2N2tuRDFxOG54TU8yX3hxMGdYbkdwcngtNlc1S2pPNHZHZUVtdVZCcUtmSDVtNnNFaDRHU0s3M0lVa1VTcHNKMXlueUVSRFJnYzlGcWxabnpNUjFveUV3RUhub3lhSzVBVWZ4LTRicGtoM3BNVG8?oc=5\" target=\"_blank\" rel=\"nofollow noopener\">\u00abHay cosas que no se cuentan\u00bb: Mar\u00eda del Monte frena a Broncano y se niega tajantemente a responder una pregunta<\/a>&nbsp;&nbsp;ABC<\/li>\n<li><a href=\"https:\/\/news.google.com\/rss\/articles\/CBMi9AFBVV95cUxQc1NaS1Rha29pcGdLTC1ORUpCTDlGT19SRWFVQTFJYVV0aE55MDVwb0M4VWZjaEUxZ3R1b2J3Q1ZJVWNramdWWDMySWcwekJNLUdmZ05CUmZJcGVHbElCNmU4NWM3eHBIa2ZFZXQ5ajJTeU9mN3dhYXRRQ1NteXZiRG5oMGdHQ0RjZURjZldzcjhWb2VVV2VMVk9ZYklzT3JZMnQ4NmplUHR1MlhWTkxlbVo0THVBS0NGSGZjQVpOOWZ6QVVqWkswM29EN0thQnZyZjVhdmFMQTBMZnJQb3FSSWFSZlhnMDlLa1dlVVdibWhCU0Zy?oc=5\" target=\"_blank\" rel=\"nofollow noopener\">El misterioso regalo que Mar\u00eda del Monte le entrega a Broncano en &#8216;La Revuelta&#8217;: \u00abEs para todo el equipo, que siempre te los quedas t\u00fa\u00bb<\/a>&nbsp;&nbsp;20Minutos<\/li>\n<li><a href=\"https:\/\/news.google.com\/rss\/articles\/CBMiwwFBVV95cUxNSldGandWLWlscE8yaWY2UEtOSl9qUTVmX0NkSkFmZWZlX3hISjVyT3YyU0g5c2l3NEdUbUN3VVVTaElrdk9XSG5IQjliQWhVc0pEM3Z5TW53b3dtangyNUlINFFMdmhhbU1fMWJTT0dtY3Q4OEVfc0RTdWhmOENHekthUzU2X3BwSVEzMzhadmJoX0RVbk45US04aUFFRnQ5Z1hFbDRsSGxkeGc3Xzd1cUllSE9sYmJjTEQ3Z2thVnJZbUnSAcMBQVVfeXFMTWFpX3AxVjJpMjYxR1N4eFE0WjBnYm9QRm8tOXptVGRPWUM2T2I5SkhJb3dNYzlkaWhfenE0Zjd2eE15X1R3S1RkTzk5R0pxYjBZZlZ4Tldreks5N3pwVkJBZFh5WnJIRTduMnlndElMcU5rUTNRNVo5MWtaLWZsRGdRaWJaTTNGd1Z1SmhxMWNGTGZCVXd3UzZYUFZpMk1lbGpxakxKOHE5aE12aU1XZTg0alhRYk9BQmZ4VHNNZ0FHclN3?oc=5\" target=\"_blank\" rel=\"nofollow noopener\">La llamativa confesi\u00f3n de Mar\u00eda del Monte: \u00abMe ducho todos los d\u00edas aunque no me haga falta\u00bb<\/a>&nbsp;&nbsp;MARCA<\/li>\n<li><a href=\"https:\/\/news.google.com\/rss\/articles\/CBMizgFBVV95cUxNMVA2anVveFpQSG54c3M5Vm8wOHE0UFo3eS00SXVfTTJZR2V5OTFBdGtLMmNtOXJMdVR4S2M5YS1qZS0xam00YU1teERjWm02YmlqM1g3bFJjanpadDF1Vnc5Y2hmSjFuTWN0dGVtY3gyMV9vUlY3R2U1c1hwOFNXaGJnUWpGNVE0ZzVKakFUay00clg0WmFacXdIU00wbVdvQkYwSVExZmY1Yy16RHQzY2tJejNjUmJ5N1dCMGU4NDE3OEhpdE4wc0U0MVBTUdIB0wFBVV95cUxNTm55bWkydkowNXB0aml0NlktMVphREU3dXJ4dlRhNzdtT1ZuajhkQnhZd1QxQVJ3UHRoSGcxektTa1djT2ZncjBNR2R0TDhqSE5TNGdkeTZ4TWk3RGVORjhOLUthWGNfY1l2cy1FZnZfQWNOckZHcmh3dlFWZzN0Qi1tRDBYZjlrZEVxd3I5OWY4SjZha210THVjbmpOanVMQmpBZDgyeGREXzdqUk9KOEl4SW5ZT2RHbS1ESzRFdTl6Vlpmc1ZpWW4tSk82QTFvUk9F?oc=5\" target=\"_blank\" rel=\"nofollow noopener\">Mar\u00eda del Monte, obligada a pronunciarse con Broncano (&#8216;La revuelta&#8217;) sobre el hist\u00f3rico v\u00eddeo viral que protagoniz\u00f3 en Canal Sur<\/a>&nbsp;&nbsp;El Confidencial<\/li>\n<\/ol>\n","protected":false},"excerpt":{"rendered":"Mar\u00eda del Monte se come a David Broncano&nbsp;&nbsp;El Mundo \u00abHay cosas que no se cuentan\u00bb: Mar\u00eda del Monte&hellip;\n","protected":false},"author":2,"featured_media":219391,"comment_status":"","ping_status":"","sticky":false,"template":"","format":"standard","meta":{"footnotes":""},"categories":[171],"tags":[9029,146,147,25,24,29956,35395,518,23,807,32358,214],"class_list":{"0":"post-219390","1":"post","2":"type-post","3":"status-publish","4":"format-standard","5":"has-post-thumbnail","7":"category-tv","8":"tag-david-broncano","9":"tag-entertainment","10":"tag-entretenimiento","11":"tag-es","12":"tag-espana","13":"tag-la-revuelta","14":"tag-maria-del-monte","15":"tag-rtve","16":"tag-spain","17":"tag-television","18":"tag-television-momentvs","19":"tag-tv"},"share_on_mastodon":{"url":"https:\/\/pubeurope.com\/@es\/115495911344300745","error":""},"_links":{"self":[{"href":"https:\/\/www.europesays.com\/es\/wp-json\/wp\/v2\/posts\/219390","targetHints":{"allow":["GET"]}}],"collection":[{"href":"https:\/\/www.europesays.com\/es\/wp-json\/wp\/v2\/posts"}],"about":[{"href":"https:\/\/www.europesays.com\/es\/wp-json\/wp\/v2\/types\/post"}],"author":[{"embeddable":true,"href":"https:\/\/www.europesays.com\/es\/wp-json\/wp\/v2\/users\/2"}],"replies":[{"embeddable":true,"href":"https:\/\/www.europesays.com\/es\/wp-json\/wp\/v2\/comments?post=219390"}],"version-history":[{"count":0,"href":"https:\/\/www.europesays.com\/es\/wp-json\/wp\/v2\/posts\/219390\/revisions"}],"wp:featuredmedia":[{"embeddable":true,"href":"https:\/\/www.europesays.com\/es\/wp-json\/wp\/v2\/media\/219391"}],"wp:attachment":[{"href":"https:\/\/www.europesays.com\/es\/wp-json\/wp\/v2\/media?parent=219390"}],"wp:term":[{"taxonomy":"category","embeddable":true,"href":"https:\/\/www.europesays.com\/es\/wp-json\/wp\/v2\/categories?post=219390"},{"taxonomy":"post_tag","embeddable":true,"href":"https:\/\/www.europesays.com\/es\/wp-json\/wp\/v2\/tags?post=219390"}],"curies":[{"name":"wp","href":"https:\/\/api.w.org\/{rel}","templated":true}]}}