{"id":219423,"date":"2025-11-05T07:54:07","date_gmt":"2025-11-05T07:54:07","guid":{"rendered":"https:\/\/www.europesays.com\/es\/219423\/"},"modified":"2025-11-05T07:54:07","modified_gmt":"2025-11-05T07:54:07","slug":"fue-como-lionel-messi-van-de-ven-recorre-90-metros-para-un-golazo-en-la-champions-2","status":"publish","type":"post","link":"https:\/\/www.europesays.com\/es\/219423\/","title":{"rendered":"&#8216;Fue como Lionel Messi&#8217;: Van de Ven recorre 90 metros para un golazo en la &#8216;Champions&#8217;"},"content":{"rendered":"\n<p>LONDRES\u00a0\u2014\u00a0Con una carrera zigzagueante de 90 metros, coronada por un remate certero, Micky van de Ven marc\u00f3 quiz\u00e1s el gol de la temporada en la Liga de Campeones.<\/p>\n<p>El defensor del Tottenham recogi\u00f3 el bal\u00f3n en el borde de su propia \u00e1rea y emprendi\u00f3 una deslumbrante carrera que lo llev\u00f3 a eludir a dos jugadores del Copenhague, antes de rodear a un tercero cerca de la l\u00ednea de medio campo.<\/p>\n<p>Avanz\u00f3 hacia el \u00e1rea rival y defini\u00f3 con un zurdazo combado a primer palo.<\/p>\n<p>La maravillosa jugada individual a los 64 minutos puso el marcador 3-0 a favor del Tottenham y represent\u00f3 el sexto gol de Van de Ven en lo que va de temporada.<\/p>\n<p>No est\u00e1 mal para un defensa central.<\/p>\n<p>\u201cPara ser sincero, vi un peque\u00f1o espacio frente a m\u00ed y pens\u00e9, \u2018bueno, empiezo a conducir ahora y veo si me alcanzan\u2019\u201d, dijo el internacional holand\u00e9s. \u201cVi el espacio cada vez m\u00e1s y m\u00e1s, y sent\u00ed que ya estaba sucediendo algo y fui por el gol.<\/p>\n<p>\u201cSimplemente sent\u00ed que pod\u00eda seguir y seguir. Y lo hice\u201d.<\/p>\n<p>El entrenador del Tottenham, Thomas Frank, fue pr\u00f3digo en sus elogios.<\/p>\n<p>\u201cDefinitivamente, \u00e9se podr\u00eda ser el gol de la temporada\u201d, afirm\u00f3 Frank. \u201cFue como si Lionel Messi se hubiera transformado en un defensa central\u201d.<\/p>\n<p>El Tottenham termin\u00f3 arrollando 4-0.<\/p>\n","protected":false},"excerpt":{"rendered":"LONDRES\u00a0\u2014\u00a0Con una carrera zigzagueante de 90 metros, coronada por un remate certero, Micky van de Ven marc\u00f3 quiz\u00e1s&hellip;\n","protected":false},"author":2,"featured_media":219424,"comment_status":"","ping_status":"","sticky":false,"template":"","format":"standard","meta":{"footnotes":""},"categories":[93],"tags":[29167,4860,1512,11681,58603,1616,168,25,24,3689,19211,3411,14236,23,167,1152,58604,21139,6174,36624],"class_list":{"0":"post-219423","1":"post","2":"type-post","3":"status-publish","4":"format-standard","5":"has-post-thumbnail","7":"category-deportes","8":"tag-area","9":"tag-carrera","10":"tag-central","11":"tag-champions","12":"tag-combado","13":"tag-defensa","14":"tag-deportes","15":"tag-es","16":"tag-espana","17":"tag-gol","18":"tag-golazo","19":"tag-lionel-messi","20":"tag-metro","21":"tag-spain","22":"tag-sports","23":"tag-temporada","24":"tag-thomas-frank","25":"tag-tottenham","26":"tag-van","27":"tag-ven"},"share_on_mastodon":{"url":"https:\/\/pubeurope.com\/@es\/115496017149597703","error":""},"_links":{"self":[{"href":"https:\/\/www.europesays.com\/es\/wp-json\/wp\/v2\/posts\/219423","targetHints":{"allow":["GET"]}}],"collection":[{"href":"https:\/\/www.europesays.com\/es\/wp-json\/wp\/v2\/posts"}],"about":[{"href":"https:\/\/www.europesays.com\/es\/wp-json\/wp\/v2\/types\/post"}],"author":[{"embeddable":true,"href":"https:\/\/www.europesays.com\/es\/wp-json\/wp\/v2\/users\/2"}],"replies":[{"embeddable":true,"href":"https:\/\/www.europesays.com\/es\/wp-json\/wp\/v2\/comments?post=219423"}],"version-history":[{"count":0,"href":"https:\/\/www.europesays.com\/es\/wp-json\/wp\/v2\/posts\/219423\/revisions"}],"wp:featuredmedia":[{"embeddable":true,"href":"https:\/\/www.europesays.com\/es\/wp-json\/wp\/v2\/media\/219424"}],"wp:attachment":[{"href":"https:\/\/www.europesays.com\/es\/wp-json\/wp\/v2\/media?parent=219423"}],"wp:term":[{"taxonomy":"category","embeddable":true,"href":"https:\/\/www.europesays.com\/es\/wp-json\/wp\/v2\/categories?post=219423"},{"taxonomy":"post_tag","embeddable":true,"href":"https:\/\/www.europesays.com\/es\/wp-json\/wp\/v2\/tags?post=219423"}],"curies":[{"name":"wp","href":"https:\/\/api.w.org\/{rel}","templated":true}]}}