{"id":219444,"date":"2025-11-05T08:12:15","date_gmt":"2025-11-05T08:12:15","guid":{"rendered":"https:\/\/www.europesays.com\/es\/219444\/"},"modified":"2025-11-05T08:12:15","modified_gmt":"2025-11-05T08:12:15","slug":"la-diputacion-adquiere-por-78-100-euros-una-escultura-de-la-loba-capitolina-que-sera-instalada-en-toledo","status":"publish","type":"post","link":"https:\/\/www.europesays.com\/es\/219444\/","title":{"rendered":"La Diputaci\u00f3n adquiere por 78.100 euros una escultura de la Loba Capitolina que ser\u00e1 instalada en Toledo"},"content":{"rendered":"<p class=\"paragraph\" id=\"paragraph_1\">La Diputaci\u00f3n de Toledo ha encargado al prestigioso escultor madrile\u00f1o \u00d3scar Alvari\u00f1o la creaci\u00f3n de<strong> una escultura en bronce y granito que representar\u00e1 a la Loba Capitolina amamantando a R\u00f3mulo y Remo<\/strong>. La obra <strong>se instalar\u00e1 en el entorno del Circo Romano<\/strong> de la capital toledana, donde el artista ya cuenta desde 2006 con otra estatua ic\u00f3nica y muy fotografiada: <a href=\"https:\/\/www.elespanol.com\/eldigitalcastillalamancha\/region\/toledo\/20220423\/estatua-miguel-cervantes-toledo-amanece-repleta-rosas\/667183342_0.html?utm_cmp_rs=linksinline\" title=\"La estatua de Miguel de Cervantes en Toledo amanece repleta de rosas rojas\" rel=\"nofollow noopener\" target=\"_blank\">el Cervantes<\/a> del Arco de la Sangre.<\/p>\n<p class=\"paragraph\" id=\"paragraph_2\">La escultura,<strong> adjudicada por 78.100 euros (IVA incluido) incluyendo su instalaci\u00f3n<\/strong>, forma parte de una serie de actuaciones destinadas a reforzar la promoci\u00f3n del legado romano en Toledo y su provincia, dentro del impulso a la candidatura de la capital como <a href=\"https:\/\/www.elespanol.com\/eldigitalcastillalamancha\/region\/toledo\/20251028\/espanol-castilla-la-mancha-adhiere-candidatura-toledo-ciudad-europea-cultura\/1003743989428_0.html?utm_cmp_rs=linksinline\" title=\"EL ESPA\u00d1OL de Castilla-La Mancha se adhiere a la candidatura de Toledo Ciudad Europea de la Cultura 2031\" rel=\"nofollow noopener\" target=\"_blank\">Capital Europea de la Cultura 2031<\/a>, seg\u00fan han informado fuentes de la instituci\u00f3n provincial.<\/p>\n<p class=\"paragraph\" id=\"paragraph_3\">La obra deber\u00e1<strong> ejecutarse en un plazo de cinco meses<\/strong> desde la firma del contrato, que fue adjudicado el pasado 18 de septiembre. Alvari\u00f1o fue el \u00fanico artista que concurri\u00f3 al proceso.<\/p>\n<p class=\"paragraph\" id=\"paragraph_4\">Las mismas fuentes han detallado que esta actuaci\u00f3n se enmarca en una <a href=\"https:\/\/www.elespanol.com\/eldigitalcastillalamancha\/region\/toledo\/20241226\/circo-romano-toledo-senales-interactivas-gracias-convenio-ayuntamiento-diputacion\/911658842_0.html?utm_cmp_rs=linksinline\" title=\"El circo romano de Toledo tendr\u00e1 se\u00f1ales interactivas gracias a un convenio entre Ayuntamiento y Diputaci\u00f3n\" rel=\"nofollow noopener\" target=\"_blank\">estrategia conjunta de la Diputaci\u00f3n y el Ayuntamiento de Toledo<\/a> para recuperar y poner en valor el patrimonio romano. Incluye, mediante un convenio rubricado entre ambas instituciones a finales de 2024, la <strong>instalaci\u00f3n de se\u00f1al\u00e9tica interactiva en el Circo Romano y la producci\u00f3n de una maqueta del monumento<\/strong>. Todo ello con el objetivo de impulsar la promoci\u00f3n cultural y tur\u00edstica del legado de Roma en Toledo.<\/p>\n<p class=\"paragraph\" id=\"paragraph_5\">La iniciativa llega en un momento de<strong> incertidumbre para el proyecto &#8216;Toledo Romano&#8217;, que el Ayuntamiento hab\u00eda dise\u00f1ado con el fin de convertir el Circo en un nuevo eje tur\u00edstico y espacio cultural<\/strong>.<\/p>\n<p class=\"paragraph\" id=\"paragraph_6\">El plan, valorado en 3,5 millones de euros, contemplaba la<strong> creaci\u00f3n de un Centro de Interpretaci\u00f3n del Toledo Romano en el actual cuartel de la Polic\u00eda Local<\/strong>, la mejora de los accesos al monumento y la recuperaci\u00f3n de los restos arqueol\u00f3gicos mediante trabajos de limpieza, consolidaci\u00f3n y restauraci\u00f3n.<\/p>\n<p class=\"paragraph\" id=\"paragraph_7\">El Consistorio toledano esperaba financiar este proyecto con los fondos europeos EDIL (Estrategia de Desarrollo Integrado Local), pero<strong> la ayuda no ha sido concedida por el Gobierno de Espa\u00f1a<\/strong>. La decisi\u00f3n ha generado <a cilmente=\"\" del=\"\" denegaci=\"\" dif=\"\" es=\"\" explicable=\"\" href=\"https:\/\/www.elespanol.com\/eldigitalcastillalamancha\/region\/toledo\/20251018\/director-consultora-fondos-europeos-toledo-dificilmente-explicable-denegacion-proyecto\/1003743972680_0.html?utm_cmp_rs=linksinline\" la=\"\" n=\"\" proyecto=\"\" title=\"El director de la consultora de fondos europeos de Toledo: \" rel=\"nofollow noopener\" target=\"_blank\">decepci\u00f3n en el Ayuntamiento<\/a>, que ha presentado alegaciones para intentar revertirla.<\/p>\n<p class=\"paragraph\" id=\"paragraph_8\">Sin esos fondos, <strong>queda en el aire la puesta en marcha del proyecto<\/strong> y las mejoras previstas en uno de los recintos romanos m\u00e1s grandes de Hispania. Este martes, durante su intervenci\u00f3n en el Debate sobre el Estado del Municipio, el alcalde Carlos Vel\u00e1zquez, asegur\u00f3 que, <strong>pese a la \u00abinjusticia\u00bb cometida en el reparto, seguir\u00e1n \u00abtrabajando en otras v\u00edas de financiaci\u00f3n\u00bb<\/strong> para sacar adelante las iniciativas planteadas.<\/p>\n<p class=\"paragraph\" id=\"paragraph_9\">Desde la Diputaci\u00f3n se\u00f1alan que la futura escultura de la Loba Capitolina contribuir\u00e1 a mantener viva esa l\u00ednea de trabajo.\u00bbLa Diputaci\u00f3n y los municipios con una historia vinculada a Roma deben<strong> unir esfuerzos para poner en valor ese pasado y diversificar los canales de atracci\u00f3n tur\u00edstica y cultural<\/strong>\u00ab, han indicado las mismas fuentes.<\/p>\n","protected":false},"excerpt":{"rendered":"La Diputaci\u00f3n de Toledo ha encargado al prestigioso escultor madrile\u00f1o \u00d3scar Alvari\u00f1o la creaci\u00f3n de una escultura en&hellip;\n","protected":false},"author":2,"featured_media":219445,"comment_status":"","ping_status":"","sticky":false,"template":"","format":"standard","meta":{"footnotes":""},"categories":[173],"tags":[58605,229,233,231,230,57478,232,234,146,147,25,1246,24,23,1952],"class_list":{"0":"post-219444","1":"post","2":"type-post","3":"status-publish","4":"format-standard","5":"has-post-thumbnail","7":"category-arte-y-diseno","8":"tag-antigua-roma","9":"tag-arte","10":"tag-arte-y-diseno","11":"tag-arts","12":"tag-arts-and-design","13":"tag-ayuntamiento-de-toledo","14":"tag-design","15":"tag-diseno","16":"tag-entertainment","17":"tag-entretenimiento","18":"tag-es","19":"tag-escultura","20":"tag-espana","21":"tag-spain","22":"tag-toledo"},"share_on_mastodon":{"url":"https:\/\/pubeurope.com\/@es\/115496087914997033","error":""},"_links":{"self":[{"href":"https:\/\/www.europesays.com\/es\/wp-json\/wp\/v2\/posts\/219444","targetHints":{"allow":["GET"]}}],"collection":[{"href":"https:\/\/www.europesays.com\/es\/wp-json\/wp\/v2\/posts"}],"about":[{"href":"https:\/\/www.europesays.com\/es\/wp-json\/wp\/v2\/types\/post"}],"author":[{"embeddable":true,"href":"https:\/\/www.europesays.com\/es\/wp-json\/wp\/v2\/users\/2"}],"replies":[{"embeddable":true,"href":"https:\/\/www.europesays.com\/es\/wp-json\/wp\/v2\/comments?post=219444"}],"version-history":[{"count":0,"href":"https:\/\/www.europesays.com\/es\/wp-json\/wp\/v2\/posts\/219444\/revisions"}],"wp:featuredmedia":[{"embeddable":true,"href":"https:\/\/www.europesays.com\/es\/wp-json\/wp\/v2\/media\/219445"}],"wp:attachment":[{"href":"https:\/\/www.europesays.com\/es\/wp-json\/wp\/v2\/media?parent=219444"}],"wp:term":[{"taxonomy":"category","embeddable":true,"href":"https:\/\/www.europesays.com\/es\/wp-json\/wp\/v2\/categories?post=219444"},{"taxonomy":"post_tag","embeddable":true,"href":"https:\/\/www.europesays.com\/es\/wp-json\/wp\/v2\/tags?post=219444"}],"curies":[{"name":"wp","href":"https:\/\/api.w.org\/{rel}","templated":true}]}}