{"id":219450,"date":"2025-11-05T08:16:13","date_gmt":"2025-11-05T08:16:13","guid":{"rendered":"https:\/\/www.europesays.com\/es\/219450\/"},"modified":"2025-11-05T08:16:13","modified_gmt":"2025-11-05T08:16:13","slug":"murcia-se-transforma-en-budapest-para-acoger-el-rodaje-de-f-a-s-t","status":"publish","type":"post","link":"https:\/\/www.europesays.com\/es\/219450\/","title":{"rendered":"Murcia se transforma en Budapest para acoger el rodaje de \u2018F.A.S.T.\u2019"},"content":{"rendered":"<p>Murcia se ha convertido estos d\u00edas en un aut\u00e9ntico escenario de <a target=\"_blank\" data-generated=\"auto\" href=\"https:\/\/www.la7tv.es\/tags\/cine\" rel=\"nofollow noopener\">cine<\/a>. El entorno de la Calle Traper\u00eda y la Plaza de la Cruz luce una imagen ins\u00f3lita: r\u00f3tulos en h\u00fangaro, banderas de <a target=\"_blank\" data-generated=\"auto\" href=\"https:\/\/www.la7tv.es\/tags\/hungria\" rel=\"nofollow noopener\">Hungr\u00eda<\/a> y escaparates reconvertidos en comercios centroeuropeos. La responsable de esta transformaci\u00f3n es la productora Warner Bros., que rueda parte de su nueva pel\u00edcula de acci\u00f3n F.A.S.T. en distintas localizaciones de la Regi\u00f3n. Este largometraje se estrenar\u00e1, seg\u00fan <a href=\"https:\/\/www.sensacine.com\/peliculas\/pelicula-1000024534\/\" rel=\"nofollow noopener\" target=\"_blank\">Sensacine<\/a>, en 2027.<\/p>\n<p>Una Budapest improvisada en el coraz\u00f3n\u00a0 de Murcia<\/p>\n<p>El ambiente en las calles del centro ha despertado la curiosidad de vecinos y turistas, sorprendidos al ver c\u00f3mo sus comercios habituales aparec\u00edan con nombres y letreros escritos en otro idioma. Farmacias, estancos y bares han cambiado por completo su apariencia para recrear una ciudad del este de Europa, presumiblemente Budapest. Incluso algunas calles han sido renombradas con carteles que aluden a personajes h\u00fangaros, y se han instalado banderas que confirman el gui\u00f1o al pa\u00eds magiar.<\/p>\n<p>Esta ambientaci\u00f3n ha atra\u00eddo a numerosos curiosos, m\u00f3viles en mano, para fotografiar la transformaci\u00f3n. Muchos de ellos destacan lo llamativo del despliegue t\u00e9cnico y la oportunidad de ver una producci\u00f3n internacional rod\u00e1ndose en pleno casco hist\u00f3rico de Murcia.<\/p>\n<p>Un reparto de primer nivel<\/p>\n<p>Tal y como muestra el portal web <a href=\"https:\/\/www.sensacine.com\/peliculas\/pelicula-1000024534\/\" rel=\"nofollow noopener\" target=\"_blank\">Sensacine<\/a>, F.A.S.T. est\u00e1 dirigida por Ben Richardson y escrita por Taylor Sheridan, creador de la serie Yellowstone. La pel\u00edcula narra la historia de un exmilitar de las fuerzas especiales reclutado por la DEA para capturar a un narcotraficante protegido por la CIA, una trama marcada por la intriga y la acci\u00f3n internacional.<\/p>\n<p>El reparto incluye nombres destacados como Brandon Sklenar (Rompiendo el c\u00edrculo), Jason Clarke (Oppenheimer, La noche m\u00e1s oscura) y Sam Claflin (Peaky Blinders, Los Juegos del Hambre). Sensacine a\u00f1ade adem\u00e1s que el estreno de esta pel\u00edcula se espera para 2027.<\/p>\n","protected":false},"excerpt":{"rendered":"Murcia se ha convertido estos d\u00edas en un aut\u00e9ntico escenario de cine. El entorno de la Calle Traper\u00eda&hellip;\n","protected":false},"author":2,"featured_media":219451,"comment_status":"","ping_status":"","sticky":false,"template":"","format":"standard","meta":{"footnotes":""},"categories":[169],"tags":[11165,177,146,147,25,24,176,3957,175,1478,23],"class_list":{"0":"post-219450","1":"post","2":"type-post","3":"status-publish","4":"format-standard","5":"has-post-thumbnail","7":"category-cine","8":"tag-budapest","9":"tag-cine","10":"tag-entertainment","11":"tag-entretenimiento","12":"tag-es","13":"tag-espana","14":"tag-film","15":"tag-hungria","16":"tag-movies","17":"tag-murcia","18":"tag-spain"},"share_on_mastodon":{"url":"https:\/\/pubeurope.com\/@es\/115496103803441681","error":""},"_links":{"self":[{"href":"https:\/\/www.europesays.com\/es\/wp-json\/wp\/v2\/posts\/219450","targetHints":{"allow":["GET"]}}],"collection":[{"href":"https:\/\/www.europesays.com\/es\/wp-json\/wp\/v2\/posts"}],"about":[{"href":"https:\/\/www.europesays.com\/es\/wp-json\/wp\/v2\/types\/post"}],"author":[{"embeddable":true,"href":"https:\/\/www.europesays.com\/es\/wp-json\/wp\/v2\/users\/2"}],"replies":[{"embeddable":true,"href":"https:\/\/www.europesays.com\/es\/wp-json\/wp\/v2\/comments?post=219450"}],"version-history":[{"count":0,"href":"https:\/\/www.europesays.com\/es\/wp-json\/wp\/v2\/posts\/219450\/revisions"}],"wp:featuredmedia":[{"embeddable":true,"href":"https:\/\/www.europesays.com\/es\/wp-json\/wp\/v2\/media\/219451"}],"wp:attachment":[{"href":"https:\/\/www.europesays.com\/es\/wp-json\/wp\/v2\/media?parent=219450"}],"wp:term":[{"taxonomy":"category","embeddable":true,"href":"https:\/\/www.europesays.com\/es\/wp-json\/wp\/v2\/categories?post=219450"},{"taxonomy":"post_tag","embeddable":true,"href":"https:\/\/www.europesays.com\/es\/wp-json\/wp\/v2\/tags?post=219450"}],"curies":[{"name":"wp","href":"https:\/\/api.w.org\/{rel}","templated":true}]}}