{"id":219495,"date":"2025-11-05T08:54:12","date_gmt":"2025-11-05T08:54:12","guid":{"rendered":"https:\/\/www.europesays.com\/es\/219495\/"},"modified":"2025-11-05T08:54:12","modified_gmt":"2025-11-05T08:54:12","slug":"naia-amondarain-e-idoia-eraso-amplian-su-contrato-con-laboral-kutxa-euskadi-hasta-2027","status":"publish","type":"post","link":"https:\/\/www.europesays.com\/es\/219495\/","title":{"rendered":"Naia Amondarain e Idoia Eraso ampl\u00edan su contrato con LABORAL Kutxa-Euskadi hasta 2027"},"content":{"rendered":"<p>\n        <strong>La guipuzcoana Naia Amondarain y la navarra Idoia Eraso<\/strong> seguir\u00e1n corriendo en el LABORAL Kutxa-Euskadi hasta 2027, lo cual refuerza el compromiso de la Fundaci\u00f3n Euskadi con el talento local y la proyecci\u00f3n de sus <a href=\"https:\/\/www.deia.eus\/tags\/ciclismo\/\" title=\"ciclistas\" class=\"link copy\" rel=\"nofollow noopener\" target=\"_blank\">ciclistas<\/a> a largo plazo.\n<\/p>\n<p class=\"article-body__text \">\n        El equipo vasco est\u00e1 perfectamente representado por las dos ciclistas de casa, que continuar\u00e1n su crecimiento en una estructura profesional que<strong> promueve su desarrollo en la \u00e9lite global <\/strong>del ciclismo femenino. Ambas lucir\u00e1n el maillot morado del equipo durante cinco y siete a\u00f1os, respectivamente, ya que se unieron a la escuadra en 2023 y 2021.\n<\/p>\n<p>  Declaraciones<\/p>\n<p class=\"article-body__text \">\n        \u201cCon esta renovaci\u00f3n voy a cumplir siete a\u00f1os en el equipo\u201d, dice Eraso. \u201cEste a\u00f1o ha sido muy bonito, ya que he podido debutar en el Tour de Francia; he podido conocer la verdadera dimensi\u00f3n del ciclismo al m\u00e1s alto nivel y ha sido muy ilusionante\u00bb, a\u00f1ade. <strong>Campeona de Espa\u00f1a sub-23,<\/strong> ha progresado a\u00f1o tras a\u00f1o y en 2025 alcanz\u00f3 el sue\u00f1o de debutar en el Tour de France Femmes, tras haber disputado cuatro ediciones de La Vuelta Femenina.\n<\/p>\n<p class=\"article-body__text \">\n        Naia Amondarain, por su parte, ha vivido un proceso de recuperaci\u00f3n ejemplar tras superar una lesi\u00f3n de cadera que la mantuvo fuera de competici\u00f3n durante todo 2023 y la mitad de 2024. \u00abEste a\u00f1o, he disfrutado mucho en general, aunque como todas las temporadas hay altibajos. He encontrado mi sitio en el equipo y eso me ha dado tranquilidad y tambi\u00e9n ganas de seguir mejorando. Tambi\u00e9n he intentado disfrutar de cada entrenamiento y cada competici\u00f3n, y creo que lo he conseguido. En ese sentido, d<strong>isputar el Giro de Italia, un sue\u00f1o que ten\u00eda desde peque\u00f1a<\/strong>, ha sido un espaldarazo para continuar trabajando\u00bb, asegura.\n<\/p>\n<p class=\"article-photo__footer\">\n            Naia Amondarain durante el Tour cycliste f\u00e9minin international de l&#8217;Ard\u00e8che (TCFIA) de 2025            EP        <\/p>\n<p class=\"article-body__text \">\n        El director deportivo del equipo, Ion Lazkano, ha valorado muy positivamente las renovaciones: \u201c<strong>Son dos corredoras vascas, de casa, que dan pasos cada a\u00f1o<\/strong>. As\u00ed que es una gran noticia que ambas renueven por las dos pr\u00f3ximas temporadas. Idoia lleva en la estructura casi desde el principio del proyecto y es un placer verla crecer a\u00f1o a a\u00f1o\u00bb, apunta.\n<\/p>\n<p class=\"article-body__text \">\n        \u00abEl mejor ejemplo es su participaci\u00f3n este a\u00f1o en el Tour. Igualmente, Naia ha debutado en una grande como el Giro. Despu\u00e9s de la lesi\u00f3n que tuvo, ha dado igualmente pasos adelante, con un calendario adecuado y ajustado\u201d, concluye Lazkano.<\/p>\n","protected":false},"excerpt":{"rendered":"La guipuzcoana Naia Amondarain y la navarra Idoia Eraso seguir\u00e1n corriendo en el LABORAL Kutxa-Euskadi hasta 2027, lo&hellip;\n","protected":false},"author":2,"featured_media":219496,"comment_status":"","ping_status":"","sticky":false,"template":"","format":"standard","meta":{"footnotes":""},"categories":[273],"tags":[58612,38745,313,312,168,48885,25,24,2814,11662,23,167],"class_list":{"0":"post-219495","1":"post","2":"type-post","3":"status-publish","4":"format-standard","5":"has-post-thumbnail","7":"category-ciclismo","8":"tag-amondarain","9":"tag-amplian","10":"tag-ciclismo","11":"tag-cycling","12":"tag-deportes","13":"tag-eraso","14":"tag-es","15":"tag-espana","16":"tag-idoia","17":"tag-naia","18":"tag-spain","19":"tag-sports"},"share_on_mastodon":{"url":"https:\/\/pubeurope.com\/@es\/115496253091887712","error":""},"_links":{"self":[{"href":"https:\/\/www.europesays.com\/es\/wp-json\/wp\/v2\/posts\/219495","targetHints":{"allow":["GET"]}}],"collection":[{"href":"https:\/\/www.europesays.com\/es\/wp-json\/wp\/v2\/posts"}],"about":[{"href":"https:\/\/www.europesays.com\/es\/wp-json\/wp\/v2\/types\/post"}],"author":[{"embeddable":true,"href":"https:\/\/www.europesays.com\/es\/wp-json\/wp\/v2\/users\/2"}],"replies":[{"embeddable":true,"href":"https:\/\/www.europesays.com\/es\/wp-json\/wp\/v2\/comments?post=219495"}],"version-history":[{"count":0,"href":"https:\/\/www.europesays.com\/es\/wp-json\/wp\/v2\/posts\/219495\/revisions"}],"wp:featuredmedia":[{"embeddable":true,"href":"https:\/\/www.europesays.com\/es\/wp-json\/wp\/v2\/media\/219496"}],"wp:attachment":[{"href":"https:\/\/www.europesays.com\/es\/wp-json\/wp\/v2\/media?parent=219495"}],"wp:term":[{"taxonomy":"category","embeddable":true,"href":"https:\/\/www.europesays.com\/es\/wp-json\/wp\/v2\/categories?post=219495"},{"taxonomy":"post_tag","embeddable":true,"href":"https:\/\/www.europesays.com\/es\/wp-json\/wp\/v2\/tags?post=219495"}],"curies":[{"name":"wp","href":"https:\/\/api.w.org\/{rel}","templated":true}]}}