{"id":219511,"date":"2025-11-05T09:06:14","date_gmt":"2025-11-05T09:06:14","guid":{"rendered":"https:\/\/www.europesays.com\/es\/219511\/"},"modified":"2025-11-05T09:06:14","modified_gmt":"2025-11-05T09:06:14","slug":"las-mejores-series-para-ver-en-noviembre","status":"publish","type":"post","link":"https:\/\/www.europesays.com\/es\/219511\/","title":{"rendered":"las mejores series para ver en noviembre"},"content":{"rendered":"<p class=\"c-paragraph\">S\u00ed, lo sabemos: aunque ya haya pasado Halloween, noviembre ser\u00e1 sin\u00f3nimo del regreso de <b><a href=\"https:\/\/www.20minutos.es\/cinemania\/series\/stranger-things-duracion-capitulos-volumen-1-quinta-temporada_6515315_0.html\" rel=\"nofollow noopener\" target=\"_blank\">Stranger Things<\/a><\/b>. El final del mayor fen\u00f3meno de Netflix llegar\u00e1 el 27 de noviembre y se prolongar\u00e1 hasta enero, pero mientras tanto puedes abrir boca con otras series como el drama de <b><a href=\"https:\/\/www.20minutos.es\/cinemania\/series\/kim-kardashian-todas-las-ley-serie-abogadas-ryan-murphy_6326877_0.html\" rel=\"nofollow noopener\" target=\"_blank\">Todas las de la ley<\/a><\/b>, la tragicomedia de <b>Yakarta <\/b>o el romance young adult de <b>Maxton Hall<\/b>.<\/p>\n<p class=\"c-paragraph\">Estos son algunos de los t\u00edtulos que a lo largo de este mes\u00a0llegan a plataformas\u00a0 como\u00a0<b>Disney+, Movistar Plus+ <\/b>o<b> Amazon Prime Video<\/b>. En\u00a0<b><b><b><b><b><b><b><b><b><b><b><b><b><b><b><b>CINEMAN\u00cdA<\/b><\/b><\/b><\/b><\/b><\/b><\/b><\/b><\/b><\/b><\/b><\/b><\/b><\/b><\/b><\/b>\u00a0hemos hecho una selecci\u00f3n de las mejores para que no te pierdas ninguna y el fr\u00edo se haga m\u00e1s llevadero.<\/p>\n<ul>\n<li class=\"c-picture__list__item\"><a><img decoding=\"async\" loading=\"lazy\" alt=\"'I love LA'\" width=\"990\" height=\"556\" src=\"https:\/\/www.europesays.com\/es\/wp-content\/uploads\/2025\/11\/69089e1c345ef.jpeg\"\/><\/a><\/li>\n<\/ul>\n<ul>\n<li class=\"c-picture__list__item\"><a><img decoding=\"async\" loading=\"lazy\" alt=\"'Todas las de la ley'\" width=\"990\" height=\"556\" src=\"https:\/\/www.europesays.com\/es\/wp-content\/uploads\/2025\/11\/6908a10625599.jpeg\"\/><\/a>\n<p>4 de noviembre [disney+]<\/p>\n<p>Ahora que se ha graduado en Derecho, la socialit\u00e9 Kim Kardashian encabeza este drama legal producido por Ryan Murphy y junto a nombres tan sonados como el de Naomi Watts, Sarah Paulson, Glenn Close o Teyana Taylor en el reparto. Un equipo de abogadas especializadas en divorcios abandonan un bufete dominado por hombres para abrir su propio despacho en Los \u00c1ngeles. Enfrent\u00e1ndose a rupturas, secretos y traiciones, estas mujeres de armas tomar, lengua afilada y looks de esc\u00e1ndalo lograr\u00e1n abrirse paso en un mundo masculino en el que el amor es un campo de batalla y el dinero lo es todo.\u00a0<\/p>\n<\/li>\n<\/ul>\n<ul>\n<li class=\"c-picture__list__item\"><a><img decoding=\"async\" loading=\"lazy\" alt=\"'Yakarta'\" width=\"990\" height=\"556\" src=\"https:\/\/www.europesays.com\/es\/wp-content\/uploads\/2025\/11\/6908a15633588.jpeg\"\/><\/a>\n<p>6 de noviembre [movistar plus+]<\/p>\n<\/li>\n<\/ul>\n<ul>\n<li class=\"c-picture__list__item\"><a><img decoding=\"async\" loading=\"lazy\" alt=\"'Pluribus'\" width=\"990\" height=\"556\" src=\"https:\/\/www.europesays.com\/es\/wp-content\/uploads\/2025\/11\/6908a1e422d38.jpeg\"\/><\/a>\n<p>7 de noviembre [Apple tv+]<\/p>\n<p>Vince Gilligan, creador de &#8216;Breaking Bad&#8217;, es el responsable de esta serie de nueve episodios protagonizada por Rhea Seehorn y ya renovada por una segunda temporada antes de su estreno. Esta serie de ciencia ficci\u00f3n se sit\u00faa en Albuquerque y sigue a la persona m\u00e1s miserable del mundo mientras intenta salvar al mundo de la felicidad.<\/p>\n<\/li>\n<\/ul>\n<ul>\n<li class=\"c-picture__list__item\"><a><img decoding=\"async\" loading=\"lazy\" alt=\"'Maxton Hall'\" width=\"990\" height=\"556\" src=\"https:\/\/www.europesays.com\/es\/wp-content\/uploads\/2025\/11\/6908a2ba99c8c.jpeg\"\/><\/a>\n<p>7 de noviembre [amazon prime video]<\/p>\n<\/li>\n<\/ul>\n<ul>\n<li class=\"c-picture__list__item\"><a><img decoding=\"async\" loading=\"lazy\" alt=\"Imagen promocional de 'The Paper'\" width=\"990\" height=\"556\" src=\"https:\/\/www.europesays.com\/es\/wp-content\/uploads\/2025\/11\/6895e614cc727.jpeg\"\/><\/a>\n<p>14 DE NOVIEMBRE [SKYSHOWTIME]<\/p>\n<p>Greg Daniels, responsable del fen\u00f3meno de &#8216;The Office&#8217;, nos trae esta comedia de diez cap\u00edtulos que funciona a modo de &#8216;spin off&#8217;. Protagonizada por Domhhnall Gleeson y Sabrina Impacciatore y rodada al estilo falso documental, el equipo que inmortaliz\u00f3 la sucursal de Dunder Mifflin en Scranton se centra ahora en el d\u00eda a d\u00eda del &#8216;Toledo Truth-Teller&#8217;, un hist\u00f3rico peri\u00f3dico del Medio Oeste y en su editor, que est\u00e1 intentando revivirlo. Ya se ha confirmado una segunda temporada, pero habr\u00e1 que esperar a ver si est\u00e1 a la altura de su predecesora.<\/p>\n<\/li>\n<\/ul>\n<ul>\n<li class=\"c-picture__list__item\"><a><img decoding=\"async\" loading=\"lazy\" alt=\"'Anatom\u00eda de un instante'\" width=\"990\" height=\"556\" src=\"https:\/\/www.europesays.com\/es\/wp-content\/uploads\/2025\/11\/6908a3df7d995.jpeg\"\/><\/a>\n<p>20 de noviembre [movistar plus+]<\/p>\n<\/li>\n<\/ul>\n<ul>\n<li class=\"c-picture__list__item\"><a><img decoding=\"async\" loading=\"lazy\" alt=\"'Stranger Things' T5\" width=\"990\" height=\"556\" src=\"https:\/\/www.europesays.com\/es\/wp-content\/uploads\/2025\/11\/6908a8b2439e5.jpeg\"\/><\/a>\n<p>27 de noviembre [netflix]<\/p>\n<\/li>\n<\/ul>\n<ul>\n<li class=\"c-picture__list__item\"><a><img decoding=\"async\" loading=\"lazy\" alt=\"'Blue Lights' T3\" width=\"990\" height=\"556\" src=\"https:\/\/www.europesays.com\/es\/wp-content\/uploads\/2025\/11\/6908a6f9ee62a.jpeg\"\/><\/a>\n<p>27 de noviembre [MOVISTAR PLUS+]<\/p>\n<p>Dirigida por Gilles Bannier, sigue a los tres agentes en pr\u00e1cticas de Belfast que conoc\u00edamos en la primera temporada. Dos a\u00f1os despu\u00e9s de su bautismo de fuego, Grace (Sian Brooke), Annie (Katherine Devlin) y Tommy (Nathan Braniff) han aprendido a sobrevivir en las calles. Ahora se enfrentan a un mundo cada vez m\u00e1s complejo donde las l\u00edneas morales se difuminan.<\/p>\n<\/li>\n<\/ul>\n","protected":false},"excerpt":{"rendered":"S\u00ed, lo sabemos: aunque ya haya pasado Halloween, noviembre ser\u00e1 sin\u00f3nimo del regreso de Stranger Things. El final&hellip;\n","protected":false},"author":2,"featured_media":219512,"comment_status":"","ping_status":"","sticky":false,"template":"","format":"standard","meta":{"footnotes":""},"categories":[91],"tags":[146,147,25,24,15355,12072,23,57225,55038],"class_list":{"0":"post-219511","1":"post","2":"type-post","3":"status-publish","4":"format-standard","5":"has-post-thumbnail","7":"category-entretenimiento","8":"tag-entertainment","9":"tag-entretenimiento","10":"tag-es","11":"tag-espana","12":"tag-noviembre","13":"tag-series-de-television","14":"tag-spain","15":"tag-stranger-things","16":"tag-the-office"},"share_on_mastodon":{"url":"https:\/\/pubeurope.com\/@es\/115496300721217175","error":""},"_links":{"self":[{"href":"https:\/\/www.europesays.com\/es\/wp-json\/wp\/v2\/posts\/219511","targetHints":{"allow":["GET"]}}],"collection":[{"href":"https:\/\/www.europesays.com\/es\/wp-json\/wp\/v2\/posts"}],"about":[{"href":"https:\/\/www.europesays.com\/es\/wp-json\/wp\/v2\/types\/post"}],"author":[{"embeddable":true,"href":"https:\/\/www.europesays.com\/es\/wp-json\/wp\/v2\/users\/2"}],"replies":[{"embeddable":true,"href":"https:\/\/www.europesays.com\/es\/wp-json\/wp\/v2\/comments?post=219511"}],"version-history":[{"count":0,"href":"https:\/\/www.europesays.com\/es\/wp-json\/wp\/v2\/posts\/219511\/revisions"}],"wp:featuredmedia":[{"embeddable":true,"href":"https:\/\/www.europesays.com\/es\/wp-json\/wp\/v2\/media\/219512"}],"wp:attachment":[{"href":"https:\/\/www.europesays.com\/es\/wp-json\/wp\/v2\/media?parent=219511"}],"wp:term":[{"taxonomy":"category","embeddable":true,"href":"https:\/\/www.europesays.com\/es\/wp-json\/wp\/v2\/categories?post=219511"},{"taxonomy":"post_tag","embeddable":true,"href":"https:\/\/www.europesays.com\/es\/wp-json\/wp\/v2\/tags?post=219511"}],"curies":[{"name":"wp","href":"https:\/\/api.w.org\/{rel}","templated":true}]}}