{"id":219530,"date":"2025-11-05T09:21:09","date_gmt":"2025-11-05T09:21:09","guid":{"rendered":"https:\/\/www.europesays.com\/es\/219530\/"},"modified":"2025-11-05T09:21:09","modified_gmt":"2025-11-05T09:21:09","slug":"pepa-71-anos-y-pepe-67-una-historia-de-pelicula-que-acaba-en-boda","status":"publish","type":"post","link":"https:\/\/www.europesays.com\/es\/219530\/","title":{"rendered":"Pepa (71 a\u00f1os) y Pepe (67), una historia de pel\u00edcula que acaba en boda"},"content":{"rendered":"<p style=\"\">La historia de <strong>Pepa y Pepe<\/strong> parece sacada de una pel\u00edcula, pero es real como la vida misma, que nunca deja de sorprender. En noviembre de 2024, Pepa, una mujer viuda de 71 a\u00f1os y natural de Puerto Serrano (C\u00e1diz) lleg\u00f3 a la residencia  &#8230; Seniors Tarifa. Esa misma ma\u00f1ana, Lorena Mart\u00ednez, animadora sociocultural del centro, la present\u00f3 al resto de los residentes y la incluy\u00f3 en uno de los grupos para que empezara a familiarizarse con el lugar y hacer din\u00e1micas en equipo. <\/p>\n<p class=\"voc-p\" style=\"\">Y all\u00ed estaba Pepe, un hombre separado de 67 a\u00f1os procedente de Sanlucar de Barrameda (C\u00e1diz) y que vive en esta residencia tras haber dedicado su vida a la exportaci\u00f3n de pescado en Algeciras. \u00abLo suyo fue atracci\u00f3n a primera vista\u00bb, recuerda esta animadora.<\/p>\n<p class=\"voc-p\" style=\"\">A partir de entonces Pepa y Pepe no se han separado. Ella, que tiene una gran energ\u00eda y vitalidad, se ha convertido en su sombra y<strong> le acompa\u00f1a a todas las actividades<\/strong> llev\u00e1ndole en su silla de ruedas y atendi\u00e9ndole a cada cosa que necesita. Los residentes han sido testigos de sus charlas cotidianas, de sus sonrisas espont\u00e1neas, de esta buena relaci\u00f3n que ha conquistado a todos. No tardaron en llegar<strong> los rumores y las bromas<\/strong> sobre su amistad: \u00absiempre juntitos, \u00a1eh?\u00bb, \u00abya no pod\u00e9is estar el uno sin el otro\u00bb&#8230;<\/p>\n<p class=\"voc-p\" style=\"\">Tal era la alegr\u00eda que mostraban al compartir momentos juntos que un d\u00eda Lorena Mart\u00ednez les coment\u00f3 tambi\u00e9n bromeando, \u00abcomo sig\u00e1is as\u00ed <strong>os voy a tener que organizar la boda<\/strong>\u00bb. Lo que en principio fue s\u00f3lo un comentario se convirti\u00f3 en un deseo sin marcha atr\u00e1s. \u00abTanto uno como otro se acercaban a mi oficina y me preguntaban cu\u00e1ndo se iba a celebrar, c\u00f3mo ser\u00eda la ceremonia&#8230; Si me ve\u00edan por el pasillo me dec\u00edan que de qu\u00e9 manera deb\u00edan vestirse&#8230; Me insistieron tanto, les vi con tanta ilusi\u00f3n, que <strong>no me qued\u00f3 m\u00e1s remedio<\/strong> que planificar una ceremonia para ensalzar su relaci\u00f3n y demostrar abiertamente que <a href=\"https:\/\/www.abc.es\/familia\/mayores\/edadismo-20250527181243-nt.html\" target=\"_self\" data-voc-vtm-id=\"in-text-traffic\" title=\"el amor no tiene edad ni entiende de l\u00edmites ni convencionalismos\" data-mrf-link=\"www.abc.es\" rel=\"nofollow noopener\">el amor no tiene edad ni entiende de l\u00edmites ni convencionalismos<\/a>\u00ab.<\/p>\n<p class=\"voc-p\" style=\"\">Con el apoyo de varios compa\u00f1eros, esta animadora organiz\u00f3 todo para realizar el sue\u00f1o de estos dos residentes. Prepar\u00f3 un vestido de dos piezas para Pepa <strong>con una mantilla y una diadema a juego con flores<\/strong>, mientras \u00e9l vest\u00eda traje, aunque finalmente no se puso la chaqueta por el excesivo calor que hac\u00eda el pasado 9 de julio. La ceremonia para ensalzar su amor se celebr\u00f3 en la sala de visitas del centro. All\u00ed acudieron cerca de<strong> 60 personas<\/strong> entre residentes, profesionales del centro y familiares de &#8216;los novios&#8217;. <\/p>\n<p><img decoding=\"async\" loading=\"lazy\" src=\"https:\/\/www.europesays.com\/es\/wp-content\/uploads\/2025\/11\/tarta-U05213254340qZH-760x887@diario_abc.jpg\" class=\"voc-img\" width=\"760\" height=\"887\" alt=\"Detalle de la tarta que les prepararon para esta fiesta del amor que vivieron como si de una verdadera boda se tratara\" data-voc-vtm-id=\"in-text-traffic\"\/><\/p>\n<p>Detalle de la tarta que les prepararon para esta fiesta del amor que vivieron como si de una verdadera boda se tratara<\/p>\n<p class=\"voc-p\" style=\"\">\u00abAl comienzo del emotivo encuentro -recuerda Lorena Mart\u00ednez- un compa\u00f1ero dio un peque\u00f1o discurso para poner en valor la importancia del amor en las personas mayores, de la ilusi\u00f3n por vivir, por encontrar <strong>compa\u00f1eros de vida<\/strong> que te escuchan, te apoyan y acompa\u00f1an. Un nieto de Pepa hizo de su padrino, y una de nuestras gobernantas de madrina de Pepe. Los dos hablaron y dieron las gracias por organizar la ceremonia y transmitieron lo felices que se sent\u00edan por la celebraci\u00f3n\u00bb.<\/p>\n<p class=\"voc-p\" style=\"\">Posteriormente, varias compa\u00f1eras del centro Seniors Tarifa hicieron una actuaci\u00f3n y cantaron canciones. \u00abOrganizamos <strong>un aperitivo, el baile<\/strong> y culminamos la celebraci\u00f3n con<strong> una tarta<\/strong> con sus correspondientes mu\u00f1ecos de boda\u00bb, destaca Mart\u00ednez.<\/p>\n<p class=\"voc-p\" style=\"\">A\u00f1ade que este tipo de actos demuestra c\u00f3mo en los centros residenciales no s\u00f3lo hay que atender la salud f\u00edsica de los mayores, sino tambi\u00e9n la emocional. \u00abLa atenci\u00f3n siempre debe estar centrada en las personas, en sus preferencias, gustos, pretensiones e ilusiones. Se trata de transformar vidas a trav\u00e9s de<strong> experiencias aut\u00e9nticas y humanas<\/strong>. Es una peque\u00f1a demostraci\u00f3n para que todos los que fuimos testigos tengamos muy presente que aunque se tengan muchos a\u00f1os s<strong>iempre hay que tener ganas de vivir y de comenzar algo nuevo<\/strong>\u00bb.<\/p>\n","protected":false},"excerpt":{"rendered":"La historia de Pepa y Pepe parece sacada de una pel\u00edcula, pero es real como la vida misma,&hellip;\n","protected":false},"author":2,"featured_media":219531,"comment_status":"","ping_status":"","sticky":false,"template":"","format":"standard","meta":{"footnotes":""},"categories":[174],"tags":[2887,988,3158,255,146,147,25,24,256,448,1257,21518,13311,23],"class_list":{"0":"post-219530","1":"post","2":"type-post","3":"status-publish","4":"format-standard","5":"has-post-thumbnail","7":"category-famosos","8":"tag-acaba","9":"tag-anos","10":"tag-boda","11":"tag-celebrities","12":"tag-entertainment","13":"tag-entretenimiento","14":"tag-es","15":"tag-espana","16":"tag-famosos","17":"tag-historia","18":"tag-pelicula","19":"tag-pepa","20":"tag-pepe","21":"tag-spain"},"share_on_mastodon":{"url":"https:\/\/pubeurope.com\/@es\/115496359483870754","error":""},"_links":{"self":[{"href":"https:\/\/www.europesays.com\/es\/wp-json\/wp\/v2\/posts\/219530","targetHints":{"allow":["GET"]}}],"collection":[{"href":"https:\/\/www.europesays.com\/es\/wp-json\/wp\/v2\/posts"}],"about":[{"href":"https:\/\/www.europesays.com\/es\/wp-json\/wp\/v2\/types\/post"}],"author":[{"embeddable":true,"href":"https:\/\/www.europesays.com\/es\/wp-json\/wp\/v2\/users\/2"}],"replies":[{"embeddable":true,"href":"https:\/\/www.europesays.com\/es\/wp-json\/wp\/v2\/comments?post=219530"}],"version-history":[{"count":0,"href":"https:\/\/www.europesays.com\/es\/wp-json\/wp\/v2\/posts\/219530\/revisions"}],"wp:featuredmedia":[{"embeddable":true,"href":"https:\/\/www.europesays.com\/es\/wp-json\/wp\/v2\/media\/219531"}],"wp:attachment":[{"href":"https:\/\/www.europesays.com\/es\/wp-json\/wp\/v2\/media?parent=219530"}],"wp:term":[{"taxonomy":"category","embeddable":true,"href":"https:\/\/www.europesays.com\/es\/wp-json\/wp\/v2\/categories?post=219530"},{"taxonomy":"post_tag","embeddable":true,"href":"https:\/\/www.europesays.com\/es\/wp-json\/wp\/v2\/tags?post=219530"}],"curies":[{"name":"wp","href":"https:\/\/api.w.org\/{rel}","templated":true}]}}