{"id":219549,"date":"2025-11-05T09:33:11","date_gmt":"2025-11-05T09:33:11","guid":{"rendered":"https:\/\/www.europesays.com\/es\/219549\/"},"modified":"2025-11-05T09:33:11","modified_gmt":"2025-11-05T09:33:11","slug":"esta-imagen-de-felipe-vi-y-el-sultan-de-oman-llama-poderosamente-la-atencion-por-un-detalle-ha-pasado-mas-veces","status":"publish","type":"post","link":"https:\/\/www.europesays.com\/es\/219549\/","title":{"rendered":"Esta imagen de Felipe VI y el sult\u00e1n de Oman llama poderosamente la atenci\u00f3n por un detalle: ha pasado m\u00e1s veces"},"content":{"rendered":"<p><a href=\"https:\/\/www.huffingtonpost.es\/virales\/una-experta-casa-real-ve-reina-letizia-cena-gala-comparacion-sorprendente.html\" rel=\"nofollow noopener\" target=\"_blank\">La cena de este mi\u00e9rcoles en el Palacio Real<\/a> entre los reyes Felipe VI y Letizia y <b>la comitiva encabezada por el sult\u00e1n de Om\u00e1n,\u00a0Haitham Bin Tarik<\/b>, que se encuentra de gira internacional, no ha sido una m\u00e1s, ya que desde <a href=\"https:\/\/www.huffingtonpost.es\/virales\/el-comentado-gesto-sultan-oman-letizia-reina-con-reserva-acaba-cediendo-cortesia.html\" rel=\"nofollow noopener\" target=\"_blank\">hac\u00eda m\u00e1s de dos a\u00f1os que los reyes no recib\u00edan<\/a> en Espa\u00f1a a un mandatario internacional con los m\u00e1ximos honores.<\/p>\n<p>La visita de\u00a0Haitham Bin Tarik, que ten\u00eda como objetivo principal el de <b>solidificar las relaciones bilaterales entre ambos pa\u00edses<\/b>, se cerr\u00f3\u00a0con una cena de gala tras una completa jornada cargada de actos simb\u00f3licos.<\/p>\n<p>Por ejemplo, se condecor\u00f3 <b>al Sult\u00e1n con\u00a0el gran collar de la Orden de Isabel la Cat\u00f3lica<\/b>, mientras que\u00a0Felipe VI ha recibido el Collar de la Orden de Al Said, y la Letizia el de la Orden de Om\u00e1n.<\/p>\n<p>Durante la cena, que se hizo en\u00a0el Comedor de Gala del Palacio Real, se pronunciaron varios discursos, entre ellos, el de bienvenida de <b>Felipe VI, que quiso agradecer su visita y mostr\u00f3\u00a0su \u00abafecto, admiraci\u00f3n y gratitud\u00bb<\/b> a Haitham Bin Tarik. Este tambi\u00e9n intervino en la velada y destac\u00f3 la amistad y las buenas relaciones entre Espa\u00f1a y Om\u00e1n existentes tras el legado de muchos a\u00f1os de \u00abintercambio cultural y respeto mutuo\u00bb.<\/p>\n<p>Tras esas palabras, los reyes, el Sult\u00e1n y todos los invitados comenzaron a cenar. Sin embargo, como se puede ver en las im\u00e1genes, no ha habido brindis tras estos discursos y las copas de Felipe VI y de\u00a0Haitham Bin Tarik eran diferentes, ya que las de los representantes nacionales pod\u00edan contener vino o cava y <b>las de la delegaci\u00f3n oman\u00ed \u00fanicamente agua<\/b> (o en su defecto alg\u00fan tipo de zumo natural) al no beber alcohol.\u00a0<\/p>\n<p>La explicaci\u00f3n de los expertos<\/p>\n<p><b>Diana Rubio, experta en protocolo, imagen, comunicaci\u00f3n y eventos<\/b>, ha ense\u00f1ado esta estampa de ambos representantes y ha querido analizar todo lo que significa y los motivos que han llevado a que se produzca.<\/p>\n<p>\u00abFijaros en las copas de los Reyes y las del Sult\u00e1n de Om\u00e1n e invitados de honor.  <b>Recordemos que los musulmanes no beben alcohol<\/b> y brindar con agua, seg\u00fan la tradici\u00f3n espa\u00f1ola, da mala suerte, por lo que no ha habido brindis tras los discursos \ud83d\ude09\u00bb, ha escrito la especialista.\u00a0<\/p>\n<p>Adem\u00e1s, esta tradici\u00f3n se repite cada vez que viene un representante \u00e1rabe. Por ejemplo, con la visita <b>en junio del 2023 de los reyes de Jordania <\/b>ya se vio una distribuci\u00f3n de copas igual y tampoco se hizo el brindis.<\/p>\n<p>\u00a0<\/p>\n","protected":false},"excerpt":{"rendered":"La cena de este mi\u00e9rcoles en el Palacio Real entre los reyes Felipe VI y Letizia y la&hellip;\n","protected":false},"author":2,"featured_media":219550,"comment_status":"","ping_status":"","sticky":false,"template":"","format":"standard","meta":{"footnotes":""},"categories":[8],"tags":[17,18,6042,25,24,13,14,11439,11,19,20,6041,9,10,15,16,23,12,21,22],"class_list":{"0":"post-219549","1":"post","2":"type-post","3":"status-publish","4":"format-standard","5":"has-post-thumbnail","7":"category-espana","8":"tag-breaking-news","9":"tag-breakingnews","10":"tag-casa-real","11":"tag-es","12":"tag-espana","13":"tag-featured-news","14":"tag-featurednews","15":"tag-felipe-vi","16":"tag-headlines","17":"tag-latest-news","18":"tag-latestnews","19":"tag-monarquia","20":"tag-news","21":"tag-noticias","22":"tag-noticias-destacadas","23":"tag-noticiasdestacadas","24":"tag-spain","25":"tag-titulares","26":"tag-ultimas-noticias","27":"tag-ultimasnoticias"},"share_on_mastodon":{"url":"https:\/\/pubeurope.com\/@es\/115496406572549849","error":""},"_links":{"self":[{"href":"https:\/\/www.europesays.com\/es\/wp-json\/wp\/v2\/posts\/219549","targetHints":{"allow":["GET"]}}],"collection":[{"href":"https:\/\/www.europesays.com\/es\/wp-json\/wp\/v2\/posts"}],"about":[{"href":"https:\/\/www.europesays.com\/es\/wp-json\/wp\/v2\/types\/post"}],"author":[{"embeddable":true,"href":"https:\/\/www.europesays.com\/es\/wp-json\/wp\/v2\/users\/2"}],"replies":[{"embeddable":true,"href":"https:\/\/www.europesays.com\/es\/wp-json\/wp\/v2\/comments?post=219549"}],"version-history":[{"count":0,"href":"https:\/\/www.europesays.com\/es\/wp-json\/wp\/v2\/posts\/219549\/revisions"}],"wp:featuredmedia":[{"embeddable":true,"href":"https:\/\/www.europesays.com\/es\/wp-json\/wp\/v2\/media\/219550"}],"wp:attachment":[{"href":"https:\/\/www.europesays.com\/es\/wp-json\/wp\/v2\/media?parent=219549"}],"wp:term":[{"taxonomy":"category","embeddable":true,"href":"https:\/\/www.europesays.com\/es\/wp-json\/wp\/v2\/categories?post=219549"},{"taxonomy":"post_tag","embeddable":true,"href":"https:\/\/www.europesays.com\/es\/wp-json\/wp\/v2\/tags?post=219549"}],"curies":[{"name":"wp","href":"https:\/\/api.w.org\/{rel}","templated":true}]}}