{"id":219553,"date":"2025-11-05T09:40:19","date_gmt":"2025-11-05T09:40:19","guid":{"rendered":"https:\/\/www.europesays.com\/es\/219553\/"},"modified":"2025-11-05T09:40:19","modified_gmt":"2025-11-05T09:40:19","slug":"la-vuelta-ciclista-a-lanzarote-abre-las-inscripciones-par","status":"publish","type":"post","link":"https:\/\/www.europesays.com\/es\/219553\/","title":{"rendered":"La Vuelta Ciclista a Lanzarote abre las inscripciones par&#8230;"},"content":{"rendered":"<p>                    El 3 y 4 de octubre de 2026 se celebrar\u00e1 una nueva edici\u00f3n de esta marcha cicloturista organizada por Club La Santa y que bajo el concepto de \u201cCiclismo para todos\u201d volver\u00e1 a recorrer los siete municipios de la isla.<\/p>\n<p class=\"c-news-list__author\">Ciclismoafondo.es. Fotos: Vuelta Ciclista a Lanzarote<\/p>\n<p class=\"c-mainarticle__date\">\n<p>                    4 de noviembre de 2025 (09:32 CET)<\/p>\n<p>                                                                                                                                        <img fetchpriority=\"high\" decoding=\"async\" src=\"https:\/\/www.europesays.com\/es\/wp-content\/uploads\/2025\/11\/carlos-verona-participo-en-la-segunda-edicion-de-la-vuelta-ciclista-a-lanzarote.jpeg\" alt=\"Carlos Verona particip\u00f3 en la segunda edici\u00f3n de la Vuelta Ciclista a Lanzarote\" title=\"Carlos Verona particip\u00f3 en la segunda edici\u00f3n de la Vuelta Ciclista a Lanzarote\" class=\"c-mainarticle__img\" loading=\"eager\" width=\"790\" height=\"454\"\/><\/p>\n<p>                    Carlos Verona particip\u00f3 en la segunda edici\u00f3n de la Vuelta Ciclista a Lanzarote<\/p>\n<p>Despu\u00e9s de un debut hist\u00f3rico y <a data-external=\"1\" href=\"https:\/\/www.ciclismoafondo.es\/cicloturismo\/marchas-cicloturistas\/cicloturismo-en-lanzarote-mi-segunda-edicion-vuelta-ciclista-lanzarote_317145_102.html\" rel=\"nofollow noopener\" target=\"_blank\" title=\"una segunda entrega que ha superado aquel gran arranque\">una segunda entrega que ha superado aquel gran arranque<\/a>,<strong> Vuelta Ciclista a Lanzarote <\/strong>no para y ya ultima los preparativos para su edici\u00f3n de 2026, que se celebrar\u00e1 el fin de semana del <strong>3 y 4 de octubre<\/strong>. De hecho, <strong><a data-external=\"1\" href=\"https:\/\/www.clublasanta.com\/es\/eventos\/vuelta-ciclista-a-lanzarote\" rel=\"nofollow noopener\" target=\"_blank\" title=\"las inscripciones para el a\u00f1o que viene ya est\u00e1n abiertas\">las inscripciones para el a\u00f1o que viene ya est\u00e1n abiertas<\/a><\/strong> con el concepto del \u201cCiclismo para todos\u201d como bandera.<\/p>\n<p>En la marcha de este a\u00f1o, ciclistas reconocidos como Carlos Verona, Lourdes Oyarbide, Luis Pasamontes, Anita Gonz\u00e1lez o Anne Haug conformaron <strong>un pelot\u00f3n de \u00e9lite que rod\u00f3 junto a m\u00e1s de 600 ciclistas aficionados procedentes de 28 pa\u00edses.<\/strong> Un evento que no ha modificado su principal foco, potenciar el ciclismo y transmitir la importancia de la vida activa entre los habitantes de toda la isla.<\/p>\n<p><img decoding=\"async\" loading=\"lazy\" alt=\"vuelta ciclista a lanzarote 2 790x454\" data-id=\"14604281\" data-resize=\"null\" height=\"454\" src=\"https:\/\/www.europesays.com\/es\/wp-content\/uploads\/2025\/11\/vuelta-ciclista-a-lanzarote-2-790x454.jpeg\" title=\"vuelta ciclista a lanzarote 2 790x454\" width=\"790\"\/><\/p>\n<p>Precisamente ah\u00ed reside uno de los ejes que sostienen la marcha:<strong> recorrer todos los siete municipios de Lanzarote <\/strong>(Arrecife, Har\u00eda, San Bartolom\u00e9, Teguise, T\u00edas, Tinajo y Yaiza) <strong>para atravesar la isla de principio a fin<\/strong>. Al \u00e9xito de esta prueba cicloturista tambi\u00e9n contribuyen el <strong>ambiente festivo<\/strong> y los <strong>puntos de avituallamiento convertidos en fan zones<\/strong>, aut\u00e9nticos puntos de uni\u00f3n entre ciclistas amateurs, profesionales y espectadores. En esta \u00faltima edici\u00f3n de Vuelta Ciclista a Lanzarote tambi\u00e9n se estren\u00f3 <a data-external=\"1\" href=\"https:\/\/www.youtube.com\/watch?v=DDHGBUw4OMU\" rel=\"nofollow noopener\" target=\"_blank\" title=\"la canci\u00f3n oficial de la prueba\">la canci\u00f3n oficial de la prueba<\/a> interpretada por Samuel Herrera Pulido.<\/p>\n<p>Una vez m\u00e1s, el Gobierno de Canarias, Turismo de Islas Canarias, Lanzarote Sports Destination, el Cabildo insular, los siete municipios de la isla y las Federaciones Canaria y Espa\u00f1ola de Ciclismo<strong> respaldar\u00e1n este evento<\/strong><b> <\/b><\/p>\n<p><img decoding=\"async\" loading=\"lazy\" alt=\"la vuelta ciclista a lanzarote 2025 ya calienta motores 2 790x454\" data-id=\"14604290\" data-resize=\"null\" height=\"454\" src=\"https:\/\/www.europesays.com\/es\/wp-content\/uploads\/2025\/11\/la-vuelta-ciclista-a-lanzarote-2025-ya-calienta-motores-2-790x454.jpeg\" title=\"la vuelta ciclista a lanzarote 2025 ya calienta motores 2 790x454\" width=\"790\"\/><\/p>\n<p>Los eventos deportivos internacionales, apoyados desde las instituciones y con la experiencia y liderazgo de Club La Santa por detr\u00e1s, garantizan que Lanzarote reciba un turismo de m\u00e1xima calidad y que aporta un valor a\u00f1adido a m\u00faltiples sectores. Para disfrutar de los ex\u00f3ticos paisajes de la isla en bicicleta y con el tr\u00e1fico cerrado, lo cual supone una experiencia \u00fanica, <strong>puedes registrarte ya en el siguiente enlace:<\/strong> <a data-external=\"1\" href=\"https:\/\/www.clublasanta.com\/es\/eventos\/vuelta-ciclista-a-lanzarote\" rel=\"nofollow noopener\" target=\"_blank\" title=\"https:\/\/www.clublasanta.com\/es\/eventos\/vuelta-ciclista-a-lanzarote\">https:\/\/www.clublasanta.com\/es\/eventos\/vuelta-ciclista-a-lanzarote<\/a>.\u00a0<\/p>\n<p><strong>En <a data-external=\"1\" href=\"https:\/\/www.clublasanta.com\/es\" rel=\"nofollow noopener\" target=\"_blank\" title=\"Club La Santa\">Club La Santa<\/a>, el ciclismo no descansa. <\/strong>Para no esperar hasta Vuelta Ciclista a Lanzarote de octubre, el complejo hotelero deportivo <strong>organizar\u00e1 una nueva edici\u00f3n de <a data-external=\"1\" href=\"https:\/\/www.clublasanta.com\/es\/4stagemtb\" rel=\"nofollow noopener\" target=\"_blank\" title=\"la 4 Stage MTB Race Lanzarote\">la 4 Stage MTB Race Lanzarote<\/a><\/strong> un mes antes. La 24\u00aa entrega de la prueba se celebrar\u00e1 <strong>del 3 al 6 de septiembre de 2026,<\/strong> de jueves a domingo, en lugar de en el mes de enero como en otras ediciones. Este evento UCI de mountain bike supone un gran desaf\u00edo tanto para los ciclistas de \u00e9lite como para los aficionados que se animen a ponerse a prueba.<\/p>\n<p>\u00a0<\/p>\n","protected":false},"excerpt":{"rendered":"El 3 y 4 de octubre de 2026 se celebrar\u00e1 una nueva edici\u00f3n de esta marcha cicloturista organizada&hellip;\n","protected":false},"author":2,"featured_media":219554,"comment_status":"","ping_status":"","sticky":false,"template":"","format":"standard","meta":{"footnotes":""},"categories":[273],"tags":[313,312,168,25,24,23,167],"class_list":{"0":"post-219553","1":"post","2":"type-post","3":"status-publish","4":"format-standard","5":"has-post-thumbnail","7":"category-ciclismo","8":"tag-ciclismo","9":"tag-cycling","10":"tag-deportes","11":"tag-es","12":"tag-espana","13":"tag-spain","14":"tag-sports"},"share_on_mastodon":{"url":"https:\/\/pubeurope.com\/@es\/115496434290449032","error":""},"_links":{"self":[{"href":"https:\/\/www.europesays.com\/es\/wp-json\/wp\/v2\/posts\/219553","targetHints":{"allow":["GET"]}}],"collection":[{"href":"https:\/\/www.europesays.com\/es\/wp-json\/wp\/v2\/posts"}],"about":[{"href":"https:\/\/www.europesays.com\/es\/wp-json\/wp\/v2\/types\/post"}],"author":[{"embeddable":true,"href":"https:\/\/www.europesays.com\/es\/wp-json\/wp\/v2\/users\/2"}],"replies":[{"embeddable":true,"href":"https:\/\/www.europesays.com\/es\/wp-json\/wp\/v2\/comments?post=219553"}],"version-history":[{"count":0,"href":"https:\/\/www.europesays.com\/es\/wp-json\/wp\/v2\/posts\/219553\/revisions"}],"wp:featuredmedia":[{"embeddable":true,"href":"https:\/\/www.europesays.com\/es\/wp-json\/wp\/v2\/media\/219554"}],"wp:attachment":[{"href":"https:\/\/www.europesays.com\/es\/wp-json\/wp\/v2\/media?parent=219553"}],"wp:term":[{"taxonomy":"category","embeddable":true,"href":"https:\/\/www.europesays.com\/es\/wp-json\/wp\/v2\/categories?post=219553"},{"taxonomy":"post_tag","embeddable":true,"href":"https:\/\/www.europesays.com\/es\/wp-json\/wp\/v2\/tags?post=219553"}],"curies":[{"name":"wp","href":"https:\/\/api.w.org\/{rel}","templated":true}]}}