{"id":219555,"date":"2025-11-05T09:42:11","date_gmt":"2025-11-05T09:42:11","guid":{"rendered":"https:\/\/www.europesays.com\/es\/219555\/"},"modified":"2025-11-05T09:42:11","modified_gmt":"2025-11-05T09:42:11","slug":"un-espanol-cerca-de-hacer-historia-con-fuerza-regia","status":"publish","type":"post","link":"https:\/\/www.europesays.com\/es\/219555\/","title":{"rendered":"Un espa\u00f1ol cerca de hacer historia con Fuerza Regia"},"content":{"rendered":"<p class=\"ft-text\">El <strong>Fuerza Regia<\/strong> del campe\u00f3n mundial espa\u00f1ol <a class=\"ft-link ft-link--decoration\" href=\"https:\/\/www.superdeporte.es\/tags\/pierre-oriola\/\" target=\"_blank\" rel=\"nofollow noopener\">Pierre Oriola<\/a>, se recuper\u00f3 de un inicio lento para vencer este martes por 87-78 a los Diablos Rojos y tomar ventaja de 2-0 en la final de la Liga Mexicana de Baloncesto profesional.<\/p>\n<p class=\"ft-text\">Con parciales de 19-24, 23-17, 20-19, 25-18, el equipo del <strong>entrenador espa\u00f1ol Pablo Garc\u00eda<\/strong>, se acerc\u00f3 a su s\u00e9ptimo t\u00edtulo de liga, al llegar a la mitad de los cuatro triunfos que necesita para ser campe\u00f3n.<\/p>\n<p class=\"ft-text\">Liderados por el venezolano Michael Carrera, con 16 puntos, los Diablos del estratega argentino Nicol\u00e1s Casal\u00e1nguida, campeones defensores, dominaron en una primera mitad de gran consistencia en la que defendieron bien y estuvieron exactos en el ataque para irse delante por 24-19.<\/p>\n<p class=\"ft-text\">En el segundo cuarto, la defensa de los locales ya no fue tan efectiva, Carrera pes\u00f3 poco y los regios le dieron la vuelta al duelo; a 28 segundos del final, Joshua Ibarra convirti\u00f3 dos puntos y puso delante a los visitantes, 42-41.<\/p>\n<p class=\"ft-text\">Trepidante fue el tercer parcial, en el que el Fuerza regia, encabezado por Scott Bamforth, fue superior con una gran efectividad en los disparos de larga distancia; llegaron los de Monterrey a tener ventaja de 11 puntos, pero los capitalinos cerraron mejor.<\/p>\n<p><img decoding=\"async\" src=\"https:\/\/www.europesays.com\/es\/wp-content\/uploads\/2025\/11\/c6bfaea2-75e5-4849-94ba-7107691d26df_alta-libre-aspect-ratio_default_0.jpg\" width=\"1200\" height=\"800\" alt=\"Brancou Badio frente al extaronja Pierre Oriola\" class=\"ft-helper-img-rd\" loading=\"lazy\"\/><\/p>\n<p class=\"ft-helper-fontColor-quaternary ft-helper-fontSize-body-S ft-helper-spacer-t-xxs\">Brancou Badio frente al extaronja Pierre Oriola  \/ ACB Photo \/ Pol Puertas<\/p>\n<p class=\"ft-text\">A minuto y medio del cierre, Michael Smith, que hab\u00eda estado err\u00e1tico en los tiros de tres puntos, logr\u00f3 su primero para empatar 60-60. Sin embargo, Yahel Bonilla perdi\u00f3 un bal\u00f3n y Avry Holmes puso delante al Furia Regia, 62-60.<\/p>\n<p class=\"ft-text\">Diablos comenz\u00f3 bien en el \u00faltimo parcial, el let\u00f3n Kriss Helmaniss empat\u00f3 62-62 y estremeci\u00f3 la Arena Juan de la Barrera, colmada de aficionados a favor de los de la capital.<\/p>\n<p>\u00daltimo cuerto espectacular<\/p>\n<p class=\"ft-text\">Cuando mejor parec\u00eda estar el equipo de Casal\u00e1nguida, los norte\u00f1os tuvieron una reacci\u00f3n casi s\u00edsmica. A 8:21 del cierre Josh\u00faa Ibarra anot\u00f3 su primera canasta de la segunda mitad y le dio a los regios una ventaja de 64-62 que despu\u00e9s de eso ampliaron ante un rival desdibujado.<\/p>\n<p class=\"ft-text\">Con la defensa menos efectiva y un bajo rendimiento en la pintura, Diablos vio alejarse a su rival, que a cinco minutos del final ten\u00eda cuatro puntos de ventaja, pero a tres, ya estaba arriba por 79-69. El resto fue esperar el paso del tiempo.<\/p>\n<p>Oriola, destacado en el rebote<\/p>\n<p class=\"ft-text\">\u00abDiablos es el actual campe\u00f3n, con buenos jugadores y debemos ser humildes; de momento debemos tener los pies en el suelo, la cabeza fr\u00eda y pensar nada m\u00e1s en el partido del viernes\u00bb, dijo Oriola, campe\u00f3n mundial con Espa\u00f1a en el 2019, quien <strong>anot\u00f3 cuatro puntos y tuvo nueve rebotes<\/strong>.<\/p>\n<p class=\"ft-text\">Por el Fuerza Regia, Bamforth anot\u00f3 25 puntos, y por los Diablos, Carrera hizo 22. La serie, que terminar\u00e1 cuando uno de los dos equipos gane cuatro veces, se reanudar\u00e1 el viernes en Monterrey, casa de los regios.<\/p>\n","protected":false},"excerpt":{"rendered":"El Fuerza Regia del campe\u00f3n mundial espa\u00f1ol Pierre Oriola, se recuper\u00f3 de un inicio lento para vencer este&hellip;\n","protected":false},"author":2,"featured_media":219556,"comment_status":"","ping_status":"","sticky":false,"template":"","format":"standard","meta":{"footnotes":""},"categories":[269],"tags":[302,299,1918,298,168,25,24,8196,448,2918,1906,58618,23,167,235,2916],"class_list":{"0":"post-219555","1":"post","2":"type-post","3":"status-publish","4":"format-standard","5":"has-post-thumbnail","7":"category-baloncesto","8":"tag-acb","9":"tag-baloncesto","10":"tag-basket","11":"tag-basketball","12":"tag-deportes","13":"tag-es","14":"tag-espana","15":"tag-ex","16":"tag-historia","17":"tag-la-liga","18":"tag-mexico","19":"tag-pierre-oriola","20":"tag-spain","21":"tag-sports","22":"tag-valencia","23":"tag-valencia-basket"},"share_on_mastodon":{"url":"https:\/\/pubeurope.com\/@es\/115496442212870299","error":""},"_links":{"self":[{"href":"https:\/\/www.europesays.com\/es\/wp-json\/wp\/v2\/posts\/219555","targetHints":{"allow":["GET"]}}],"collection":[{"href":"https:\/\/www.europesays.com\/es\/wp-json\/wp\/v2\/posts"}],"about":[{"href":"https:\/\/www.europesays.com\/es\/wp-json\/wp\/v2\/types\/post"}],"author":[{"embeddable":true,"href":"https:\/\/www.europesays.com\/es\/wp-json\/wp\/v2\/users\/2"}],"replies":[{"embeddable":true,"href":"https:\/\/www.europesays.com\/es\/wp-json\/wp\/v2\/comments?post=219555"}],"version-history":[{"count":0,"href":"https:\/\/www.europesays.com\/es\/wp-json\/wp\/v2\/posts\/219555\/revisions"}],"wp:featuredmedia":[{"embeddable":true,"href":"https:\/\/www.europesays.com\/es\/wp-json\/wp\/v2\/media\/219556"}],"wp:attachment":[{"href":"https:\/\/www.europesays.com\/es\/wp-json\/wp\/v2\/media?parent=219555"}],"wp:term":[{"taxonomy":"category","embeddable":true,"href":"https:\/\/www.europesays.com\/es\/wp-json\/wp\/v2\/categories?post=219555"},{"taxonomy":"post_tag","embeddable":true,"href":"https:\/\/www.europesays.com\/es\/wp-json\/wp\/v2\/tags?post=219555"}],"curies":[{"name":"wp","href":"https:\/\/api.w.org\/{rel}","templated":true}]}}